{"id":7115,"date":"2025-05-12T12:05:42","date_gmt":"2025-05-12T12:05:42","guid":{"rendered":"https:\/\/syri.tv\/?p=7115"},"modified":"2025-05-12T12:05:42","modified_gmt":"2025-05-12T12:05:42","slug":"viktor-cakiqi-po-shenon-histori-behet-edhe-kampion-i-gjermanise","status":"publish","type":"post","link":"https:\/\/syri.tv\/?p=7115","title":{"rendered":"Viktor Cakiqi po sh\u00ebnon histori, behet edhe kampion i Gjermanis\u00eb"},"content":{"rendered":"<p>&nbsp;<\/p>\n<p>Gjate fundjav\u00ebs ne Potsdam t\u00eb Gjermanis\u00eb u zhvillua gala e shtat\u00eb nd\u00ebrkomb\u00ebtare e boksit profesionist t\u00eb Kuc Boxing Promotion, e cila u transmetua drejtp\u00ebrdrejt n\u00eb BILD+. Ndeshja kryesore e mbr\u00ebmjes ishte p\u00ebr Kampionatin Gjerman t\u00eb Peshave t\u00eb Ul\u00ebta (BDB) \u2013 nj\u00eb titull historia e t\u00eb cilit daton q\u00eb nga viti 1921. Cakiqi konsiderohet nj\u00eb talent i madh nga Berlini dhe trajnohet nga askush tjet\u00ebr p\u00ebrve\u00e7 trajnerit yll Georg Bramowski. Ai s\u00eb fundmi n\u00ebnshkroi nj\u00eb kontrat\u00eb me Almin Kuc dhe debutoi n\u00ebn promovimin e tij \u2013 q\u00eb ishte edhe ngjarja kryesore. Pritjet p\u00ebr talentin e ri ishin p\u00ebrkat\u00ebsisht t\u00eb larta: Ai jo vet\u00ebm q\u00eb duhej t\u00eb fitonte, por edhe t\u00eb bindte. Ai kishte fjal\u00eb lavd\u00ebruese nga shum\u00eb figura t\u00eb m\u00ebdha t\u00eb sken\u00ebs s\u00eb boksit q\u00eb ishin mbledhur n\u00eb MBS Arena &#8211; p\u00ebrfshir\u00eb Ulli Wegner, Arthur Abraham, J\u00fcrgen Brwhmer, Karo Murat, Michel Trabant dhe boksierin kubanes t\u00eb klasit bot\u00ebror Osleys Iglesias. K\u00ebshtu, Cakiqi luftoi 10 runde me boksierin gjerman Justin Schmager ku edhe kishte rr\u00ebzuar 3 her\u00eb n\u00eb dysheme, por befasisht kund\u00ebrshtari edhe pse pranonte drushta t\u00eb fort\u00eb s\u00ebrish u qonte dhe vazhdonte luft\u00ebn. Kjo p\u00ebrballje ishte e ndjekur shum\u00eb edhe nga fansat e dyja pal\u00ebve q\u00eb n\u00eb fund fansat shqiptar shpalos\u00ebn edhe flamurin shqiptar dhe duke k\u00ebndua k\u00ebnga shqipe.<\/p>\n<p><img loading=\"lazy\" loading=\"lazy\" decoding=\"async\" class=\"alignnone size-medium wp-image-7116\" src=\"https:\/\/syri.tv\/wp-content\/uploads\/2025\/05\/IMG-20250512-WA0005-285x300.jpg\" alt=\"\" width=\"285\" height=\"300\" srcset=\"https:\/\/syri.tv\/wp-content\/uploads\/2025\/05\/IMG-20250512-WA0005-285x300.jpg 285w, https:\/\/syri.tv\/wp-content\/uploads\/2025\/05\/IMG-20250512-WA0005-768x807.jpg 768w, https:\/\/syri.tv\/wp-content\/uploads\/2025\/05\/IMG-20250512-WA0005-860x904.jpg 860w, https:\/\/syri.tv\/wp-content\/uploads\/2025\/05\/IMG-20250512-WA0005.jpg 878w\" sizes=\"auto, (max-width: 285px) 100vw, 285px\" \/><\/p>\n<p>Kjo fitore e madhe, djaloshin me prejardhje nga Podujeva e ngjet n\u00eb top 40 e bot\u00ebs, por nd\u00ebrkoh\u00eb q\u00eb d\u00ebshmoi edhe nj\u00ebher\u00eb se sukseset e tija nuk jan\u00eb t\u00eb rast\u00ebsishme pasi p\u00ebr t\u00eb ardhur p\u00ebr 3 vite karrier\u00eb n\u00eb k\u00ebt\u00eb rank bot\u00ebror duhet shum\u00eb pun\u00eb dhe lufta me kund\u00ebrshtar t\u00eb fort\u00eb q\u00eb ai gjithnj\u00eb I ka pasur n\u00eb nd\u00ebrtimin e tij. Cakiqi nd\u00ebrmjet\u00ebsimin e ndeshjeve gjithmon\u00eb e ka pasur edhe me matchmakerin Avdyl Salihu q\u00eb e fal\u00ebnderon. Nd\u00ebrkohe n\u00eb fund ai ka fal\u00ebnderuar edhe familjen p\u00ebr mb\u00ebshtetjen e madhe si dhe promotorin e ri &#8211; Almin Kuc p\u00ebr mund\u00ebsit\u00eb q\u00eb po I japin. &#171;Nj\u00eb fal\u00ebnderim i madh p\u00ebr Almin Kuc. Ky \u00ebsht\u00eb fillimi i nj\u00eb historie shum\u00eb t\u00eb gjat\u00eb. Do t\u00eb fitojm\u00eb shum\u00eb tituj t\u00eb tjer\u00eb. Do t\u00eb vazhdojm\u00eb t\u00eb st\u00ebrvitemi, nuk do t\u00eb ndalemi kurr\u00eb!&#187;. Ndeshjen e radh\u00ebs, Cakiqi do ta ket\u00eb m\u00eb 14.06.2025 ne Berlin ku shum\u00eb shpejt do te publikohet edhe kund\u00ebrshtari.<\/p>\n","protected":false},"excerpt":{"rendered":"<p>&nbsp; Gjate fundjav\u00ebs ne Potsdam t\u00eb Gjermanis\u00eb u zhvillua gala e shtat\u00eb nd\u00ebrkomb\u00ebtare e boksit profesionist t\u00eb Kuc Boxing Promotion, e cila u transmetua drejtp\u00ebrdrejt n\u00eb BILD+. Ndeshja kryesore e mbr\u00ebmjes ishte p\u00ebr Kampionatin Gjerman t\u00eb Peshave t\u00eb Ul\u00ebta (BDB) \u2013 nj\u00eb titull historia e t\u00eb cilit daton q\u00eb nga viti 1921. Cakiqi konsiderohet nj\u00eb [&hellip;]<\/p>\n","protected":false},"author":7,"featured_media":7117,"comment_status":"closed","ping_status":"closed","sticky":false,"template":"","format":"standard","meta":{"footnotes":""},"categories":[106],"tags":[],"class_list":{"0":"post-7115","1":"post","2":"type-post","3":"status-publish","4":"format-standard","5":"has-post-thumbnail","7":"category-sport"},"_links":{"self":[{"href":"https:\/\/syri.tv\/index.php?rest_route=\/wp\/v2\/posts\/7115","targetHints":{"allow":["GET"]}}],"collection":[{"href":"https:\/\/syri.tv\/index.php?rest_route=\/wp\/v2\/posts"}],"about":[{"href":"https:\/\/syri.tv\/index.php?rest_route=\/wp\/v2\/types\/post"}],"author":[{"embeddable":true,"href":"https:\/\/syri.tv\/index.php?rest_route=\/wp\/v2\/users\/7"}],"replies":[{"embeddable":true,"href":"https:\/\/syri.tv\/index.php?rest_route=%2Fwp%2Fv2%2Fcomments&post=7115"}],"version-history":[{"count":1,"href":"https:\/\/syri.tv\/index.php?rest_route=\/wp\/v2\/posts\/7115\/revisions"}],"predecessor-version":[{"id":7118,"href":"https:\/\/syri.tv\/index.php?rest_route=\/wp\/v2\/posts\/7115\/revisions\/7118"}],"wp:featuredmedia":[{"embeddable":true,"href":"https:\/\/syri.tv\/index.php?rest_route=\/wp\/v2\/media\/7117"}],"wp:attachment":[{"href":"https:\/\/syri.tv\/index.php?rest_route=%2Fwp%2Fv2%2Fmedia&parent=7115"}],"wp:term":[{"taxonomy":"category","embeddable":true,"href":"https:\/\/syri.tv\/index.php?rest_route=%2Fwp%2Fv2%2Fcategories&post=7115"},{"taxonomy":"post_tag","embeddable":true,"href":"https:\/\/syri.tv\/index.php?rest_route=%2Fwp%2Fv2%2Ftags&post=7115"}],"curies":[{"name":"wp","href":"https:\/\/api.w.org\/{rel}","templated":true}]}}