{"id":7104,"date":"2025-05-09T15:27:55","date_gmt":"2025-05-09T15:27:55","guid":{"rendered":"https:\/\/syri.tv\/?p=7104"},"modified":"2025-05-09T15:27:55","modified_gmt":"2025-05-09T15:27:55","slug":"kosova-ne-syte-e-zvicres-cfare-thone-politologet-zvicerane-per-krizen-qeveritare","status":"publish","type":"post","link":"https:\/\/syri.tv\/?p=7104","title":{"rendered":"Kosova n\u00eb syt\u00eb e Zvicr\u00ebs: \u00c7far\u00eb thon\u00eb politolog\u00ebt zviceran\u00eb p\u00ebr kriz\u00ebn qeveritare?"},"content":{"rendered":"<p>Kriza politike n\u00eb Kosov\u00eb: Bllokada institucionale dhe ndikimi nd\u00ebrkomb\u00ebtar<\/p>\n<p><img loading=\"lazy\" loading=\"lazy\" decoding=\"async\" class=\"alignnone size-medium wp-image-7111\" src=\"https:\/\/syri.tv\/wp-content\/uploads\/2025\/05\/2021_07_07_RezolutepergjenocidinneSrebrenice_WNH3GcP9cu-300x208.jpeg\" alt=\"\" width=\"300\" height=\"208\" srcset=\"https:\/\/syri.tv\/wp-content\/uploads\/2025\/05\/2021_07_07_RezolutepergjenocidinneSrebrenice_WNH3GcP9cu-300x208.jpeg 300w, https:\/\/syri.tv\/wp-content\/uploads\/2025\/05\/2021_07_07_RezolutepergjenocidinneSrebrenice_WNH3GcP9cu-1024x711.jpeg 1024w, https:\/\/syri.tv\/wp-content\/uploads\/2025\/05\/2021_07_07_RezolutepergjenocidinneSrebrenice_WNH3GcP9cu-768x533.jpeg 768w, https:\/\/syri.tv\/wp-content\/uploads\/2025\/05\/2021_07_07_RezolutepergjenocidinneSrebrenice_WNH3GcP9cu-1536x1066.jpeg 1536w, https:\/\/syri.tv\/wp-content\/uploads\/2025\/05\/2021_07_07_RezolutepergjenocidinneSrebrenice_WNH3GcP9cu-860x597.jpeg 860w, https:\/\/syri.tv\/wp-content\/uploads\/2025\/05\/2021_07_07_RezolutepergjenocidinneSrebrenice_WNH3GcP9cu.jpeg 1729w\" sizes=\"auto, (max-width: 300px) 100vw, 300px\" \/><\/p>\n<p>Pas zgjedhjeve parlamentare t\u00eb shkurtit 2025, Kosova po p\u00ebrballet me nj\u00eb kriz\u00eb politike t\u00eb zgjatur. Partia e Albin Kurtit, Vet\u00ebvendosje (VV), fitoi shumic\u00ebn e votave, por jo mjaftuesh\u00ebm p\u00ebr t\u00eb formuar nj\u00eb qeveri pa koalicion. Mungesa e konsensusit mes forcave politike ka bllokuar funksionimin institucional t\u00eb vendit, duke sjell\u00eb pasiguri p\u00ebr t\u00eb ardhmen politike t\u00eb Kosov\u00ebs.<\/p>\n<p>Nj\u00eb nga problemet kryesore mbetet zgjedhja e kryetarit t\u00eb Kuvendit. Opozita refuzon t\u00eb votoj\u00eb kandidatin e propozuar nga Kurti, \u00e7ka ka penguar fillimin e pun\u00ebs parlamentare dhe ka vonuar formimin e qeveris\u00eb. Politolog\u00ebt zviceran\u00eb e shohin k\u00ebt\u00eb bllokad\u00eb si nj\u00eb faktor destabilizues, q\u00eb mund ta \u00e7oj\u00eb Kosov\u00ebn drejt zgjedhjeve t\u00eb parakohshme, pa garanci p\u00ebr zgjidhje afatgjat\u00eb.<\/p>\n<p>Perspektiva zvicerane mbi kriz\u00ebn qeveritare<\/p>\n<p><img loading=\"lazy\" loading=\"lazy\" decoding=\"async\" class=\"alignnone size-medium wp-image-7107\" src=\"https:\/\/syri.tv\/wp-content\/uploads\/2025\/05\/FB_IMG_1746803886044-225x300.jpg\" alt=\"\" width=\"225\" height=\"300\" srcset=\"https:\/\/syri.tv\/wp-content\/uploads\/2025\/05\/FB_IMG_1746803886044-225x300.jpg 225w, https:\/\/syri.tv\/wp-content\/uploads\/2025\/05\/FB_IMG_1746803886044.jpg 720w\" sizes=\"auto, (max-width: 225px) 100vw, 225px\" \/><\/p>\n<p>Zvicra ka mb\u00ebshtetur p\u00ebr nj\u00eb koh\u00eb t\u00eb gjat\u00eb stabilitetin dhe zhvillimin demokratik n\u00eb Kosov\u00eb dhe e sheh k\u00ebt\u00eb situat\u00eb si nj\u00eb sfid\u00eb p\u00ebr stabilitetin rajonal. Ekspert\u00ebt zviceran\u00eb paralajm\u00ebrojn\u00eb se vazhdimi i bllokad\u00ebs politike jo vet\u00ebm pengon reformat e brendshme, por ndikon edhe n\u00eb dialogun me Serbin\u00eb dhe n\u00eb marr\u00ebdh\u00ebniet e Kosov\u00ebs me Bashkimin Evropian.<\/p>\n<p><img loading=\"lazy\" loading=\"lazy\" decoding=\"async\" class=\"alignnone size-medium wp-image-7100\" src=\"https:\/\/syri.tv\/wp-content\/uploads\/2025\/05\/PE-300x160.jpg\" alt=\"\" width=\"300\" height=\"160\" srcset=\"https:\/\/syri.tv\/wp-content\/uploads\/2025\/05\/PE-300x160.jpg 300w, https:\/\/syri.tv\/wp-content\/uploads\/2025\/05\/PE-768x410.jpg 768w, https:\/\/syri.tv\/wp-content\/uploads\/2025\/05\/PE-860x459.jpg 860w, https:\/\/syri.tv\/wp-content\/uploads\/2025\/05\/PE.jpg 960w\" sizes=\"auto, (max-width: 300px) 100vw, 300px\" \/><\/p>\n<p>Nj\u00eb studim i publikuar nga nj\u00eb institut zviceran p\u00ebr politik\u00ebn e jashtme vler\u00ebson se mosmarr\u00ebveshjet e brendshme politike mund t\u00eb d\u00ebmtojn\u00eb pozicionin e Kosov\u00ebs n\u00eb aren\u00ebn nd\u00ebrkomb\u00ebtare, ve\u00e7an\u00ebrisht n\u00eb negociatat p\u00ebr an\u00ebtar\u00ebsim n\u00eb K\u00ebshillin e Evrop\u00ebs dhe n\u00eb procesin e njohjes nga vendet q\u00eb ende nuk e kan\u00eb pranuar pavar\u00ebsin\u00eb e saj.<\/p>\n<p><img loading=\"lazy\" loading=\"lazy\" decoding=\"async\" class=\"alignnone size-medium wp-image-7106\" src=\"https:\/\/syri.tv\/wp-content\/uploads\/2025\/05\/36c70ed1-e8e8-4abc-9b26-c1fa526410fc-300x169.jpeg\" alt=\"\" width=\"300\" height=\"169\" srcset=\"https:\/\/syri.tv\/wp-content\/uploads\/2025\/05\/36c70ed1-e8e8-4abc-9b26-c1fa526410fc-300x169.jpeg 300w, https:\/\/syri.tv\/wp-content\/uploads\/2025\/05\/36c70ed1-e8e8-4abc-9b26-c1fa526410fc.jpeg 720w\" sizes=\"auto, (max-width: 300px) 100vw, 300px\" \/><\/p>\n<p>A ka nj\u00eb rrug\u00ebdalje?<\/p>\n<p>Politolog\u00ebt zviceran\u00eb sugjerojn\u00eb se zgjidhja m\u00eb e mir\u00eb p\u00ebr kriz\u00ebn aktuale \u00ebsht\u00eb nj\u00eb marr\u00ebveshje politike mes Vet\u00ebvendosjes dhe opozit\u00ebs, p\u00ebr t\u00eb siguruar funksionimin e institucioneve dhe shmangien e zgjedhjeve t\u00eb parakohshme, t\u00eb cilat mund t\u00eb thellojn\u00eb pasigurin\u00eb politike n\u00eb vend.<\/p>\n<p>N\u00ebse kjo bllokad\u00eb vazhdon, Kosova rrezikon nj\u00eb periudh\u00eb t\u00eb zgjatur paqart\u00ebsie, e cila do t\u00eb kishte ndikim jo vet\u00ebm n\u00eb politik\u00ebn e brendshme, por edhe n\u00eb marr\u00ebdh\u00ebniet nd\u00ebrkomb\u00ebtare dhe perspektiv\u00ebn ekonomike t\u00eb vendit.<\/p>\n","protected":false},"excerpt":{"rendered":"<p>Kriza politike n\u00eb Kosov\u00eb: Bllokada institucionale dhe ndikimi nd\u00ebrkomb\u00ebtar Pas zgjedhjeve parlamentare t\u00eb shkurtit 2025, Kosova po p\u00ebrballet me nj\u00eb kriz\u00eb politike t\u00eb zgjatur. Partia e Albin Kurtit, Vet\u00ebvendosje (VV), fitoi shumic\u00ebn e votave, por jo mjaftuesh\u00ebm p\u00ebr t\u00eb formuar nj\u00eb qeveri pa koalicion. Mungesa e konsensusit mes forcave politike ka bllokuar funksionimin institucional t\u00eb [&hellip;]<\/p>\n","protected":false},"author":7,"featured_media":7108,"comment_status":"closed","ping_status":"closed","sticky":false,"template":"","format":"standard","meta":{"footnotes":""},"categories":[9,2],"tags":[],"class_list":{"0":"post-7104","1":"post","2":"type-post","3":"status-publish","4":"format-standard","5":"has-post-thumbnail","7":"category-vendi","8":"category-zvicer"},"_links":{"self":[{"href":"https:\/\/syri.tv\/index.php?rest_route=\/wp\/v2\/posts\/7104","targetHints":{"allow":["GET"]}}],"collection":[{"href":"https:\/\/syri.tv\/index.php?rest_route=\/wp\/v2\/posts"}],"about":[{"href":"https:\/\/syri.tv\/index.php?rest_route=\/wp\/v2\/types\/post"}],"author":[{"embeddable":true,"href":"https:\/\/syri.tv\/index.php?rest_route=\/wp\/v2\/users\/7"}],"replies":[{"embeddable":true,"href":"https:\/\/syri.tv\/index.php?rest_route=%2Fwp%2Fv2%2Fcomments&post=7104"}],"version-history":[{"count":2,"href":"https:\/\/syri.tv\/index.php?rest_route=\/wp\/v2\/posts\/7104\/revisions"}],"predecessor-version":[{"id":7112,"href":"https:\/\/syri.tv\/index.php?rest_route=\/wp\/v2\/posts\/7104\/revisions\/7112"}],"wp:featuredmedia":[{"embeddable":true,"href":"https:\/\/syri.tv\/index.php?rest_route=\/wp\/v2\/media\/7108"}],"wp:attachment":[{"href":"https:\/\/syri.tv\/index.php?rest_route=%2Fwp%2Fv2%2Fmedia&parent=7104"}],"wp:term":[{"taxonomy":"category","embeddable":true,"href":"https:\/\/syri.tv\/index.php?rest_route=%2Fwp%2Fv2%2Fcategories&post=7104"},{"taxonomy":"post_tag","embeddable":true,"href":"https:\/\/syri.tv\/index.php?rest_route=%2Fwp%2Fv2%2Ftags&post=7104"}],"curies":[{"name":"wp","href":"https:\/\/api.w.org\/{rel}","templated":true}]}}