{"id":7072,"date":"2025-05-06T17:29:46","date_gmt":"2025-05-06T17:29:46","guid":{"rendered":"https:\/\/syri.tv\/?p=7072"},"modified":"2025-05-06T17:29:46","modified_gmt":"2025-05-06T17:29:46","slug":"futbolli-shqiptar-ne-diaspore-bashkon-zemrat-ne-kupen-e-kosoves","status":"publish","type":"post","link":"https:\/\/syri.tv\/?p=7072","title":{"rendered":"Futbolli shqiptar n\u00eb diaspor\u00eb bashkon zemrat n\u00eb kup\u00ebn e Kosov\u00ebs"},"content":{"rendered":"<p><strong>Nj\u00eb turne q\u00eb b\u00ebn bashk\u00eb shqiptar\u00ebt n\u00ebp\u00ebrmjet sportit dhe dashuris\u00eb p\u00ebr futbollin<\/strong><img loading=\"lazy\" loading=\"lazy\" decoding=\"async\" class=\"alignnone size-medium wp-image-6122\" src=\"https:\/\/syri.tv\/wp-content\/uploads\/2024\/06\/WhatsApp-Image-2024-06-30-at-18.09.19-300x169.jpeg\" alt=\"\" width=\"300\" height=\"169\" srcset=\"https:\/\/syri.tv\/wp-content\/uploads\/2024\/06\/WhatsApp-Image-2024-06-30-at-18.09.19-300x169.jpeg 300w, https:\/\/syri.tv\/wp-content\/uploads\/2024\/06\/WhatsApp-Image-2024-06-30-at-18.09.19-1024x576.jpeg 1024w, https:\/\/syri.tv\/wp-content\/uploads\/2024\/06\/WhatsApp-Image-2024-06-30-at-18.09.19-768x432.jpeg 768w, https:\/\/syri.tv\/wp-content\/uploads\/2024\/06\/WhatsApp-Image-2024-06-30-at-18.09.19-1536x864.jpeg 1536w, https:\/\/syri.tv\/wp-content\/uploads\/2024\/06\/WhatsApp-Image-2024-06-30-at-18.09.19-860x484.jpeg 860w, https:\/\/syri.tv\/wp-content\/uploads\/2024\/06\/WhatsApp-Image-2024-06-30-at-18.09.19.jpeg 1600w\" sizes=\"auto, (max-width: 300px) 100vw, 300px\" \/>P\u00ebrkrah 25 klubeve shqiptare t\u00eb futbollit, federat\u00ebs s\u00eb futbollit t\u00eb Kosov\u00ebs (FFK) dhe ministris\u00eb s\u00eb pun\u00ebve t\u00eb jashtme dhe diaspor\u00ebs (MPJD), unioni i klubeve shqiptare t\u00eb futbollit n\u00eb Zvic\u00ebr me kryetarin Feti Demoli, n\u00ebnkryetarin Reshit Morina dhe kryesin\u00eb e unionit, ju fton t\u00eb bashkoheni n\u00eb nj\u00eb ngjarje t\u00eb ve\u00e7ant\u00eb \u2013 Kup\u00ebn e Kosov\u00ebs p\u00ebr Super Kup\u00ebn Kosov\u00eb-Diaspor\u00eb.<\/p>\n<p><img loading=\"lazy\" loading=\"lazy\" decoding=\"async\" class=\"alignnone size-medium wp-image-6116\" src=\"https:\/\/syri.tv\/wp-content\/uploads\/2024\/06\/WhatsApp-Image-2024-06-30-at-18.09.52-300x169.jpeg\" alt=\"\" width=\"300\" height=\"169\" srcset=\"https:\/\/syri.tv\/wp-content\/uploads\/2024\/06\/WhatsApp-Image-2024-06-30-at-18.09.52-300x169.jpeg 300w, https:\/\/syri.tv\/wp-content\/uploads\/2024\/06\/WhatsApp-Image-2024-06-30-at-18.09.52-1024x576.jpeg 1024w, https:\/\/syri.tv\/wp-content\/uploads\/2024\/06\/WhatsApp-Image-2024-06-30-at-18.09.52-768x432.jpeg 768w, https:\/\/syri.tv\/wp-content\/uploads\/2024\/06\/WhatsApp-Image-2024-06-30-at-18.09.52-1536x864.jpeg 1536w, https:\/\/syri.tv\/wp-content\/uploads\/2024\/06\/WhatsApp-Image-2024-06-30-at-18.09.52-860x484.jpeg 860w, https:\/\/syri.tv\/wp-content\/uploads\/2024\/06\/WhatsApp-Image-2024-06-30-at-18.09.52.jpeg 1600w\" sizes=\"auto, (max-width: 300px) 100vw, 300px\" \/><\/p>\n<p>Ky turne simbolizon jo vet\u00ebm nj\u00eb gar\u00eb sportive, por edhe nj\u00eb ur\u00eb lidh\u00ebse mes shqiptar\u00ebve n\u00eb m\u00ebrgim dhe vendlindjes. Me pasionin p\u00ebr futbollin dhe frym\u00ebn e bashkimit, klube nga diaspora dhe Kosova do t\u00eb p\u00ebrballen p\u00ebr nj\u00eb trofe q\u00eb mbart nj\u00eb dometh\u00ebnie t\u00eb ve\u00e7ant\u00eb.<\/p>\n<p><img loading=\"lazy\" loading=\"lazy\" decoding=\"async\" class=\"alignnone size-medium wp-image-7074\" src=\"https:\/\/syri.tv\/wp-content\/uploads\/2025\/05\/IMG-20250506-WA0010-300x225.jpg\" alt=\"\" width=\"300\" height=\"225\" srcset=\"https:\/\/syri.tv\/wp-content\/uploads\/2025\/05\/IMG-20250506-WA0010-300x225.jpg 300w, https:\/\/syri.tv\/wp-content\/uploads\/2025\/05\/IMG-20250506-WA0010-1024x768.jpg 1024w, https:\/\/syri.tv\/wp-content\/uploads\/2025\/05\/IMG-20250506-WA0010-768x576.jpg 768w, https:\/\/syri.tv\/wp-content\/uploads\/2025\/05\/IMG-20250506-WA0010-1536x1152.jpg 1536w, https:\/\/syri.tv\/wp-content\/uploads\/2025\/05\/IMG-20250506-WA0010-860x645.jpg 860w, https:\/\/syri.tv\/wp-content\/uploads\/2025\/05\/IMG-20250506-WA0010.jpg 2048w\" sizes=\"auto, (max-width: 300px) 100vw, 300px\" \/><\/p>\n<p>N\u00eb k\u00ebt\u00eb gar\u00eb, fiton jo vet\u00ebm skuadra q\u00eb ngre kup\u00ebn lart, por edhe komuniteti, vlera e solidaritetit dhe dashuria p\u00ebr sportin q\u00eb na bashkon t\u00eb gjith\u00ebve.<\/p>\n<p><strong>Ejani dhe b\u00ebhuni pjes\u00eb e k\u00ebsaj feste futbollistike.\u00a0<\/strong><\/p>\n<p><strong><img loading=\"lazy\" loading=\"lazy\" decoding=\"async\" class=\"alignnone wp-image-7073 size-medium\" src=\"https:\/\/syri.tv\/wp-content\/uploads\/2025\/05\/20240630_121448-300x169.jpg\" alt=\"\" width=\"300\" height=\"169\" srcset=\"https:\/\/syri.tv\/wp-content\/uploads\/2025\/05\/20240630_121448-300x169.jpg 300w, https:\/\/syri.tv\/wp-content\/uploads\/2025\/05\/20240630_121448-1024x577.jpg 1024w, https:\/\/syri.tv\/wp-content\/uploads\/2025\/05\/20240630_121448-768x432.jpg 768w, https:\/\/syri.tv\/wp-content\/uploads\/2025\/05\/20240630_121448-1536x865.jpg 1536w, https:\/\/syri.tv\/wp-content\/uploads\/2025\/05\/20240630_121448-2048x1153.jpg 2048w, https:\/\/syri.tv\/wp-content\/uploads\/2025\/05\/20240630_121448-860x484.jpg 860w\" sizes=\"auto, (max-width: 300px) 100vw, 300px\" \/><\/strong><\/p>\n<p>&nbsp;<\/p>\n<p>&nbsp;<\/p>\n<p>&nbsp;<\/p>\n<p>&nbsp;<\/p>\n<p>&nbsp;<\/p>\n","protected":false},"excerpt":{"rendered":"<p>Nj\u00eb turne q\u00eb b\u00ebn bashk\u00eb shqiptar\u00ebt n\u00ebp\u00ebrmjet sportit dhe dashuris\u00eb p\u00ebr futbollinP\u00ebrkrah 25 klubeve shqiptare t\u00eb futbollit, federat\u00ebs s\u00eb futbollit t\u00eb Kosov\u00ebs (FFK) dhe ministris\u00eb s\u00eb pun\u00ebve t\u00eb jashtme dhe diaspor\u00ebs (MPJD), unioni i klubeve shqiptare t\u00eb futbollit n\u00eb Zvic\u00ebr me kryetarin Feti Demoli, n\u00ebnkryetarin Reshit Morina dhe kryesin\u00eb e unionit, ju fton t\u00eb bashkoheni [&hellip;]<\/p>\n","protected":false},"author":7,"featured_media":7075,"comment_status":"closed","ping_status":"closed","sticky":false,"template":"","format":"standard","meta":{"footnotes":""},"categories":[10,105,108,106,1,9,2],"tags":[],"class_list":{"0":"post-7072","1":"post","2":"type-post","3":"status-publish","4":"format-standard","5":"has-post-thumbnail","7":"category-bota","8":"category-europa","9":"category-kulture-2","10":"category-sport","11":"category-uncategorized","12":"category-vendi","13":"category-zvicer"},"_links":{"self":[{"href":"https:\/\/syri.tv\/index.php?rest_route=\/wp\/v2\/posts\/7072","targetHints":{"allow":["GET"]}}],"collection":[{"href":"https:\/\/syri.tv\/index.php?rest_route=\/wp\/v2\/posts"}],"about":[{"href":"https:\/\/syri.tv\/index.php?rest_route=\/wp\/v2\/types\/post"}],"author":[{"embeddable":true,"href":"https:\/\/syri.tv\/index.php?rest_route=\/wp\/v2\/users\/7"}],"replies":[{"embeddable":true,"href":"https:\/\/syri.tv\/index.php?rest_route=%2Fwp%2Fv2%2Fcomments&post=7072"}],"version-history":[{"count":1,"href":"https:\/\/syri.tv\/index.php?rest_route=\/wp\/v2\/posts\/7072\/revisions"}],"predecessor-version":[{"id":7078,"href":"https:\/\/syri.tv\/index.php?rest_route=\/wp\/v2\/posts\/7072\/revisions\/7078"}],"wp:featuredmedia":[{"embeddable":true,"href":"https:\/\/syri.tv\/index.php?rest_route=\/wp\/v2\/media\/7075"}],"wp:attachment":[{"href":"https:\/\/syri.tv\/index.php?rest_route=%2Fwp%2Fv2%2Fmedia&parent=7072"}],"wp:term":[{"taxonomy":"category","embeddable":true,"href":"https:\/\/syri.tv\/index.php?rest_route=%2Fwp%2Fv2%2Fcategories&post=7072"},{"taxonomy":"post_tag","embeddable":true,"href":"https:\/\/syri.tv\/index.php?rest_route=%2Fwp%2Fv2%2Ftags&post=7072"}],"curies":[{"name":"wp","href":"https:\/\/api.w.org\/{rel}","templated":true}]}}