{"id":7033,"date":"2025-03-30T21:53:07","date_gmt":"2025-03-30T21:53:07","guid":{"rendered":"https:\/\/syri.tv\/?p=7033"},"modified":"2025-03-30T21:53:07","modified_gmt":"2025-03-30T21:53:07","slug":"falja-e-bajramit-te-madh-ne-xhamine-drita-ne-emmenbruecke-te-kantonit-te-luzernit-2","status":"publish","type":"post","link":"https:\/\/syri.tv\/?p=7033","title":{"rendered":"Falja e Bajramit t\u00eb Madh n\u00eb Xhamin\u00eb Drita n\u00eb Emmenbr\u00fccke te kantonit t\u00eb Luzernit"},"content":{"rendered":"<h1>Pas nj\u00eb muaji agj\u00ebrimi, mij\u00ebra besimtar\u00eb mysliman\u00eb kan\u00eb falur k\u00ebt\u00eb t\u00eb diel namazin e Fiter Bajramit gjithandej Zvicr\u00ebs e po ashtu edhe n\u00eb Emmenbr\u00fccke te kantonit t\u00eb Luzernit n\u00eb Zvic\u00ebr.<\/h1>\n<p>Me zemrat plot drit\u00eb dhe shpirtin t\u00eb mbushur me paqe, besimtar\u00ebt mysliman\u00eb nga Zvicra si kurr\u00eb m\u00eb par\u00eb anek\u00ebnd n\u00eb m\u00ebngjesin e s\u00eb Diel\u00ebs n\u00eb Xhamit\u00eb apo\u00a0 edhe salla sporti dhe n\u00eb shum\u00eb vende edhe n\u00ebn qiellin e hapur fal\u00ebn Fit\u00ebr Bajramin.<\/p>\n<p><img loading=\"lazy\" loading=\"lazy\" decoding=\"async\" class=\"alignnone size-large wp-image-7026\" src=\"https:\/\/syri.tv\/wp-content\/uploads\/2025\/03\/2-1024x768.jpg\" alt=\"\" width=\"1024\" height=\"768\" srcset=\"https:\/\/syri.tv\/wp-content\/uploads\/2025\/03\/2-1024x768.jpg 1024w, https:\/\/syri.tv\/wp-content\/uploads\/2025\/03\/2-300x225.jpg 300w, https:\/\/syri.tv\/wp-content\/uploads\/2025\/03\/2-768x576.jpg 768w, https:\/\/syri.tv\/wp-content\/uploads\/2025\/03\/2-1536x1152.jpg 1536w, https:\/\/syri.tv\/wp-content\/uploads\/2025\/03\/2-2048x1536.jpg 2048w, https:\/\/syri.tv\/wp-content\/uploads\/2025\/03\/2-860x645.jpg 860w\" sizes=\"auto, (max-width: 1024px) 100vw, 1024px\" \/><\/p>\n<p>Imami i Xhamis\u00eb Drita uroi t\u00eb gjith\u00eb besimtar\u00ebt, q\u00eb Zoti t&#8217;u kishte pranuar agj\u00ebrimin dhe se kjo dit\u00eb sot na gjen me zemra t\u00eb mbushura me plot t\u00eb mira dhe sakrifica jon\u00eb t\u00eb jet\u00eb pranuar p\u00ebr t\u00eb gjith\u00eb ata t\u00eb cil\u00ebt jan\u00eb n\u00eb rrug\u00ebn e Zotit<\/p>\n<p><img loading=\"lazy\" loading=\"lazy\" decoding=\"async\" class=\"alignnone size-large wp-image-7027\" src=\"https:\/\/syri.tv\/wp-content\/uploads\/2025\/03\/3a-1024x768.jpg\" alt=\"\" width=\"1024\" height=\"768\" srcset=\"https:\/\/syri.tv\/wp-content\/uploads\/2025\/03\/3a-1024x768.jpg 1024w, https:\/\/syri.tv\/wp-content\/uploads\/2025\/03\/3a-300x225.jpg 300w, https:\/\/syri.tv\/wp-content\/uploads\/2025\/03\/3a-768x576.jpg 768w, https:\/\/syri.tv\/wp-content\/uploads\/2025\/03\/3a-1536x1152.jpg 1536w, https:\/\/syri.tv\/wp-content\/uploads\/2025\/03\/3a-2048x1536.jpg 2048w, https:\/\/syri.tv\/wp-content\/uploads\/2025\/03\/3a-860x645.jpg 860w\" sizes=\"auto, (max-width: 1024px) 100vw, 1024px\" \/><\/p>\n<p>Kjo dit\u00eb e bekuar sh\u00ebnoi p\u00ebrfundimin e muajit t\u00eb shenjt\u00eb t\u00eb Ramazanit, nj\u00eb periudh\u00eb sakrifice, reflektimi dhe afrimi me Zotin.<\/p>\n<p><img loading=\"lazy\" loading=\"lazy\" decoding=\"async\" class=\"alignnone size-large wp-image-7028\" src=\"https:\/\/syri.tv\/wp-content\/uploads\/2025\/03\/3-1024x768.jpg\" alt=\"\" width=\"1024\" height=\"768\" srcset=\"https:\/\/syri.tv\/wp-content\/uploads\/2025\/03\/3-1024x768.jpg 1024w, https:\/\/syri.tv\/wp-content\/uploads\/2025\/03\/3-300x225.jpg 300w, https:\/\/syri.tv\/wp-content\/uploads\/2025\/03\/3-768x576.jpg 768w, https:\/\/syri.tv\/wp-content\/uploads\/2025\/03\/3-1536x1152.jpg 1536w, https:\/\/syri.tv\/wp-content\/uploads\/2025\/03\/3-2048x1536.jpg 2048w, https:\/\/syri.tv\/wp-content\/uploads\/2025\/03\/3-860x645.jpg 860w\" sizes=\"auto, (max-width: 1024px) 100vw, 1024px\" \/><\/p>\n<p>Jetojm\u00eb n\u00eb nj\u00eb epok\u00eb ku vlerat e familjes po l\u00ebkunden dhe ne duhet t\u00eb jem t\u00eb bashkuar n\u00eb mbrojtjen e dinjitetit dhe pasuris\u00eb t\u00eb vlerave familjare dhe shoq\u00ebrore.<\/p>\n<p><img loading=\"lazy\" loading=\"lazy\" decoding=\"async\" class=\"alignnone size-large wp-image-7029\" src=\"https:\/\/syri.tv\/wp-content\/uploads\/2025\/03\/4-1024x768.jpg\" alt=\"\" width=\"1024\" height=\"768\" srcset=\"https:\/\/syri.tv\/wp-content\/uploads\/2025\/03\/4-1024x768.jpg 1024w, https:\/\/syri.tv\/wp-content\/uploads\/2025\/03\/4-300x225.jpg 300w, https:\/\/syri.tv\/wp-content\/uploads\/2025\/03\/4-768x576.jpg 768w, https:\/\/syri.tv\/wp-content\/uploads\/2025\/03\/4-1536x1152.jpg 1536w, https:\/\/syri.tv\/wp-content\/uploads\/2025\/03\/4-2048x1536.jpg 2048w, https:\/\/syri.tv\/wp-content\/uploads\/2025\/03\/4-860x645.jpg 860w\" sizes=\"auto, (max-width: 1024px) 100vw, 1024px\" \/><\/p>\n<p>Bajrami na kujton unitetin, m\u00ebshir\u00ebn dhe drejt\u00ebsin\u00eb, ne jemi nj\u00eb komb\u201d i pa ndar\u00eb dhe shembull p\u00ebr \u00e7do shtet n\u00eb bot\u00eb.<\/p>\n<p><img loading=\"lazy\" loading=\"lazy\" decoding=\"async\" class=\"alignnone size-large wp-image-7030\" src=\"https:\/\/syri.tv\/wp-content\/uploads\/2025\/03\/5a-768x1024.jpg\" alt=\"\" width=\"768\" height=\"1024\" srcset=\"https:\/\/syri.tv\/wp-content\/uploads\/2025\/03\/5a-768x1024.jpg 768w, https:\/\/syri.tv\/wp-content\/uploads\/2025\/03\/5a-225x300.jpg 225w, https:\/\/syri.tv\/wp-content\/uploads\/2025\/03\/5a-1152x1536.jpg 1152w, https:\/\/syri.tv\/wp-content\/uploads\/2025\/03\/5a-1536x2048.jpg 1536w, https:\/\/syri.tv\/wp-content\/uploads\/2025\/03\/5a-860x1147.jpg 860w, https:\/\/syri.tv\/wp-content\/uploads\/2025\/03\/5a-scaled.jpg 1920w\" sizes=\"auto, (max-width: 768px) 100vw, 768px\" \/><\/p>\n<p>Paqja dhe begatia qoft\u00eb mbi ju dhe familjet tuaja!<\/p>\n","protected":false},"excerpt":{"rendered":"<p>Pas nj\u00eb muaji agj\u00ebrimi, mij\u00ebra besimtar\u00eb mysliman\u00eb kan\u00eb falur k\u00ebt\u00eb t\u00eb diel namazin e Fiter Bajramit gjithandej Zvicr\u00ebs e po ashtu edhe n\u00eb Emmenbr\u00fccke te kantonit t\u00eb Luzernit n\u00eb Zvic\u00ebr. Me zemrat plot drit\u00eb dhe shpirtin t\u00eb mbushur me paqe, besimtar\u00ebt mysliman\u00eb nga Zvicra si kurr\u00eb m\u00eb par\u00eb anek\u00ebnd n\u00eb m\u00ebngjesin e s\u00eb Diel\u00ebs n\u00eb [&hellip;]<\/p>\n","protected":false},"author":1,"featured_media":7032,"comment_status":"closed","ping_status":"closed","sticky":false,"template":"","format":"standard","meta":{"footnotes":""},"categories":[108],"tags":[],"class_list":{"0":"post-7033","1":"post","2":"type-post","3":"status-publish","4":"format-standard","5":"has-post-thumbnail","7":"category-kulture-2"},"_links":{"self":[{"href":"https:\/\/syri.tv\/index.php?rest_route=\/wp\/v2\/posts\/7033","targetHints":{"allow":["GET"]}}],"collection":[{"href":"https:\/\/syri.tv\/index.php?rest_route=\/wp\/v2\/posts"}],"about":[{"href":"https:\/\/syri.tv\/index.php?rest_route=\/wp\/v2\/types\/post"}],"author":[{"embeddable":true,"href":"https:\/\/syri.tv\/index.php?rest_route=\/wp\/v2\/users\/1"}],"replies":[{"embeddable":true,"href":"https:\/\/syri.tv\/index.php?rest_route=%2Fwp%2Fv2%2Fcomments&post=7033"}],"version-history":[{"count":1,"href":"https:\/\/syri.tv\/index.php?rest_route=\/wp\/v2\/posts\/7033\/revisions"}],"predecessor-version":[{"id":7034,"href":"https:\/\/syri.tv\/index.php?rest_route=\/wp\/v2\/posts\/7033\/revisions\/7034"}],"wp:featuredmedia":[{"embeddable":true,"href":"https:\/\/syri.tv\/index.php?rest_route=\/wp\/v2\/media\/7032"}],"wp:attachment":[{"href":"https:\/\/syri.tv\/index.php?rest_route=%2Fwp%2Fv2%2Fmedia&parent=7033"}],"wp:term":[{"taxonomy":"category","embeddable":true,"href":"https:\/\/syri.tv\/index.php?rest_route=%2Fwp%2Fv2%2Fcategories&post=7033"},{"taxonomy":"post_tag","embeddable":true,"href":"https:\/\/syri.tv\/index.php?rest_route=%2Fwp%2Fv2%2Ftags&post=7033"}],"curies":[{"name":"wp","href":"https:\/\/api.w.org\/{rel}","templated":true}]}}