{"id":6939,"date":"2025-02-28T11:36:27","date_gmt":"2025-02-28T11:36:27","guid":{"rendered":"https:\/\/syri.tv\/?p=6939"},"modified":"2025-02-28T11:36:27","modified_gmt":"2025-02-28T11:36:27","slug":"avdyl-salihu-menaxheri-me-i-mire-i-vitit-2024-ne-boksin-profesionist","status":"publish","type":"post","link":"https:\/\/syri.tv\/?p=6939","title":{"rendered":"Avdyl Salihu menaxheri m\u00eb i mir\u00eb i vitit 2024 n\u00eb boksin profesionist"},"content":{"rendered":"<p>\u201cPro Boxing Macedonia\u201d e cila \u00ebsht\u00eb an\u00ebtare e EBU-s\u00eb dhe WBC, ka p\u00ebrzgjedhur p\u00ebr menaxher t\u00eb vitit 2024, Avdyl Salihu, i cili n\u00eb vitin q\u00eb e l\u00ebm\u00eb pas ka shk\u00eblqyer me bokserat e tij, madje duke arrit disa tituj.<\/p>\n<p>Nd\u00ebr ta Maqedonis\u00eb s\u00eb Veriut, i solli dy tituj internacional UBO e UBF me Mersim Zeqirin, si dhe Aleksander Kallashi po ashtu fitoi tituj t\u00eb vlefsh\u00ebm.<\/p>\n<p><img loading=\"lazy\" loading=\"lazy\" decoding=\"async\" class=\"alignnone size-large wp-image-6942\" src=\"https:\/\/syri.tv\/wp-content\/uploads\/2025\/02\/as2-632x1024.jpeg\" alt=\"\" width=\"632\" height=\"1024\" srcset=\"https:\/\/syri.tv\/wp-content\/uploads\/2025\/02\/as2-632x1024.jpeg 632w, https:\/\/syri.tv\/wp-content\/uploads\/2025\/02\/as2-185x300.jpeg 185w, https:\/\/syri.tv\/wp-content\/uploads\/2025\/02\/as2.jpeg 768w\" sizes=\"auto, (max-width: 632px) 100vw, 632px\" \/><\/p>\n<figure class=\"wp-block-image size-large\"><\/figure>\n<p>Gjithashtu me boksier\u00ebt e tij ka realizuar disa fitore shum\u00eb t\u00eb r\u00ebnd\u00ebsishme q\u00eb i ndihmuan Salihut q\u00eb p\u00ebrzgjedhja t\u00eb jet\u00eb m\u00eb e leht\u00eb.<\/p>\n<p>Cekim se Dyli ka realizuar vitin e kaluar nj\u00eb spektak\u00ebl t\u00eb madh ne Garana t\u00eb K\u00ebr\u00e7ov\u00ebs, nd\u00ebrkohe q\u00eb ka qen aktiv edhe n\u00eb nd\u00ebrmjetimet e ndeshjeve, duke p\u00ebrfunduar vitin duke qen matchmaker kryesor n\u00eb 27 spektakle n\u00eb t\u00eb gjith\u00eb Evrop\u00ebn.<\/p>\n<div>\n<div id=\"div-gpt-ad-1634289484286-0\" data-google-query-id=\"CIyw6OKh5osDFfvsEQgdYc0e7Q\" data-forced=\"true\">\n<div id=\"google_ads_iframe_\/74207979\/adxp_ge_in-article_0__container__\"><img loading=\"lazy\" loading=\"lazy\" decoding=\"async\" class=\"alignnone size-large wp-image-6941\" src=\"https:\/\/syri.tv\/wp-content\/uploads\/2025\/02\/as1-1024x723.jpeg\" alt=\"\" width=\"1024\" height=\"723\" srcset=\"https:\/\/syri.tv\/wp-content\/uploads\/2025\/02\/as1-1024x723.jpeg 1024w, https:\/\/syri.tv\/wp-content\/uploads\/2025\/02\/as1-300x212.jpeg 300w, https:\/\/syri.tv\/wp-content\/uploads\/2025\/02\/as1-768x542.jpeg 768w, https:\/\/syri.tv\/wp-content\/uploads\/2025\/02\/as1-860x607.jpeg 860w, https:\/\/syri.tv\/wp-content\/uploads\/2025\/02\/as1.jpeg 1252w\" sizes=\"auto, (max-width: 1024px) 100vw, 1024px\" \/><\/div>\n<\/div>\n<\/div>\n<figure class=\"wp-block-image size-large\"><\/figure>\n<p>\u201cFal\u00ebnderoj \u2018Pro Boxing Macedonia\u2019 q\u00eb m\u00eb zgjodhi si Menaxher i vitit dhe kjo \u00ebsht\u00eb shp\u00ebrblimi im i tret\u00eb n\u00eb 5 vitet e fundit. E gjith\u00eb kjo d\u00ebshmon p\u00ebr pun\u00ebn profesionale dhe t\u00eb madhe q\u00eb jemi duke e b\u00ebr\u00eb gjat\u00eb vitit dhe besoj shum\u00eb q\u00eb edhe n\u00eb t\u00eb ardhmen do kemi shp\u00ebrblime t\u00eb tilla. Gjithashtu fal\u00ebnderoi edhe t\u00eb gjith\u00eb bashk\u00ebpun\u00ebtor\u00ebt e mi si dhe bokserat q\u00eb treguan suksese n\u00eb ring\u201d, tha Salihu.<\/p>\n","protected":false},"excerpt":{"rendered":"<p>\u201cPro Boxing Macedonia\u201d e cila \u00ebsht\u00eb an\u00ebtare e EBU-s\u00eb dhe WBC, ka p\u00ebrzgjedhur p\u00ebr menaxher t\u00eb vitit 2024, Avdyl Salihu, i cili n\u00eb vitin q\u00eb e l\u00ebm\u00eb pas ka shk\u00eblqyer me bokserat e tij, madje duke arrit disa tituj. Nd\u00ebr ta Maqedonis\u00eb s\u00eb Veriut, i solli dy tituj internacional UBO e UBF me Mersim Zeqirin, [&hellip;]<\/p>\n","protected":false},"author":1,"featured_media":6943,"comment_status":"closed","ping_status":"closed","sticky":false,"template":"","format":"standard","meta":{"footnotes":""},"categories":[106],"tags":[],"class_list":{"0":"post-6939","1":"post","2":"type-post","3":"status-publish","4":"format-standard","5":"has-post-thumbnail","7":"category-sport"},"_links":{"self":[{"href":"https:\/\/syri.tv\/index.php?rest_route=\/wp\/v2\/posts\/6939","targetHints":{"allow":["GET"]}}],"collection":[{"href":"https:\/\/syri.tv\/index.php?rest_route=\/wp\/v2\/posts"}],"about":[{"href":"https:\/\/syri.tv\/index.php?rest_route=\/wp\/v2\/types\/post"}],"author":[{"embeddable":true,"href":"https:\/\/syri.tv\/index.php?rest_route=\/wp\/v2\/users\/1"}],"replies":[{"embeddable":true,"href":"https:\/\/syri.tv\/index.php?rest_route=%2Fwp%2Fv2%2Fcomments&post=6939"}],"version-history":[{"count":2,"href":"https:\/\/syri.tv\/index.php?rest_route=\/wp\/v2\/posts\/6939\/revisions"}],"predecessor-version":[{"id":6945,"href":"https:\/\/syri.tv\/index.php?rest_route=\/wp\/v2\/posts\/6939\/revisions\/6945"}],"wp:featuredmedia":[{"embeddable":true,"href":"https:\/\/syri.tv\/index.php?rest_route=\/wp\/v2\/media\/6943"}],"wp:attachment":[{"href":"https:\/\/syri.tv\/index.php?rest_route=%2Fwp%2Fv2%2Fmedia&parent=6939"}],"wp:term":[{"taxonomy":"category","embeddable":true,"href":"https:\/\/syri.tv\/index.php?rest_route=%2Fwp%2Fv2%2Fcategories&post=6939"},{"taxonomy":"post_tag","embeddable":true,"href":"https:\/\/syri.tv\/index.php?rest_route=%2Fwp%2Fv2%2Ftags&post=6939"}],"curies":[{"name":"wp","href":"https:\/\/api.w.org\/{rel}","templated":true}]}}