{"id":6936,"date":"2025-02-25T09:16:55","date_gmt":"2025-02-25T09:16:55","guid":{"rendered":"https:\/\/syri.tv\/?p=6936"},"modified":"2025-02-25T09:16:55","modified_gmt":"2025-02-25T09:16:55","slug":"gruaja-ne-prishtine-e-rrah-burrin-dhe-del-nga-banesa-39-vjecari-kerkon-ndihme-nga-policia","status":"publish","type":"post","link":"https:\/\/syri.tv\/?p=6936","title":{"rendered":"Gruaja n\u00eb Prishtin\u00eb e rr\u1ea1h burrin dhe del nga banesa, 39-vje\u00e7ari k\u00ebrkon ndihm\u00eb nga Policia"},"content":{"rendered":"<p>Nj\u00eb rast dhune ka ndodhur s\u00eb fundmi n\u00eb nj\u00eb familje n\u00eb Prishtin\u00eb,<\/p>\n<p>K\u00ebt\u00eb her\u00eb, nj\u00eb burr\u00eb k\u00ebrkoi ndihm\u00ebn e Policis\u00eb, duke e denoncuar p\u00ebr dhun\u00eb bashk\u00ebshorten e tij me t\u00eb cil\u00ebn \u00ebsht\u00eb n\u00eb prag divorci, raporton Gazeta Sinjali.<\/p>\n<p>Burimet brenda Prokuroris\u00eb kan\u00eb b\u00ebr\u00eb me dije se bazuar n\u00eb d\u00ebshmin\u00eb e viktim\u00ebs, gruaja e tij ka ushtruar dhun\u00eb psikike pas disa mosmarr\u00ebveshjeve, e m\u00eb pas dyshohet se edhe e ka sulmuar fizikisht.<\/p>\n<p>Bazuare n\u00eb informacionet e para, e dyshuara ka dal\u00eb m\u00eb pas nga banesa, por burri vendosi ta raportoj\u00eb n\u00eb Polici.<\/p>\n<p>Si rezultat i denoncimit, \u00e7ifti jan\u00eb intervistuar lidhur me rastin dhe kan\u00eb dh\u00ebn\u00eb deklaratat e tyre p\u00ebr at\u00eb q\u00eb ka ndodhur.<\/p>\n<p>Pas p\u00ebrfundimit t\u00eb procedurave policore, me urdh\u00ebr t\u00eb Prokurorit t\u00eb Shtetit, ndaj gruas \u00ebsht\u00eb iniciuar rasti p\u00ebr \u201cDhun\u00eb n\u00eb familje\u201d.<\/p>\n","protected":false},"excerpt":{"rendered":"<p>Nj\u00eb rast dhune ka ndodhur s\u00eb fundmi n\u00eb nj\u00eb familje n\u00eb Prishtin\u00eb, K\u00ebt\u00eb her\u00eb, nj\u00eb burr\u00eb k\u00ebrkoi ndihm\u00ebn e Policis\u00eb, duke e denoncuar p\u00ebr dhun\u00eb bashk\u00ebshorten e tij me t\u00eb cil\u00ebn \u00ebsht\u00eb n\u00eb prag divorci, raporton Gazeta Sinjali. Burimet brenda Prokuroris\u00eb kan\u00eb b\u00ebr\u00eb me dije se bazuar n\u00eb d\u00ebshmin\u00eb e viktim\u00ebs, gruaja e tij ka [&hellip;]<\/p>\n","protected":false},"author":1,"featured_media":6937,"comment_status":"closed","ping_status":"closed","sticky":false,"template":"","format":"standard","meta":{"footnotes":""},"categories":[9],"tags":[],"class_list":{"0":"post-6936","1":"post","2":"type-post","3":"status-publish","4":"format-standard","5":"has-post-thumbnail","7":"category-vendi"},"_links":{"self":[{"href":"https:\/\/syri.tv\/index.php?rest_route=\/wp\/v2\/posts\/6936","targetHints":{"allow":["GET"]}}],"collection":[{"href":"https:\/\/syri.tv\/index.php?rest_route=\/wp\/v2\/posts"}],"about":[{"href":"https:\/\/syri.tv\/index.php?rest_route=\/wp\/v2\/types\/post"}],"author":[{"embeddable":true,"href":"https:\/\/syri.tv\/index.php?rest_route=\/wp\/v2\/users\/1"}],"replies":[{"embeddable":true,"href":"https:\/\/syri.tv\/index.php?rest_route=%2Fwp%2Fv2%2Fcomments&post=6936"}],"version-history":[{"count":1,"href":"https:\/\/syri.tv\/index.php?rest_route=\/wp\/v2\/posts\/6936\/revisions"}],"predecessor-version":[{"id":6938,"href":"https:\/\/syri.tv\/index.php?rest_route=\/wp\/v2\/posts\/6936\/revisions\/6938"}],"wp:featuredmedia":[{"embeddable":true,"href":"https:\/\/syri.tv\/index.php?rest_route=\/wp\/v2\/media\/6937"}],"wp:attachment":[{"href":"https:\/\/syri.tv\/index.php?rest_route=%2Fwp%2Fv2%2Fmedia&parent=6936"}],"wp:term":[{"taxonomy":"category","embeddable":true,"href":"https:\/\/syri.tv\/index.php?rest_route=%2Fwp%2Fv2%2Fcategories&post=6936"},{"taxonomy":"post_tag","embeddable":true,"href":"https:\/\/syri.tv\/index.php?rest_route=%2Fwp%2Fv2%2Ftags&post=6936"}],"curies":[{"name":"wp","href":"https:\/\/api.w.org\/{rel}","templated":true}]}}