{"id":6901,"date":"2025-02-17T12:22:19","date_gmt":"2025-02-17T12:22:19","guid":{"rendered":"https:\/\/syri.tv\/?p=6901"},"modified":"2025-02-17T12:22:19","modified_gmt":"2025-02-17T12:22:19","slug":"vedat-muriqi-nuk-ka-njeri-me-te-lumtur-ne-bote-sesa-une-i-shenova-dy-gola","status":"publish","type":"post","link":"https:\/\/syri.tv\/?p=6901","title":{"rendered":"Vedat Muriqi: Nuk ka njeri m\u00eb t\u00eb lumtur n\u00eb bot\u00eb sesa un\u00eb. I sh\u00ebnova dy gola"},"content":{"rendered":"<p>Vedat Muriqi kishte sh\u00ebnuar ndaj Osasun\u00ebs nga penalltia dy xhiro m\u00eb par\u00eb duke i dh\u00ebn\u00eb fund seris\u00eb s\u00eb zez\u00eb pa gola dhe duke i heshtur sadopak kritik\u00ebt.<\/p>\n<p>E futbollisti kosovar e p\u00ebrmir\u00ebsoi imazhin e k\u00ebtij sezoni edhe mbr\u00ebm\u00eb me dy gola t\u00eb sh\u00ebnuar n\u00eb pjes\u00ebn e par\u00eb kund\u00ebr Las Palmas, p\u00ebr ta ngritur n\u00eb 6 numrin e golave t\u00eb realizuar n\u00eb k\u00ebt\u00eb sezon.<\/p>\n<p>Sulmuesi prizrenas ndihet i lumtur p\u00ebr rikthimin e form\u00ebs, nd\u00ebrsa uron q\u00eb kjo t\u00eb vazhdoj\u00eb deri n\u00eb fund t\u00eb sezonit.<\/p>\n<p>\u201cN\u00eb k\u00ebt\u00eb moment, nuk ka njeri m\u00eb t\u00eb lumtur n\u00eb bot\u00eb sesa un\u00eb. I sh\u00ebnova dy gola dhe ekipi e fitoi loj\u00ebn. Do t\u00eb punoj shum\u00eb gjat\u00eb jav\u00ebs n\u00eb tentim p\u00ebr t\u00eb sh\u00ebnuar edhe n\u00eb ndeshjen e ardhshme\u201d, deklaroi 30 vje\u00e7ari pas ndeshjes.<\/p>\n<p>Muriqi foli edhe p\u00ebr paraqitjen e ekipit, i cili e gjeti fitoren me rezultat 3:1 ndaj Las Palmas, duke i dh\u00ebn\u00eb fund form\u00ebs s\u00eb zbeht\u00eb t\u00eb ndeshjeve t\u00eb fundit.<\/p>\n<p>\u201cNe luajt\u00ebm mjaft mir\u00eb n\u00eb pjes\u00ebn e par\u00eb, me dhe pa top. M\u00eb pas vuajt\u00ebm paksa n\u00eb pjes\u00ebn e dyt\u00eb. E dinim se duhej t\u00eb fitonim me \u00e7do kusht. Duke luajtur mir\u00eb apo dob\u00ebt, nuk ka r\u00ebnd\u00ebsi p\u00ebr mua: un\u00eb vet\u00ebm dua t\u00eb fitonim dhe ta ndalnim serin\u00eb e humbjeve sa m\u00eb shpejt t\u00eb ishte e mundur\u201d, p\u00ebrfundoi ish-futbollisti i Rizesporit, Fenerbah\u00e7es dhe Lazios.<\/p>\n<p>P\u00ebrkund\u00ebr v\u00ebshtir\u00ebsive me t\u00eb cilat u p\u00ebrball, gjasht\u00eb golat e k\u00ebtij edicioni iu afruan atyre t\u00eb sezonit t\u00eb kaluar, kur i realizonte shtat\u00eb sosh.<\/p>\n<p>Muriqi i ka n\u00eb dispozicion edhe 14 xhiro p\u00ebr t\u2019i p\u00ebrmir\u00ebsuar statistikat dhe ai uron t\u00eb vazhdoj\u00eb m\u00eb form\u00eb t\u00eb nj\u00ebjt\u00eb si n\u00eb xhirot e fundit.<\/p>\n","protected":false},"excerpt":{"rendered":"<p>Vedat Muriqi kishte sh\u00ebnuar ndaj Osasun\u00ebs nga penalltia dy xhiro m\u00eb par\u00eb duke i dh\u00ebn\u00eb fund seris\u00eb s\u00eb zez\u00eb pa gola dhe duke i heshtur sadopak kritik\u00ebt. E futbollisti kosovar e p\u00ebrmir\u00ebsoi imazhin e k\u00ebtij sezoni edhe mbr\u00ebm\u00eb me dy gola t\u00eb sh\u00ebnuar n\u00eb pjes\u00ebn e par\u00eb kund\u00ebr Las Palmas, p\u00ebr ta ngritur n\u00eb 6 [&hellip;]<\/p>\n","protected":false},"author":1,"featured_media":6902,"comment_status":"closed","ping_status":"closed","sticky":false,"template":"","format":"standard","meta":{"footnotes":""},"categories":[106],"tags":[],"class_list":{"0":"post-6901","1":"post","2":"type-post","3":"status-publish","4":"format-standard","5":"has-post-thumbnail","7":"category-sport"},"_links":{"self":[{"href":"https:\/\/syri.tv\/index.php?rest_route=\/wp\/v2\/posts\/6901","targetHints":{"allow":["GET"]}}],"collection":[{"href":"https:\/\/syri.tv\/index.php?rest_route=\/wp\/v2\/posts"}],"about":[{"href":"https:\/\/syri.tv\/index.php?rest_route=\/wp\/v2\/types\/post"}],"author":[{"embeddable":true,"href":"https:\/\/syri.tv\/index.php?rest_route=\/wp\/v2\/users\/1"}],"replies":[{"embeddable":true,"href":"https:\/\/syri.tv\/index.php?rest_route=%2Fwp%2Fv2%2Fcomments&post=6901"}],"version-history":[{"count":1,"href":"https:\/\/syri.tv\/index.php?rest_route=\/wp\/v2\/posts\/6901\/revisions"}],"predecessor-version":[{"id":6903,"href":"https:\/\/syri.tv\/index.php?rest_route=\/wp\/v2\/posts\/6901\/revisions\/6903"}],"wp:featuredmedia":[{"embeddable":true,"href":"https:\/\/syri.tv\/index.php?rest_route=\/wp\/v2\/media\/6902"}],"wp:attachment":[{"href":"https:\/\/syri.tv\/index.php?rest_route=%2Fwp%2Fv2%2Fmedia&parent=6901"}],"wp:term":[{"taxonomy":"category","embeddable":true,"href":"https:\/\/syri.tv\/index.php?rest_route=%2Fwp%2Fv2%2Fcategories&post=6901"},{"taxonomy":"post_tag","embeddable":true,"href":"https:\/\/syri.tv\/index.php?rest_route=%2Fwp%2Fv2%2Ftags&post=6901"}],"curies":[{"name":"wp","href":"https:\/\/api.w.org\/{rel}","templated":true}]}}