{"id":6844,"date":"2025-01-30T12:03:51","date_gmt":"2025-01-30T12:03:51","guid":{"rendered":"https:\/\/syri.tv\/?p=6844"},"modified":"2025-01-30T12:07:12","modified_gmt":"2025-01-30T12:07:12","slug":"ridvan-murati-me-filmin-zvicerano-gjerman-heldin-ne-premieren-boterore-ne-berlinale-75-film-festival","status":"publish","type":"post","link":"https:\/\/syri.tv\/?p=6844","title":{"rendered":"Ridvan Murati me Filmin zvicerano-gjerman &#171;Heldin&#187; n\u00eb premier\u00ebn bot\u00ebrore n\u00eb Berlinale 75 Film Festival."},"content":{"rendered":"<div dir=\"auto\">P\u00ebrve\u00e7 Akademis\u00eb s\u00eb \u00c7mimeve Oscar dhe Festivalit t\u00eb Filmit n\u00eb Cannes, Festivali Nd\u00ebrkomb\u00ebtar i Filmit n\u00eb Berlin, i njohur si Berlinale, \u00ebsht\u00eb nj\u00eb nga festivalet m\u00eb prestigjioze t\u00eb filmit n\u00eb bot\u00eb. Edicioni i 75-t\u00eb jubilear do t\u00eb mbahet nga 13 deri m\u00eb 23 shkurt 2025.<\/div>\n<div dir=\"auto\">T\u00eb marr\u00ebsh pjes\u00eb n\u00eb nj\u00eb nga k\u00ebto festivale \u00ebsht\u00eb nj\u00eb \u00ebnd\u00ebrr p\u00ebr \u00e7do aktor, regjisor apo skenarist.<\/div>\n<div dir=\"auto\">K\u00ebto dit\u00eb u d\u00ebshmua edhe nj\u00eb her\u00eb se puna, p\u00ebrkushtimi dhe vendosm\u00ebria jan\u00eb \u00e7el\u00ebsi p\u00ebr t\u00eb arritur suksesin. Prandaj, dua t\u00eb ndaj me ju nj\u00eb lajm fantastik q\u00eb vjen nga Berlini!<\/div>\n<div dir=\"auto\"><img loading=\"lazy\" loading=\"lazy\" decoding=\"async\" class=\"alignnone  wp-image-6848\" src=\"https:\/\/syri.tv\/wp-content\/uploads\/2025\/01\/r2-1024x768.jpg\" alt=\"\" width=\"956\" height=\"717\" srcset=\"https:\/\/syri.tv\/wp-content\/uploads\/2025\/01\/r2-1024x768.jpg 1024w, https:\/\/syri.tv\/wp-content\/uploads\/2025\/01\/r2-300x225.jpg 300w, https:\/\/syri.tv\/wp-content\/uploads\/2025\/01\/r2-768x576.jpg 768w, https:\/\/syri.tv\/wp-content\/uploads\/2025\/01\/r2-1536x1152.jpg 1536w, https:\/\/syri.tv\/wp-content\/uploads\/2025\/01\/r2-860x645.jpg 860w, https:\/\/syri.tv\/wp-content\/uploads\/2025\/01\/r2.jpg 2048w\" sizes=\"auto, (max-width: 956px) 100vw, 956px\" \/><\/div>\n<div dir=\"auto\">Filmi zvicerano-gjerman &#171;Heldin&#187;, t\u00eb cilin e kemi xhiruar n\u00eb fillim t\u00eb vitit 2024, do t\u00eb ket\u00eb premier\u00ebn bot\u00ebrore n\u00eb nj\u00eb nga festivalet m\u00eb t\u00eb m\u00ebdha t\u00eb filmit n\u00eb bot\u00eb \u2013 Berlinale 75 Film Festival.<\/div>\n<div dir=\"auto\">S\u00eb bashku me regjisor\u00ebn e njohur Petra Volpe dhe aktoren e talentuar Leonie Benesch \u2013 e cila n\u00eb vitin 2023 u shpall aktorja m\u00eb e mir\u00eb n\u00eb Gjermani p\u00ebr filmin &#171;Der Lehrerzimmer&#187; \u2013 do t\u00eb jemi n\u00eb tapetin e kuq n\u00eb shkurt 2025, n\u00eb Berlin.<\/div>\n<div dir=\"auto\">Menj\u00ebher\u00eb pas Berlinales, n\u00eb fund t\u00eb shkurtit, &#171;Heldin&#187; do t\u00eb shfaqet premier\u00eb edhe n\u00eb Z\u00fcrich, e m\u00eb pas n\u00eb t\u00eb gjitha kinemat\u00eb zvicerane.<\/div>\n<div dir=\"auto\">Jam jasht\u00ebzakonisht i lumtur, jo vet\u00ebm si aktor nga Kosova, por edhe sepse mund ta ndaj k\u00ebt\u00eb arritje me ju t\u00eb gjith\u00eb. Ky \u00ebsht\u00eb nj\u00eb mesazh p\u00ebr k\u00ebdo q\u00eb \u00ebnd\u00ebrron: \u00ebndrrat mund t\u00eb b\u00ebhen realitet, pavar\u00ebsisht gjuh\u00ebs apo vendit ku jetoni.<\/div>\n<div dir=\"auto\">Prandaj, kurr\u00eb mos u dor\u00ebzoni!<\/div>\n<div dir=\"auto\"><img loading=\"lazy\" loading=\"lazy\" decoding=\"async\" class=\"alignnone size-large wp-image-6845\" src=\"https:\/\/syri.tv\/wp-content\/uploads\/2025\/01\/r1-819x1024.jpg\" alt=\"\" width=\"819\" height=\"1024\" srcset=\"https:\/\/syri.tv\/wp-content\/uploads\/2025\/01\/r1-819x1024.jpg 819w, https:\/\/syri.tv\/wp-content\/uploads\/2025\/01\/r1-240x300.jpg 240w, https:\/\/syri.tv\/wp-content\/uploads\/2025\/01\/r1-768x960.jpg 768w, https:\/\/syri.tv\/wp-content\/uploads\/2025\/01\/r1-1229x1536.jpg 1229w, https:\/\/syri.tv\/wp-content\/uploads\/2025\/01\/r1-860x1075.jpg 860w, https:\/\/syri.tv\/wp-content\/uploads\/2025\/01\/r1-1536x1920.jpg 1536w, https:\/\/syri.tv\/wp-content\/uploads\/2025\/01\/r1.jpg 1638w\" sizes=\"auto, (max-width: 819px) 100vw, 819px\" \/><\/div>\n<div dir=\"auto\">Kudo q\u00eb t\u00eb jeni, ndihuni pjes\u00eb e atij vendi, por gjithmon\u00eb ruani dhe respektoni rr\u00ebnj\u00ebt tuaja.<\/div>\n<div dir=\"auto\">Ridvan Murati<\/div>\n","protected":false},"excerpt":{"rendered":"<p>P\u00ebrve\u00e7 Akademis\u00eb s\u00eb \u00c7mimeve Oscar dhe Festivalit t\u00eb Filmit n\u00eb Cannes, Festivali Nd\u00ebrkomb\u00ebtar i Filmit n\u00eb Berlin, i njohur si Berlinale, \u00ebsht\u00eb nj\u00eb nga festivalet m\u00eb prestigjioze t\u00eb filmit n\u00eb bot\u00eb. Edicioni i 75-t\u00eb jubilear do t\u00eb mbahet nga 13 deri m\u00eb 23 shkurt 2025. T\u00eb marr\u00ebsh pjes\u00eb n\u00eb nj\u00eb nga k\u00ebto festivale \u00ebsht\u00eb nj\u00eb [&hellip;]<\/p>\n","protected":false},"author":1,"featured_media":6846,"comment_status":"closed","ping_status":"closed","sticky":false,"template":"","format":"standard","meta":{"footnotes":""},"categories":[10],"tags":[],"class_list":{"0":"post-6844","1":"post","2":"type-post","3":"status-publish","4":"format-standard","5":"has-post-thumbnail","7":"category-bota"},"_links":{"self":[{"href":"https:\/\/syri.tv\/index.php?rest_route=\/wp\/v2\/posts\/6844","targetHints":{"allow":["GET"]}}],"collection":[{"href":"https:\/\/syri.tv\/index.php?rest_route=\/wp\/v2\/posts"}],"about":[{"href":"https:\/\/syri.tv\/index.php?rest_route=\/wp\/v2\/types\/post"}],"author":[{"embeddable":true,"href":"https:\/\/syri.tv\/index.php?rest_route=\/wp\/v2\/users\/1"}],"replies":[{"embeddable":true,"href":"https:\/\/syri.tv\/index.php?rest_route=%2Fwp%2Fv2%2Fcomments&post=6844"}],"version-history":[{"count":3,"href":"https:\/\/syri.tv\/index.php?rest_route=\/wp\/v2\/posts\/6844\/revisions"}],"predecessor-version":[{"id":6850,"href":"https:\/\/syri.tv\/index.php?rest_route=\/wp\/v2\/posts\/6844\/revisions\/6850"}],"wp:featuredmedia":[{"embeddable":true,"href":"https:\/\/syri.tv\/index.php?rest_route=\/wp\/v2\/media\/6846"}],"wp:attachment":[{"href":"https:\/\/syri.tv\/index.php?rest_route=%2Fwp%2Fv2%2Fmedia&parent=6844"}],"wp:term":[{"taxonomy":"category","embeddable":true,"href":"https:\/\/syri.tv\/index.php?rest_route=%2Fwp%2Fv2%2Fcategories&post=6844"},{"taxonomy":"post_tag","embeddable":true,"href":"https:\/\/syri.tv\/index.php?rest_route=%2Fwp%2Fv2%2Ftags&post=6844"}],"curies":[{"name":"wp","href":"https:\/\/api.w.org\/{rel}","templated":true}]}}