{"id":6830,"date":"2025-01-25T17:09:27","date_gmt":"2025-01-25T17:09:27","guid":{"rendered":"https:\/\/syri.tv\/?p=6830"},"modified":"2025-01-25T17:11:43","modified_gmt":"2025-01-25T17:11:43","slug":"lugina-per-kosoven-eshte-kosove","status":"publish","type":"post","link":"https:\/\/syri.tv\/?p=6830","title":{"rendered":"LUGINA P\u00cbR KOSOV\u00cbN \u00cbSHT\u00cb KOSOV\u00cb"},"content":{"rendered":"<div class=\"x11i5rnm xat24cr x1mh8g0r x1vvkbs xtlvy1s x126k92a\">\n<div dir=\"auto\">P\u00ebr dekada, shqiptar\u00ebt e Lugin\u00ebs \u2013 Preshev\u00ebs, Bujanocit dhe Medvegj\u00ebs \u2013 kan\u00eb jetuar n\u00ebn hijen e harres\u00ebs institucionale dhe munges\u00ebs s\u00eb mb\u00ebshtetjes konkrete. Por sot, fal\u00eb Qeveris\u00eb Kurti, ky realitet ka ndryshuar rr\u00ebnj\u00ebsisht.<\/div>\n<\/div>\n<div class=\"x11i5rnm xat24cr x1mh8g0r x1vvkbs xtlvy1s x126k92a\">\n<div dir=\"auto\">Nj\u00eb qasje gjith\u00ebp\u00ebrfshir\u00ebse dhe strategjike \u00ebsht\u00eb nd\u00ebrtuar mbi projekte konkrete, investime t\u00eb q\u00ebndrueshme dhe angazhim komb\u00ebtar t\u00eb pandalsh\u00ebm p\u00ebr shqiptar\u00ebt e Lugin\u00ebs.<\/div>\n<\/div>\n<div class=\"x11i5rnm xat24cr x1mh8g0r x1vvkbs xtlvy1s x126k92a\">\n<div dir=\"auto\">Mb\u00ebshtetje financiare konkrete:<\/div>\n<\/div>\n<div class=\"x11i5rnm xat24cr x1mh8g0r x1vvkbs xtlvy1s x126k92a\">\n<div dir=\"auto\">2022: 2 milion\u00eb euro<\/div>\n<\/div>\n<div class=\"x11i5rnm xat24cr x1mh8g0r x1vvkbs xtlvy1s x126k92a\">\n<div dir=\"auto\">2023: 2 milion\u00eb euro<\/div>\n<\/div>\n<div class=\"x11i5rnm xat24cr x1mh8g0r x1vvkbs xtlvy1s x126k92a\">\n<div dir=\"auto\">2024: 3 milion\u00eb euro<\/div>\n<\/div>\n<div class=\"x11i5rnm xat24cr x1mh8g0r x1vvkbs xtlvy1s x126k92a\">\n<div dir=\"auto\">2025: 4 milion\u00eb euro<\/div>\n<\/div>\n<div class=\"x11i5rnm xat24cr x1mh8g0r x1vvkbs xtlvy1s x126k92a\">\n<div dir=\"auto\">K\u00ebto fonde kan\u00eb p\u00ebr q\u00ebllim p\u00ebrmir\u00ebsimin e \u00e7do fushe: arsimin, kultur\u00ebn, sportin, mbrojtjen e t\u00eb drejtave dhe zhvillimin ekonomik.<\/div>\n<\/div>\n<div class=\"x11i5rnm xat24cr x1mh8g0r x1vvkbs xtlvy1s x126k92a\">\n<div dir=\"auto\">Prioritet i brezave t\u00eb ardhsh\u00ebm:<\/div>\n<\/div>\n<div class=\"x11i5rnm xat24cr x1mh8g0r x1vvkbs xtlvy1s x126k92a\">\n<div dir=\"auto\">Libra falas p\u00ebr rreth 4,000 nx\u00ebn\u00ebs t\u00eb arsimit fillor p\u00ebr tri vite rresht.<\/div>\n<\/div>\n<div class=\"x11i5rnm xat24cr x1mh8g0r x1vvkbs xtlvy1s x126k92a\">\n<div dir=\"auto\">107 bursa t\u00eb ekselenc\u00ebs p\u00ebr student\u00ebt m\u00eb t\u00eb dalluar.<\/div>\n<\/div>\n<div class=\"x11i5rnm xat24cr x1mh8g0r x1vvkbs xtlvy1s x126k92a\">\n<div dir=\"auto\">1,234 bursa solidariteti p\u00ebr nx\u00ebn\u00ebs dhe student\u00eb.<\/div>\n<\/div>\n<div class=\"x11i5rnm xat24cr x1mh8g0r x1vvkbs xtlvy1s x126k92a\">\n<div dir=\"auto\">Mund\u00ebsi p\u00ebr praktika profesionale n\u00eb institucionet e Kosov\u00ebs.<\/div>\n<\/div>\n<div class=\"x11i5rnm xat24cr x1mh8g0r x1vvkbs xtlvy1s x126k92a\">\n<div dir=\"auto\">Trajnime falas p\u00ebr m\u00ebsuesit n\u00eb Lugin\u00eb.<\/div>\n<\/div>\n<div class=\"x11i5rnm xat24cr x1mh8g0r x1vvkbs xtlvy1s x126k92a\">\n<div dir=\"auto\">Ruajtja dhe promovimi i kultur\u00ebs shqiptare:<\/div>\n<\/div>\n<div class=\"x11i5rnm xat24cr x1mh8g0r x1vvkbs xtlvy1s x126k92a\">\n<div dir=\"auto\">Financimi i 75 projekteve q\u00eb mb\u00ebshtesin trash\u00ebgimin\u00eb kulturore dhe gjuh\u00ebn shqipe.<\/div>\n<\/div>\n<div class=\"x11i5rnm xat24cr x1mh8g0r x1vvkbs xtlvy1s x126k92a\">\n<div dir=\"auto\">Mb\u00ebshtetje p\u00ebr tre televizione shqip, q\u00eb sigurojn\u00eb platforma p\u00ebr informim dhe edukim.<\/div>\n<\/div>\n<div class=\"x11i5rnm xat24cr x1mh8g0r x1vvkbs xtlvy1s x126k92a\">\n<div dir=\"auto\">Shkolla sportive p\u00ebr sportet m\u00eb t\u00eb dashura si futbolli, basketbolli, boksi dhe atletika.<\/div>\n<\/div>\n<div class=\"x11i5rnm xat24cr x1mh8g0r x1vvkbs xtlvy1s x126k92a\">\n<div dir=\"auto\">Projekte p\u00ebr mbrojtjen e ambientit dhe zhvillimin e q\u00ebndruesh\u00ebm.<\/div>\n<\/div>\n<div class=\"x11i5rnm xat24cr x1mh8g0r x1vvkbs xtlvy1s x126k92a\">\n<div dir=\"auto\">Lobimi Nd\u00ebrkomb\u00ebtar:<\/div>\n<\/div>\n<div class=\"x11i5rnm xat24cr x1mh8g0r x1vvkbs xtlvy1s x126k92a\">\n<div dir=\"auto\">Diskriminimi dhe pasivizimi i adresave jan\u00eb ngritur n\u00eb nivelet m\u00eb t\u00eb larta nd\u00ebrkomb\u00ebtare: n\u00eb Senatin dhe Kongresin Amerikan, Bashkimin Evropian dhe K\u00ebshillin e Evrop\u00ebs. Lugina \u00ebsht\u00eb b\u00ebr\u00eb tem\u00eb diskutimi n\u00eb qendra t\u00eb r\u00ebnd\u00ebsishme si Brukseli, Berlini, Uashingtoni dhe New York-u.<\/div>\n<\/div>\n<div class=\"x11i5rnm xat24cr x1mh8g0r x1vvkbs xtlvy1s x126k92a\">\n<div dir=\"auto\">Trajtim i barabart\u00eb p\u00ebr \u00e7do shqiptar t\u00eb Lugin\u00ebs:<\/div>\n<\/div>\n<div class=\"x11i5rnm xat24cr x1mh8g0r x1vvkbs xtlvy1s x126k92a\">\n<div dir=\"auto\">Shqiptar\u00ebt e Lugin\u00ebs t\u00eb padokumentuar pajisen me shtet\u00ebsin\u00eb e Kosov\u00ebs pa pengesa pas dy dekadash.<\/div>\n<\/div>\n<div class=\"x11i5rnm xat24cr x1mh8g0r x1vvkbs xtlvy1s x126k92a\">\n<div dir=\"auto\">Pronat e tyre regjistrohen me leht\u00ebsi, duke garantuar stabilitet dhe siguri pron\u00ebsore.<\/div>\n<\/div>\n<div class=\"x11i5rnm xat24cr x1mh8g0r x1vvkbs xtlvy1s x126k92a\">\n<div dir=\"auto\">Sh\u00ebrbimet sh\u00ebndet\u00ebsore t\u00eb barabarta me qytetar\u00ebt e Kosov\u00ebs.<\/div>\n<\/div>\n<div class=\"x11i5rnm xat24cr x1mh8g0r x1vvkbs xtlvy1s x126k92a\">\n<div dir=\"auto\">Trajtim i barabart\u00eb i student\u00ebve t\u00eb Lugin\u00ebs n\u00eb Kosov\u00eb.<\/div>\n<\/div>\n<div class=\"x11i5rnm xat24cr x1mh8g0r x1vvkbs xtlvy1s x126k92a\">\n<div dir=\"auto\">Fuqizimi i grupeve m\u00eb t\u00eb cenuara:<\/div>\n<\/div>\n<div class=\"x11i5rnm xat24cr x1mh8g0r x1vvkbs xtlvy1s x126k92a\">\n<div dir=\"auto\">Mb\u00ebshtetje p\u00ebr 953 fermer\u00eb shqiptar\u00eb p\u00ebr zhvillimin e bujq\u00ebsis\u00eb. Mjetet i jan\u00eb bartur KKSH<\/div>\n<\/div>\n<div class=\"x11i5rnm xat24cr x1mh8g0r x1vvkbs xtlvy1s x126k92a\">\n<div dir=\"auto\">Projekte p\u00ebr fuqizimin ekonomik t\u00eb grave dhe t\u00eb rinjve.<\/div>\n<\/div>\n<div class=\"x11i5rnm xat24cr x1mh8g0r x1vvkbs xtlvy1s x126k92a\">\n<div dir=\"auto\">Ndihm\u00eb konkrete p\u00ebr f\u00ebmij\u00ebt me nevoja t\u00eb ve\u00e7anta.<\/div>\n<\/div>\n<div class=\"x11i5rnm xat24cr x1mh8g0r x1vvkbs xtlvy1s x126k92a\">\n<div dir=\"auto\"><span class=\"html-span xexx8yu x4uap5 x18d9i69 xkhd6sd x1hl2dhg x16tdsg8 x1vvkbs x3nfvp2 x1j61x8r x1fcty0u xdj266r xat24cr xgzva0m xhhsvwb xxymvpz xlup9mm x1kky2od\"><img loading=\"lazy\" loading=\"lazy\" decoding=\"async\" class=\"xz74otr\" src=\"https:\/\/static.xx.fbcdn.net\/images\/emoji.php\/v9\/tce\/1\/16\/1f1fd_1f1f0.png\" alt=\"\ud83c\uddfd\ud83c\uddf0\" width=\"16\" height=\"16\" \/><\/span><span class=\"html-span xexx8yu x4uap5 x18d9i69 xkhd6sd x1hl2dhg x16tdsg8 x1vvkbs x3nfvp2 x1j61x8r x1fcty0u xdj266r xat24cr xgzva0m xhhsvwb xxymvpz xlup9mm x1kky2od\"><img loading=\"lazy\" loading=\"lazy\" decoding=\"async\" class=\"xz74otr\" src=\"https:\/\/static.xx.fbcdn.net\/images\/emoji.php\/v9\/t42\/1\/16\/1f1e6_1f1f1.png\" alt=\"\ud83c\udde6\ud83c\uddf1\" width=\"16\" height=\"16\" \/><\/span> Politikat e Qeveris\u00eb s\u00eb Kosov\u00ebs p\u00ebr Lugin\u00ebn e Preshev\u00ebs jan\u00eb shembulli m\u00eb i mir\u00eb i p\u00ebrkushtimit dhe vizionit komb\u00ebtar.<\/div>\n<\/div>\n<div class=\"x11i5rnm xat24cr x1mh8g0r x1vvkbs xtlvy1s x126k92a\">\n<div dir=\"auto\">Fal\u00eb k\u00ebtyre p\u00ebrpjekjeve, Lugina nuk \u00ebsht\u00eb m\u00eb nj\u00eb \u00e7\u00ebshtje e l\u00ebn\u00eb pas dore, por nj\u00eb prioritet komb\u00ebtar i trajtuar me seriozitet.<\/div>\n<\/div>\n<div class=\"x11i5rnm xat24cr x1mh8g0r x1vvkbs xtlvy1s x126k92a\">\n<div dir=\"auto\">Shqiptar\u00ebt e Preshev\u00ebs, Bujanocit dhe Medvegj\u00ebs sot g\u00ebzojn\u00eb mb\u00ebshtetje t\u00eb prekshme, dinjitet dhe barazi shkruan Kryetarja e Preshev\u00ebs Ardita Sinani n\u00eb profilin e saj\u00eb n\u00eb FB.<\/div>\n<\/div>\n","protected":false},"excerpt":{"rendered":"<p>P\u00ebr dekada, shqiptar\u00ebt e Lugin\u00ebs \u2013 Preshev\u00ebs, Bujanocit dhe Medvegj\u00ebs \u2013 kan\u00eb jetuar n\u00ebn hijen e harres\u00ebs institucionale dhe munges\u00ebs s\u00eb mb\u00ebshtetjes konkrete. Por sot, fal\u00eb Qeveris\u00eb Kurti, ky realitet ka ndryshuar rr\u00ebnj\u00ebsisht. Nj\u00eb qasje gjith\u00ebp\u00ebrfshir\u00ebse dhe strategjike \u00ebsht\u00eb nd\u00ebrtuar mbi projekte konkrete, investime t\u00eb q\u00ebndrueshme dhe angazhim komb\u00ebtar t\u00eb pandalsh\u00ebm p\u00ebr shqiptar\u00ebt e Lugin\u00ebs. [&hellip;]<\/p>\n","protected":false},"author":1,"featured_media":6831,"comment_status":"closed","ping_status":"closed","sticky":false,"template":"","format":"standard","meta":{"footnotes":""},"categories":[9],"tags":[],"class_list":{"0":"post-6830","1":"post","2":"type-post","3":"status-publish","4":"format-standard","5":"has-post-thumbnail","7":"category-vendi"},"_links":{"self":[{"href":"https:\/\/syri.tv\/index.php?rest_route=\/wp\/v2\/posts\/6830","targetHints":{"allow":["GET"]}}],"collection":[{"href":"https:\/\/syri.tv\/index.php?rest_route=\/wp\/v2\/posts"}],"about":[{"href":"https:\/\/syri.tv\/index.php?rest_route=\/wp\/v2\/types\/post"}],"author":[{"embeddable":true,"href":"https:\/\/syri.tv\/index.php?rest_route=\/wp\/v2\/users\/1"}],"replies":[{"embeddable":true,"href":"https:\/\/syri.tv\/index.php?rest_route=%2Fwp%2Fv2%2Fcomments&post=6830"}],"version-history":[{"count":2,"href":"https:\/\/syri.tv\/index.php?rest_route=\/wp\/v2\/posts\/6830\/revisions"}],"predecessor-version":[{"id":6833,"href":"https:\/\/syri.tv\/index.php?rest_route=\/wp\/v2\/posts\/6830\/revisions\/6833"}],"wp:featuredmedia":[{"embeddable":true,"href":"https:\/\/syri.tv\/index.php?rest_route=\/wp\/v2\/media\/6831"}],"wp:attachment":[{"href":"https:\/\/syri.tv\/index.php?rest_route=%2Fwp%2Fv2%2Fmedia&parent=6830"}],"wp:term":[{"taxonomy":"category","embeddable":true,"href":"https:\/\/syri.tv\/index.php?rest_route=%2Fwp%2Fv2%2Fcategories&post=6830"},{"taxonomy":"post_tag","embeddable":true,"href":"https:\/\/syri.tv\/index.php?rest_route=%2Fwp%2Fv2%2Ftags&post=6830"}],"curies":[{"name":"wp","href":"https:\/\/api.w.org\/{rel}","templated":true}]}}