{"id":6824,"date":"2025-01-24T11:46:36","date_gmt":"2025-01-24T11:46:36","guid":{"rendered":"https:\/\/syri.tv\/?p=6824"},"modified":"2025-01-24T11:46:46","modified_gmt":"2025-01-24T11:46:46","slug":"novi-sadi-i-bllokuar-greve-ne-beograd-serbia-po-vlon-sot-nga-pakenaqesia-qytetare","status":"publish","type":"post","link":"https:\/\/syri.tv\/?p=6824","title":{"rendered":"Novi Sadi i bllokuar, grev\u00eb n\u00eb Beograd, Serbia po vlon sot nga pak\u00ebnaq\u00ebsia qytetare"},"content":{"rendered":"<p><strong>Sot n\u00eb kryeqytetin e Serbis\u00eb po mbahet nj\u00eb grev\u00eb e p\u00ebrgjithshme si nj\u00eb form\u00eb e mosbindjes civile, e thirrur nga student\u00ebt dhe nx\u00ebn\u00ebsit e shkollave t\u00eb mesme, shkruan Danas, trasnmeton Express.<\/strong><\/p>\n<p>Punonj\u00ebsit e arsimit i jan\u00eb bashkuar gjithashtu k\u00ebsaj greve.<\/p>\n<p>N\u00eb Serbi, q\u00eb nga shembja e stacionit n\u00eb Novi Sad m\u00eb 1 n\u00ebntor, ku vdiq\u00ebn 15 persona, u p\u00ebrhap nj\u00eb val\u00eb bllokadash dhe protestash, t\u00eb cilat sot shkrihen n\u00eb nj\u00eb grev\u00eb t\u00eb p\u00ebrgjithshme.<\/p>\n<p>Grev\u00ebs i jan\u00eb bashkuar edhe disa redaksi t\u00eb mediave si Danas, N1, Nova .<\/p>\n<p>Policia nd\u00ebrkoh\u00eb \u00ebsht\u00eb vendosur\u00a0n\u00eb t\u00eb gjitha hyrjet e nd\u00ebrtes\u00ebs s\u00eb Radio Televizionit t\u00eb Serbis\u00eb.<\/p>\n<p>Gjithashtu n\u00eb Novi Sad \u00ebsht\u00eb bllokuar rruga q\u00eb \u00e7on p\u00ebr Beograd<\/p>\n<h2 class=\"single__title\"><\/h2>\n","protected":false},"excerpt":{"rendered":"<p>Sot n\u00eb kryeqytetin e Serbis\u00eb po mbahet nj\u00eb grev\u00eb e p\u00ebrgjithshme si nj\u00eb form\u00eb e mosbindjes civile, e thirrur nga student\u00ebt dhe nx\u00ebn\u00ebsit e shkollave t\u00eb mesme, shkruan Danas, trasnmeton Express. Punonj\u00ebsit e arsimit i jan\u00eb bashkuar gjithashtu k\u00ebsaj greve. N\u00eb Serbi, q\u00eb nga shembja e stacionit n\u00eb Novi Sad m\u00eb 1 n\u00ebntor, ku vdiq\u00ebn [&hellip;]<\/p>\n","protected":false},"author":1,"featured_media":6825,"comment_status":"closed","ping_status":"closed","sticky":false,"template":"","format":"standard","meta":{"footnotes":""},"categories":[105],"tags":[],"class_list":{"0":"post-6824","1":"post","2":"type-post","3":"status-publish","4":"format-standard","5":"has-post-thumbnail","7":"category-europa"},"_links":{"self":[{"href":"https:\/\/syri.tv\/index.php?rest_route=\/wp\/v2\/posts\/6824","targetHints":{"allow":["GET"]}}],"collection":[{"href":"https:\/\/syri.tv\/index.php?rest_route=\/wp\/v2\/posts"}],"about":[{"href":"https:\/\/syri.tv\/index.php?rest_route=\/wp\/v2\/types\/post"}],"author":[{"embeddable":true,"href":"https:\/\/syri.tv\/index.php?rest_route=\/wp\/v2\/users\/1"}],"replies":[{"embeddable":true,"href":"https:\/\/syri.tv\/index.php?rest_route=%2Fwp%2Fv2%2Fcomments&post=6824"}],"version-history":[{"count":1,"href":"https:\/\/syri.tv\/index.php?rest_route=\/wp\/v2\/posts\/6824\/revisions"}],"predecessor-version":[{"id":6826,"href":"https:\/\/syri.tv\/index.php?rest_route=\/wp\/v2\/posts\/6824\/revisions\/6826"}],"wp:featuredmedia":[{"embeddable":true,"href":"https:\/\/syri.tv\/index.php?rest_route=\/wp\/v2\/media\/6825"}],"wp:attachment":[{"href":"https:\/\/syri.tv\/index.php?rest_route=%2Fwp%2Fv2%2Fmedia&parent=6824"}],"wp:term":[{"taxonomy":"category","embeddable":true,"href":"https:\/\/syri.tv\/index.php?rest_route=%2Fwp%2Fv2%2Fcategories&post=6824"},{"taxonomy":"post_tag","embeddable":true,"href":"https:\/\/syri.tv\/index.php?rest_route=%2Fwp%2Fv2%2Ftags&post=6824"}],"curies":[{"name":"wp","href":"https:\/\/api.w.org\/{rel}","templated":true}]}}