{"id":6762,"date":"2025-01-02T17:04:38","date_gmt":"2025-01-02T17:04:38","guid":{"rendered":"https:\/\/syri.tv\/?p=6762"},"modified":"2025-01-02T17:04:38","modified_gmt":"2025-01-02T17:04:38","slug":"halil-geciqendrimi-i-kurtit-po-shkund-serbine-vucicin-dhe-opoziten-9-shkurti-fundi-i-fyerjeve-dhe-sulmeve-kunder-tij","status":"publish","type":"post","link":"https:\/\/syri.tv\/?p=6762","title":{"rendered":"Halil Geci:\u201cQ\u00ebndrimi i Kurtit po Shkund Serbin\u00eb, Vu\u00e7i\u00e7in dhe Opozit\u00ebn: 9 Shkurti, Fundi i Fyerjeve dhe Sulmeve Kund\u00ebr Tij\u201d"},"content":{"rendered":"<p>\u201cQ\u00ebndrimi i Kurtit po Shkund Serbin\u00eb, Vu\u00e7i\u00e7in dhe Opozit\u00ebn: 9 Shkurti, Fundi i Fyerjeve dhe Sulmeve Kund\u00ebr Tij\u201d<\/p>\n<p>K\u00ebt\u00eb mesazh po ia p\u00ebrcjell opozit\u00ebs q\u00eb t\u2019ju sh\u00ebrbej\u00eb si m\u00ebsim se opozitarizmi juaj ka r\u00ebn\u00eb n\u00ebn ndikimin serbo-rus. A nuk po e shohin opozitar\u00ebt se q\u00ebndrimi i pal\u00ebkundur i Kurtit n\u00eb mbrojtje t\u00eb interesave t\u00eb Kosov\u00ebs po e shkund Serbin\u00eb dhe Vu\u00e7iqin? S\u00eb bashku me Vu\u00e7iqin, po e shkund edhe opozit\u00ebn e Kosov\u00ebs, bashk\u00eb me analist\u00ebt dhe zuzar\u00ebt q\u00eb nuk din\u00eb \u00e7far\u00eb \u00ebsht\u00eb politika dhe e shajn\u00eb Kurtin p\u00ebr interesa t\u00eb vogla sa nj\u00eb gog\u00ebl, duke i b\u00ebr\u00eb krah Serbis\u00eb.<\/p>\n<p>Demonstratat e opozit\u00ebs n\u00eb Serbi dhe q\u00ebndrimi i vendosur i Albin Kurtit p\u00ebr t\u00eb mos l\u00ebshuar pe ndaj k\u00ebrkesave t\u00eb padrejta t\u00eb Aleksandar Vu\u00e7iqit n\u00eb raport me Kosov\u00ebn kan\u00eb tronditur Serbin\u00eb. Vu\u00e7iqi, i ndihmuar nga Borelli, Laj\u00e7aku, Grenelli, si dhe shqipfol\u00ebsit e PDK-s\u00eb dhe LDK-s\u00eb, ka arritur disa marr\u00ebveshje t\u00eb d\u00ebmshme q\u00eb do ta \u00e7b\u00ebnin Kosov\u00ebn.<\/p>\n<p>Pavar\u00ebsisht k\u00ebsaj ndihme q\u00eb Vu\u00e7iqi ka marr\u00eb nga Borelli, Laj\u00e7aku dhe Grenelli, presionet nd\u00ebrkomb\u00ebtare nga qarqe t\u00eb tjera nuk i kan\u00eb munguar as Kurtit e as Serbis\u00eb, p\u00ebr t\u00eb shtyr\u00eb p\u00ebrpara t\u00eb ashtuquajtur\u00ebn \u201cZajednic\u00eb\u201d t\u00eb 2013-2015, apo \u00e7b\u00ebrjen e Kosov\u00ebs q\u00eb e miratuan tradhtar\u00ebt e LDK-s\u00eb dhe PDK-s\u00eb n\u00eb parlament me 84 vota pro. Kjo marr\u00ebveshje u \u00e7ua n\u00eb Gjykat\u00ebn Kushtetuese, e cila e ktheu me 23 shkelje.<\/p>\n<p>K\u00ebtu lind pyetja: pse nuk e zbatuat ju, opozitar\u00ebt, kur kishit mund\u00ebsin\u00eb ta b\u00ebnit sa ishit n\u00eb pushtet? Apo thjesht d\u00ebshironit t\u2019ia linit nj\u00ebri-tjetrit \u201ckopilin n\u00eb der\u00eb\u201d?<\/p>\n<p>Kjo \u00e7ka po ndodh\u00eb n\u00eb serbi po d\u00ebshmojn\u00eb fundin e nj\u00eb epoke manipulimi nga ana e Vu\u00e7i\u00e7it. Nj\u00eb fund i ngjash\u00ebm me at\u00eb t\u00eb Milloshevi\u00e7it, i cili p\u00ebrdorte marr\u00ebveshje t\u00eb dyshimta p\u00ebr t\u00eb mbajtur pushtetin, gjithmon\u00eb duke e instrumentalizuar Kosov\u00ebn si arm\u00ebn e tij politike.<\/p>\n<p>Aleksandar Vu\u00e7i\u00e7, gjat\u00eb gjith\u00eb qeverisjes s\u00eb tij, ka pasur vet\u00ebm nj\u00eb let\u00ebr p\u00ebr t\u00eb q\u00ebndruar n\u00eb pushtet: kart\u00ebn e Kosov\u00ebs,dhe mb\u00ebshtetjen ruse nga Putini dhe putin\u00ebt sh\u00e7ipfol\u00ebs n\u00eb Tiran\u00eb dhe Prishtin\u00eb,nga BE kishte mb\u00ebshtetjen nga mercenaret rus\u00eb Borell dhe Lej\u00e7ak.<\/p>\n<p>Vu\u00e7i\u00e7 ka \u00e7\u00ebndrua n\u00eb pushtet gjithmon\u00eb duke i g\u00ebnjyar votusit serb\u00eb se po e \u201cmbron\u201d Kosov\u00ebn nga \u201cseparatist\u00ebt shqiptar\u00eb\u201d, ai ka nd\u00ebrtuar nj\u00eb narrativ\u00eb t\u00eb rreme, nj\u00ebsoj si\u00e7 kan\u00eb vepruar disa lider\u00eb t\u00eb s\u00eb kaluar\u00ebs Kosovar\u00eb \u00e7\u00eb b\u00ebnin marr\u00ebveshje t\u00eb tradhtis\u00eb e shit\u00ebshin si heroj\u00eb t\u00eb liris\u00eb duke i arsytuar tradhtit\u00eb e tyre si marr\u00ebveshje historike kur e dhan\u00eb,dhe e n\u00ebnshkruan Zajednic\u00ebn dhe e ratifikuan n\u00eb parlament serbska republik\u00ebn e veriut,pos k\u00ebsaj tradhtije k\u00ebta tradhtar i lan\u00eb kopilin n\u00eb der\u00eb me zajednic\u00ebn edhe gjasht komunat serbe n\u00eb jug\u00eb.Pastaj ekstra teritoret e manastireve,humbjen e 8226 h toke Malit t\u00eb zi,duke mos ua llogaritur vrasjet pla\u00e7ka dhe pasurit marramendshme \u00e7\u00eb ia b\u00ebn\u00eb Kosov\u00ebs p\u00ebr 20 vjet rresht\u00eb,a\u00e7 ma ke\u00e7\u00eb kur edhe sot\u00eb mbi tyez\u00eb gjindet ndarja e Kosoves kinse me ndrrim teritor\u00ebsh!<\/p>\n<p>Nga ana tjet\u00ebr, n\u00eb Kosov\u00eb, lider\u00eb t\u00eb pap\u00ebrgjegjsh\u00ebm p\u00ebr vite t\u00eb t\u00ebra kan\u00eb pretenduar se po e mbrojn\u00eb vendin nga Serbia, nd\u00ebrkoh\u00eb q\u00eb b\u00ebnin marr\u00ebveshje t\u00eb fshehta e t\u00eb d\u00ebmshme, t\u00eb p\u00ebrmendura lart k\u00ebti shkrimi ,q\u00eb kan\u00eb rrezikuar ekzistenc\u00ebn dhe sovranitetin e shtetit t\u00eb Kosov\u00ebs. K\u00ebto marr\u00ebveshje t\u00eb njohura tashm\u00eb publikisht kan\u00eb qen\u00eb aq t\u00eb d\u00ebmshme, saq\u00eb e kan\u00eb \u00e7uar Kosov\u00ebn n\u00eb buz\u00eb t\u00eb zhb\u00ebrjes.<\/p>\n<p>Politika e guximshme dhe e pakompromis e Albin Kurtit, qoft\u00eb ndaj presioneve t\u00eb jashtme, qoft\u00eb ndaj strukturave t\u00eb vjetra t\u00eb brendshme, ka arritur t\u00eb ruaj\u00eb dhe t\u00eb shtrij\u00eb sovranitetin e humbur t\u00eb Kosov\u00ebs. Ai ka nd\u00ebrtuar nj\u00eb model qeveris\u00ebs q\u00eb ka kthyer dinjitetin e shtetit ligjor dhe demokratik, duke larguar nga pushteti element\u00ebt q\u00eb kan\u00eb abuzuar me interesin publik dhe q\u00eb kan\u00eb tradhtuar interesat komb\u00ebtare.<\/p>\n<p>Ngjash\u00ebm me fundin politik t\u00eb Milloshevi\u00e7it, kan p\u00ebrfunduar edhe ish pushtetaret opozitar t\u00eb Prishtin\u00ebs \u00e7\u00eb gjend\u00ebn n\u00eb Hag\u00eb e \u00e7\u00eb po p\u00ebrballet me t\u00eb nj\u00ebjtin fat si Milloshevi\u00e7i dikur\u00eb.<br \/>\nPushteti i Vu\u00e7i\u00e7it i nd\u00ebrtuar mbi propagand\u00ebn dhe manipulimin e ndjenjave nacionaliste, po p\u00ebson \u00e7arje t\u00eb m\u00ebdha. Shum\u00eb analist\u00eb e krahasojn\u00eb r\u00ebnjen e Vu\u00e7i\u00e7it si r\u00ebnjen liderve t\u00eb d\u00ebshtuar n\u00eb Kosov\u00eb, t\u00eb cil\u00ebt, duke bashk\u00ebpunuar me Vu\u00e7i\u00e7in nd\u00ebrtuan nj\u00eb model t\u00eb hajnis dhe pla\u00e7kes q\u00eb p\u00ebr vite t\u00eb t\u00ebra d\u00ebmtuan r\u00ebnd\u00eb interesat e shtetit dhe t\u00eb qytetar\u00ebve t\u00eb Kosov\u00ebs<\/p>\n<p>Sfidat p\u00ebrpara mbeten t\u00eb m\u00ebdha, por nj\u00eb gj\u00eb \u00ebsht\u00eb e qart\u00eb: Albin Kurti, p\u00ebrkund\u00ebr trysnive t\u00eb vazhdueshme, po e zbaton me p\u00ebrpik\u00ebri dhe vendosm\u00ebri ligjshm\u00ebrin\u00eb e shtetit juridik dhe po mbron integritetin e Kushtetut\u00ebs. Kjo politik\u00eb e bazuar n\u00eb parime t\u00eb qarta dhe t\u00eb pal\u00ebkundura ka kthyer shpres\u00ebn te qytetar\u00ebt e Kosov\u00ebs dhe ka krijuar nj\u00eb model t\u00eb ri politik q\u00eb sfidon keqmenaxhimin e s\u00eb kaluar\u00ebs,dhe rrezikon\u00eb ta zhduk\u00eb opozit\u00ebn e Kosov\u00ebs t\u00eb t\u00ebren.<\/p>\n<p>P\u00ebrfundimi \u00ebsht\u00eb i qart\u00eb: politika e manipulimit ka arritur fundin e saj. Vu\u00e7i\u00e7, nj\u00ebsoj si lider\u00ebt e m\u00ebparsh\u00ebm s\u00ebrb\u00eb q\u00eb mb\u00ebshteteshin te retorika boshe dhe marr\u00ebveshjet e fshehta, po humbet terrenin n\u00eb s\u00ebrbi ,nd\u00ebrsa Kosova, fal\u00eb nj\u00eb udh\u00ebheqjeje t\u00eb guximshme, po konsolidon sovranitetin dhe dinjitetin e saj komb\u00ebtar.<\/p>\n<p>Shkruan Isnajderi<\/p>\n<p><a href=\"https:\/\/insajderi.mk\/2025\/01\/01\/geciqendrimi-i-kurtit-po-shkund-serbine-vucicin-dhe-opoziten-9-shkurti-fundi-i-fyerjeve-dhe-sulmeve-kunder-tij\/?fbclid=IwY2xjawHjpdVleHRuA2FlbQIxMAABHdADZBfMXqmipWg7F-9wb3BQuiM4kKsi3WylhWAcGpHnAscKAX3BAWUQmA_aem_Wj7AkdAq6LiWV1cKfXx0vg\">Geci:\u201cQ\u00ebndrimi i Kurtit po Shkund Serbin\u00eb, Vu\u00e7i\u00e7in dhe Opozit\u00ebn: 9 Shkurti, Fundi i Fyerjeve dhe Sulmeve Kund\u00ebr Tij\u201d \u2013 Insajderi<\/a><\/p>\n","protected":false},"excerpt":{"rendered":"<p>\u201cQ\u00ebndrimi i Kurtit po Shkund Serbin\u00eb, Vu\u00e7i\u00e7in dhe Opozit\u00ebn: 9 Shkurti, Fundi i Fyerjeve dhe Sulmeve Kund\u00ebr Tij\u201d K\u00ebt\u00eb mesazh po ia p\u00ebrcjell opozit\u00ebs q\u00eb t\u2019ju sh\u00ebrbej\u00eb si m\u00ebsim se opozitarizmi juaj ka r\u00ebn\u00eb n\u00ebn ndikimin serbo-rus. A nuk po e shohin opozitar\u00ebt se q\u00ebndrimi i pal\u00ebkundur i Kurtit n\u00eb mbrojtje t\u00eb interesave t\u00eb Kosov\u00ebs [&hellip;]<\/p>\n","protected":false},"author":1,"featured_media":6763,"comment_status":"closed","ping_status":"closed","sticky":false,"template":"","format":"standard","meta":{"footnotes":""},"categories":[9],"tags":[],"class_list":{"0":"post-6762","1":"post","2":"type-post","3":"status-publish","4":"format-standard","5":"has-post-thumbnail","7":"category-vendi"},"_links":{"self":[{"href":"https:\/\/syri.tv\/index.php?rest_route=\/wp\/v2\/posts\/6762","targetHints":{"allow":["GET"]}}],"collection":[{"href":"https:\/\/syri.tv\/index.php?rest_route=\/wp\/v2\/posts"}],"about":[{"href":"https:\/\/syri.tv\/index.php?rest_route=\/wp\/v2\/types\/post"}],"author":[{"embeddable":true,"href":"https:\/\/syri.tv\/index.php?rest_route=\/wp\/v2\/users\/1"}],"replies":[{"embeddable":true,"href":"https:\/\/syri.tv\/index.php?rest_route=%2Fwp%2Fv2%2Fcomments&post=6762"}],"version-history":[{"count":1,"href":"https:\/\/syri.tv\/index.php?rest_route=\/wp\/v2\/posts\/6762\/revisions"}],"predecessor-version":[{"id":6764,"href":"https:\/\/syri.tv\/index.php?rest_route=\/wp\/v2\/posts\/6762\/revisions\/6764"}],"wp:featuredmedia":[{"embeddable":true,"href":"https:\/\/syri.tv\/index.php?rest_route=\/wp\/v2\/media\/6763"}],"wp:attachment":[{"href":"https:\/\/syri.tv\/index.php?rest_route=%2Fwp%2Fv2%2Fmedia&parent=6762"}],"wp:term":[{"taxonomy":"category","embeddable":true,"href":"https:\/\/syri.tv\/index.php?rest_route=%2Fwp%2Fv2%2Fcategories&post=6762"},{"taxonomy":"post_tag","embeddable":true,"href":"https:\/\/syri.tv\/index.php?rest_route=%2Fwp%2Fv2%2Ftags&post=6762"}],"curies":[{"name":"wp","href":"https:\/\/api.w.org\/{rel}","templated":true}]}}