{"id":6692,"date":"2024-12-21T09:25:30","date_gmt":"2024-12-21T09:25:30","guid":{"rendered":"https:\/\/syri.tv\/?p=6692"},"modified":"2024-12-21T09:48:23","modified_gmt":"2024-12-21T09:48:23","slug":"laureatet-2024-nga-ffk-emerllahut-cmimi-futbollist-i-vitit-edon-zhegroves-cmimi-fadil-vokrri","status":"publish","type":"post","link":"https:\/\/syri.tv\/?p=6692","title":{"rendered":"\u201cLaureat\u00ebt 2024\u201d nga FFK,\u00a0 Em\u00ebrllahut \u00e7mimi \u2018Futbollist i Vitit\u2019, Edon Zhegrov\u00ebs \u00e7mimi \u2018Fadil Vokrri\u2019\u00a0"},"content":{"rendered":"<p>Federata e Futbollit e Kosov\u00ebs organizoi ceremonin\u00eb e saj tradicionale \u201cLaureat\u00ebt 2024\u201d\u00a0 ku u ndan\u00eb \u00e7mimet prestigjioze p\u00ebr arritjet e jasht\u00ebzakonshme gjat\u00eb vitit q\u00eb po e l\u00ebm\u00eb pas. N\u00eb k\u00ebt\u00eb ngjarje madh\u00ebshtore, personalitete t\u00eb shquara nga fusha e sportit dhe institucione t\u00eb ndryshme nderuan m\u00eb t\u00eb dalluarit e vitit me pjes\u00ebmarrjen e tyre p\u00ebr kontributin e tyre n\u00eb zhvillimin e futbollit.<\/p>\n<p>T\u00eb pranish\u00ebm n\u00eb ceremoni ishin edhe zv\/ministrja e Kultur\u00ebs, Rinis\u00eb dhe Sportit, Daulina Osmani, n\u00ebnkryetari i FSHF-s\u00eb, Lutfi Nuri, sekretari i p\u00ebrgjithsh\u00ebm i FSHF-s\u00eb, Ilir Shulku, ish-kryetari i FFK-s\u00eb, Sabri Hashani, p\u00ebrzgjedh\u00ebsi i Komb\u00ebtares s\u00eb Kosov\u00ebs, Franco Foda, dhe figura t\u00eb tjera t\u00eb shquara.<\/p>\n<p>Pika kulmore e mbr\u00ebmjes ishte ndarja e \u00e7mimeve kryesore, \u201cFutbillisti i Vitit\u201d dhe \u201c\u00c7mimi Fadil Vokrri\u201d, t\u00eb cilat shkuan p\u00ebr Lindon Em\u00ebrllahun e FC Ballkanit dhe yllin e skuadr\u00ebs franceze, Lill\u00eb, Edon Zhegrova, t\u00eb dy pjes\u00eb e Komb\u00ebtares s\u00eb Kosov\u00ebs.<\/p>\n<p><img loading=\"lazy\" loading=\"lazy\" decoding=\"async\" class=\"alignnone size-large wp-image-6694\" src=\"https:\/\/syri.tv\/wp-content\/uploads\/2024\/12\/WhatsApp-Image-2024-12-20-at-19.37.33-4-1024x576.jpeg\" alt=\"\" width=\"1024\" height=\"576\" srcset=\"https:\/\/syri.tv\/wp-content\/uploads\/2024\/12\/WhatsApp-Image-2024-12-20-at-19.37.33-4-1024x576.jpeg 1024w, https:\/\/syri.tv\/wp-content\/uploads\/2024\/12\/WhatsApp-Image-2024-12-20-at-19.37.33-4-300x169.jpeg 300w, https:\/\/syri.tv\/wp-content\/uploads\/2024\/12\/WhatsApp-Image-2024-12-20-at-19.37.33-4-768x432.jpeg 768w, https:\/\/syri.tv\/wp-content\/uploads\/2024\/12\/WhatsApp-Image-2024-12-20-at-19.37.33-4-1536x864.jpeg 1536w, https:\/\/syri.tv\/wp-content\/uploads\/2024\/12\/WhatsApp-Image-2024-12-20-at-19.37.33-4-860x484.jpeg 860w, https:\/\/syri.tv\/wp-content\/uploads\/2024\/12\/WhatsApp-Image-2024-12-20-at-19.37.33-4.jpeg 2048w\" sizes=\"auto, (max-width: 1024px) 100vw, 1024px\" \/><\/p>\n<p>Zhegrova, i cili ka shk\u00eblqyer n\u00eb skuadr\u00ebn franceze gjat\u00eb k\u00ebtij viti u shpreh i lumtur q\u00eb \u00ebsht\u00eb fitues i \u00e7mimit \u2018Fadil Vokrri\u2019. \u201cNdihem shum\u00eb i lumtur p\u00ebr \u00e7mimin e po ashtu q\u00eb e mban emrin e legjend\u00ebs Fadil Vokrri. Shpresoj se viti 2025 do t\u00eb jet\u00eb edhe m\u00eb i suksessh\u00ebm. Shpresoj t\u00eb arrijm\u00eb q\u00ebllimet me Kosov\u00ebn dhe me klubin. Me Kosov\u00ebn shpresoj t\u00eb arrijm\u00eb synimet bashk\u00eb me trajnerin Franco Foda dhe bashk\u00eb lojtar\u00ebt\u201d, ka th\u00ebn\u00eb Zhegrova.<\/p>\n<p><img loading=\"lazy\" loading=\"lazy\" decoding=\"async\" class=\"alignnone size-large wp-image-6695\" src=\"https:\/\/syri.tv\/wp-content\/uploads\/2024\/12\/2-1-768x1024.jpeg\" alt=\"\" width=\"768\" height=\"1024\" srcset=\"https:\/\/syri.tv\/wp-content\/uploads\/2024\/12\/2-1-768x1024.jpeg 768w, https:\/\/syri.tv\/wp-content\/uploads\/2024\/12\/2-1-225x300.jpeg 225w, https:\/\/syri.tv\/wp-content\/uploads\/2024\/12\/2-1-1152x1536.jpeg 1152w, https:\/\/syri.tv\/wp-content\/uploads\/2024\/12\/2-1-860x1147.jpeg 860w, https:\/\/syri.tv\/wp-content\/uploads\/2024\/12\/2-1.jpeg 1536w\" sizes=\"auto, (max-width: 768px) 100vw, 768px\" \/><\/p>\n<p>Nd\u00ebrkaq, futbollisti m\u00eb i mir\u00eb i vitit i zgjedhur me votat e gazetar\u00ebve sportiv\u00eb, 22-vje\u00e7ari Em\u00ebrllahu \u00ebsht\u00eb shprehur i privilegjuar p\u00ebr k\u00ebt\u00eb arritje.<\/p>\n<p>FFK dhe kryetari Z. Agim Ademi jan\u00eb pran\u00eb UKSHFZ dhe vler\u00ebsojn\u00eb angazhimin e UKSHFZ dhe kryetarin Feti Demoli bashk\u00eb me kryesin e Unionit.<\/p>\n<p><img loading=\"lazy\" loading=\"lazy\" decoding=\"async\" class=\"alignnone size-large wp-image-6696\" src=\"https:\/\/syri.tv\/wp-content\/uploads\/2024\/12\/2a-768x1024.jpeg\" alt=\"\" width=\"768\" height=\"1024\" srcset=\"https:\/\/syri.tv\/wp-content\/uploads\/2024\/12\/2a-768x1024.jpeg 768w, https:\/\/syri.tv\/wp-content\/uploads\/2024\/12\/2a-225x300.jpeg 225w, https:\/\/syri.tv\/wp-content\/uploads\/2024\/12\/2a-1152x1536.jpeg 1152w, https:\/\/syri.tv\/wp-content\/uploads\/2024\/12\/2a-860x1147.jpeg 860w, https:\/\/syri.tv\/wp-content\/uploads\/2024\/12\/2a.jpeg 1536w\" sizes=\"auto, (max-width: 768px) 100vw, 768px\" \/><\/p>\n<p>Agim Ademi Kryetar i FFK, i dor\u00ebzoi \u00e7mimin meritor shtyll\u00ebs mbajt\u00ebse nga m\u00ebrgata para t\u00eb gjith\u00eb t\u00eb pranishm\u00ebve kryetarit t\u00eb UKSHFZ z.Feti Demoli.<\/p>\n<p>Kryetari i UKSHFZ z.Feti Demoli fal\u00ebnderoi FFK dhe kryetarin Agim Ademi p\u00ebr mb\u00ebshtetjen dhe besimin ndaj tij p\u00ebr ur\u00eb lidhjen e klubeve t\u00eb futbollit shqiptareve dhe talenteve t\u00eb rinj shqiptar n\u00eb Zvic\u00ebr.<\/p>\n<p><img loading=\"lazy\" loading=\"lazy\" decoding=\"async\" class=\"alignnone size-large wp-image-6697\" src=\"https:\/\/syri.tv\/wp-content\/uploads\/2024\/12\/3-768x1024.jpeg\" alt=\"\" width=\"768\" height=\"1024\" srcset=\"https:\/\/syri.tv\/wp-content\/uploads\/2024\/12\/3-768x1024.jpeg 768w, https:\/\/syri.tv\/wp-content\/uploads\/2024\/12\/3-225x300.jpeg 225w, https:\/\/syri.tv\/wp-content\/uploads\/2024\/12\/3-1152x1536.jpeg 1152w, https:\/\/syri.tv\/wp-content\/uploads\/2024\/12\/3-860x1147.jpeg 860w, https:\/\/syri.tv\/wp-content\/uploads\/2024\/12\/3.jpeg 1536w\" sizes=\"auto, (max-width: 768px) 100vw, 768px\" \/><\/p>\n<p>Nga UKSHFZ ishin t\u00eb pranish\u00ebm Kryetari i UKSHFZ z. Feti Demoli bashk\u00eb me an\u00ebtarin e kryesis\u00eb z. Reshit Morina t\u00eb cil\u00ebt ngroht\u00ebsisht ishin t\u00eb mir\u00ebpritur nga t\u00eb gjith\u00eb.<\/p>\n<p>\u201cE fal\u00ebnderoj Federat\u00ebn e Futbollit t\u00eb Kosov\u00ebs p\u00ebr k\u00ebt\u00eb \u00e7mim. P\u00ebr mua \u00ebsht\u00eb nder dhe privilegj. \u00c7mimi shkon p\u00ebr familjen time, q\u00eb m\u00eb ka q\u00ebndruar af\u00ebr si n\u00eb dit\u00eb t\u00eb mira edhe n\u00eb ato t\u00eb v\u00ebshtira. Fal\u00ebnderoj edhe klubin e Ballkanit dhe bashk\u00eb lojtar\u00ebt, sepse pa ta do t\u00eb ishte e pamundur t\u00eb arrija deri k\u00ebtu\u201d, ka th\u00ebn\u00eb Em\u00ebrllahu.<\/p>\n<p><img loading=\"lazy\" loading=\"lazy\" decoding=\"async\" class=\"alignnone size-large wp-image-6698\" src=\"https:\/\/syri.tv\/wp-content\/uploads\/2024\/12\/3a-1024x576.jpeg\" alt=\"\" width=\"1024\" height=\"576\" srcset=\"https:\/\/syri.tv\/wp-content\/uploads\/2024\/12\/3a-1024x576.jpeg 1024w, https:\/\/syri.tv\/wp-content\/uploads\/2024\/12\/3a-300x169.jpeg 300w, https:\/\/syri.tv\/wp-content\/uploads\/2024\/12\/3a-768x432.jpeg 768w, https:\/\/syri.tv\/wp-content\/uploads\/2024\/12\/3a-1536x864.jpeg 1536w, https:\/\/syri.tv\/wp-content\/uploads\/2024\/12\/3a-860x484.jpeg 860w, https:\/\/syri.tv\/wp-content\/uploads\/2024\/12\/3a.jpeg 1600w\" sizes=\"auto, (max-width: 1024px) 100vw, 1024px\" \/><\/p>\n<p>Nd\u00ebrkoh\u00eb, Top 11-shja e vitit \u00ebsht\u00eb zgjedhur me votat e trajner\u00ebve t\u00eb Super lig\u00ebs.<\/p>\n<p>Presidenti i FFK-s\u00eb, Agim Ademi, gjat\u00eb ceremonis\u00eb mbajti nj\u00eb fjalim frym\u00ebzues, duke rikujtuar sfidat dhe arritjet e futbollit n\u00eb Kosov\u00eb dhe kontributin e gjith\u00eb atyre q\u00eb kan\u00eb punuar p\u00ebr zhvillimin e tij.<\/p>\n<p>\u201cFutbolli n\u00eb Kosov\u00eb ka nj\u00eb tradit\u00eb mbi 100-vje\u00e7are, por si federat\u00eb e pranuar nd\u00ebrkomb\u00ebtarisht jemi vet\u00ebm tet\u00eb vje\u00e7. Megjithat\u00eb, n\u00eb k\u00ebt\u00eb periudh\u00eb t\u00eb shkurt\u00ebr kemi arritur suksese t\u00eb jasht\u00ebzakonshme. K\u00ebto arritje jan\u00eb fryt i pun\u00ebs s\u00eb palodhshme t\u00eb futbollist\u00ebve, trajner\u00ebve, klubeve, institucioneve dhe mediave\u201d, tha Ademi. Ai gjithashtu nderoi t\u00eb gjith\u00eb ata q\u00eb kontribuuan n\u00eb futbollin kosovar n\u00eb t\u00eb gjitha fazat, duke k\u00ebrkuar nj\u00eb duartrokitje nj\u00eb minut\u00ebshe p\u00ebr ta.<\/p>\n<p><img loading=\"lazy\" loading=\"lazy\" decoding=\"async\" class=\"alignnone size-large wp-image-6699\" src=\"https:\/\/syri.tv\/wp-content\/uploads\/2024\/12\/4-1024x576.jpeg\" alt=\"\" width=\"1024\" height=\"576\" srcset=\"https:\/\/syri.tv\/wp-content\/uploads\/2024\/12\/4-1024x576.jpeg 1024w, https:\/\/syri.tv\/wp-content\/uploads\/2024\/12\/4-300x169.jpeg 300w, https:\/\/syri.tv\/wp-content\/uploads\/2024\/12\/4-768x432.jpeg 768w, https:\/\/syri.tv\/wp-content\/uploads\/2024\/12\/4-1536x864.jpeg 1536w, https:\/\/syri.tv\/wp-content\/uploads\/2024\/12\/4-860x484.jpeg 860w, https:\/\/syri.tv\/wp-content\/uploads\/2024\/12\/4.jpeg 1600w\" sizes=\"auto, (max-width: 1024px) 100vw, 1024px\" \/><\/p>\n<p>Zv\/ministrja e Kultur\u00ebs, Rinis\u00eb dhe Sportit, Daulina Osmani, vler\u00ebsoi bashk\u00ebpunimin me FFK-n\u00eb dhe planet ambicioze p\u00ebr nd\u00ebrtimin e infrastruktur\u00ebs s\u00eb sportit.<\/p>\n<p><img loading=\"lazy\" loading=\"lazy\" decoding=\"async\" class=\"alignnone size-large wp-image-6700\" src=\"https:\/\/syri.tv\/wp-content\/uploads\/2024\/12\/4a-768x1024.jpeg\" alt=\"\" width=\"768\" height=\"1024\" srcset=\"https:\/\/syri.tv\/wp-content\/uploads\/2024\/12\/4a-768x1024.jpeg 768w, https:\/\/syri.tv\/wp-content\/uploads\/2024\/12\/4a-225x300.jpeg 225w, https:\/\/syri.tv\/wp-content\/uploads\/2024\/12\/4a-1152x1536.jpeg 1152w, https:\/\/syri.tv\/wp-content\/uploads\/2024\/12\/4a-860x1147.jpeg 860w, https:\/\/syri.tv\/wp-content\/uploads\/2024\/12\/4a.jpeg 1536w\" sizes=\"auto, (max-width: 768px) 100vw, 768px\" \/><\/p>\n<p>\u201cPrej vitit t\u00eb kaluar kemi nisur nj\u00eb projekt t\u00eb madh me FFK-n\u00eb dhe me 18 komuna, p\u00ebr nd\u00ebrtimin e mbi 20 stadiumeve deri n\u00eb vitin 2027. Ky projekt synon ta b\u00ebj\u00eb Kosov\u00ebn lider n\u00eb rajon n\u00eb aspektin e infrastruktur\u00ebs s\u00eb futbollit\u201d, theksoi Osmani.<\/p>\n<p><img loading=\"lazy\" loading=\"lazy\" decoding=\"async\" class=\"alignnone size-large wp-image-6701\" src=\"https:\/\/syri.tv\/wp-content\/uploads\/2024\/12\/5-768x1024.jpeg\" alt=\"\" width=\"768\" height=\"1024\" srcset=\"https:\/\/syri.tv\/wp-content\/uploads\/2024\/12\/5-768x1024.jpeg 768w, https:\/\/syri.tv\/wp-content\/uploads\/2024\/12\/5-225x300.jpeg 225w, https:\/\/syri.tv\/wp-content\/uploads\/2024\/12\/5-1152x1536.jpeg 1152w, https:\/\/syri.tv\/wp-content\/uploads\/2024\/12\/5-860x1147.jpeg 860w, https:\/\/syri.tv\/wp-content\/uploads\/2024\/12\/5.jpeg 1536w\" sizes=\"auto, (max-width: 768px) 100vw, 768px\" \/><\/p>\n<p>Ceremonia u pasurua me performanca artistike, duke kulmuar me k\u00ebng\u00ebtaren e mir\u00ebnjohur Shkurte Fejza, e cila ndezi atmosfer\u00ebn me interpretimet e saj t\u00eb k\u00ebng\u00ebve si \u201cMora fjal\u00eb\u201d, \u201cXhamadani vija-vija\u201d dhe \u201cE kam emrin kosovar\u201d.<\/p>\n<p><strong>\u00c7mimet kryesore \u201cLaureat\u00ebt e Vitit 2024\u201d<\/strong><\/p>\n<ul>\n<li><strong>Shpresa e Vitit 2024 (Vajzat):<\/strong>\u00a0Er\u00ebza Gashi (KFF 16 Qershori)<\/li>\n<li><strong>Klubi m\u00eb i mir\u00eb 2024 (Vajzat):<\/strong>\u00a0KFF Mitrovica<\/li>\n<li><strong>Futbollistja m\u00eb e mir\u00eb 2024 (Vajzat):<\/strong>\u00a0Albulena Fejza<\/li>\n<li><strong>Klubi m\u00eb i mir\u00eb 2024 (Futsall):<\/strong>\u00a0FC Prishtina 01<\/li>\n<li><strong>Lojtari m\u00eb i mir\u00eb 2024 (Futsall):<\/strong>\u00a0Drilon Maxharraj<\/li>\n<li><strong>\u00c7mimi p\u00ebr arritje nd\u00ebrkomb\u00ebtare:<\/strong>\u00a0FC 2 Korriku U19<\/li>\n<li><strong>Gjyqtari m\u00eb i mir\u00eb 2024:<\/strong>\u00a0Visar Kastrati<\/li>\n<li><strong>Klubi m\u00eb Fair Play 2024:<\/strong>\u00a0FC Drita<\/li>\n<li><strong>Klubi m\u00eb i mir\u00eb 2024:<\/strong>\u00a0FC Ballkani<\/li>\n<li><strong>Trajneri i vitit 2024:<\/strong>\u00a0Ilir Daja<\/li>\n<li><strong>Golash\u00ebnuesi m\u00eb i mir\u00eb 2024:<\/strong>\u00a0Drilon Hazrollaj<\/li>\n<li><strong>\u00c7mimi \u201cFadil Vokrri\u201d:<\/strong>\u00a0Edon Zhegrova<\/li>\n<li><strong>Futbollisti i Vitit 2024:<\/strong>\u00a0Lindon Em\u00ebrllahu<\/li>\n<\/ul>\n<p>&nbsp;<\/p>\n<p><strong>TOP 11-shja e vitit:<\/strong><\/p>\n<ol>\n<li><strong>Faton Maloku<\/strong>\u00a0\u2013 FC \u201cDrita\u201d<\/li>\n<li><strong>Besnik Krasniqi<\/strong>\u00a0\u2013 FC \u201cDrita\u201d<\/li>\n<li><strong>Ilir Krasniqi<\/strong>\u00a0\u2013 KF \u201cLlapi\u201d<\/li>\n<li><strong>Lumbardh Dellova<\/strong>\u00a0\u2013 FC \u201cBallkani\u201d<\/li>\n<li><strong>Arlind Veliu<\/strong>\u00a0\u2013 FC \u201cMalisheva\u201d<\/li>\n<li><strong>Drilon Hazrollaj<\/strong>\u00a0\u2013 FC \u201cMalisheva\u201d<\/li>\n<li><strong>Lindron Em\u00ebrllahu<\/strong>\u00a0\u2013 FC \u201cBallkani\u201d<\/li>\n<li><strong>Albert Dabiqaj<\/strong>\u00a0\u2013 FC \u201cDrita\u201d<\/li>\n<li><strong>Almir Ajzeraj<\/strong>\u00a0\u2013 FC \u201cDrita\u201d<\/li>\n<li><strong>Muhamet Hyseni<\/strong>\u00a0\u2013 KF \u201cLlapi\u201d<\/li>\n<li><strong>Mevlan Zeka<\/strong>\u00a0\u2013 FC \u201cSuhareka\u201d<\/li>\n<\/ol>\n<p><strong>Mir\u00ebnjohje t\u00eb ve\u00e7anta<\/strong><\/p>\n<ul>\n<li>Ministria e Kultur\u00ebs, Rinis\u00eb dhe Sportit<\/li>\n<li>Muamed Sejdini (FFM)<\/li>\n<li>Policia e Kosov\u00ebs<\/li>\n<li>Komuna e Prishtin\u00ebs<\/li>\n<li>Veteran\u00ebt \u2013 Gjenerata e Sakrific\u00ebs<\/li>\n<li>Dardan\u00ebt<\/li>\n<li>UKSHFZ \u2013 Feti Demolli<\/li>\n<li>FFSHGJ \u2013 Ruzhdi Statovci<\/li>\n<li>Komb\u00ebtarja e t\u00eb Amputuar\u00ebve<\/li>\n<li>Komb\u00ebtarja e t\u00eb Verb\u00ebrve<\/li>\n<\/ul>\n<p><strong>Mir\u00ebnjohjet p\u00ebr partner\u00ebt\u00a0<\/strong><\/p>\n<ul>\n<li>TEB<\/li>\n<li>Raiffeisen Bank<\/li>\n<li>Albi Mall<\/li>\n<li>BPB<\/li>\n<li>Emerald<\/li>\n<li>KEDS<\/li>\n<li>Bon Voyage<\/li>\n<li>Mokne<\/li>\n<li>Art Motion<\/li>\n<li>HIB<\/li>\n<li>Link Plus<\/li>\n<li>Errea<\/li>\n<\/ul>\n<p>&nbsp;<\/p>\n<p>&nbsp;<\/p>\n<p>&nbsp;<\/p>\n<p>&nbsp;<\/p>\n<p>&nbsp;<\/p>\n","protected":false},"excerpt":{"rendered":"<p>Federata e Futbollit e Kosov\u00ebs organizoi ceremonin\u00eb e saj tradicionale \u201cLaureat\u00ebt 2024\u201d\u00a0 ku u ndan\u00eb \u00e7mimet prestigjioze p\u00ebr arritjet e jasht\u00ebzakonshme gjat\u00eb vitit q\u00eb po e l\u00ebm\u00eb pas. N\u00eb k\u00ebt\u00eb ngjarje madh\u00ebshtore, personalitete t\u00eb shquara nga fusha e sportit dhe institucione t\u00eb ndryshme nderuan m\u00eb t\u00eb dalluarit e vitit me pjes\u00ebmarrjen e tyre p\u00ebr kontributin [&hellip;]<\/p>\n","protected":false},"author":1,"featured_media":6693,"comment_status":"closed","ping_status":"closed","sticky":false,"template":"","format":"standard","meta":{"footnotes":""},"categories":[106],"tags":[],"class_list":{"0":"post-6692","1":"post","2":"type-post","3":"status-publish","4":"format-standard","5":"has-post-thumbnail","7":"category-sport"},"_links":{"self":[{"href":"https:\/\/syri.tv\/index.php?rest_route=\/wp\/v2\/posts\/6692","targetHints":{"allow":["GET"]}}],"collection":[{"href":"https:\/\/syri.tv\/index.php?rest_route=\/wp\/v2\/posts"}],"about":[{"href":"https:\/\/syri.tv\/index.php?rest_route=\/wp\/v2\/types\/post"}],"author":[{"embeddable":true,"href":"https:\/\/syri.tv\/index.php?rest_route=\/wp\/v2\/users\/1"}],"replies":[{"embeddable":true,"href":"https:\/\/syri.tv\/index.php?rest_route=%2Fwp%2Fv2%2Fcomments&post=6692"}],"version-history":[{"count":2,"href":"https:\/\/syri.tv\/index.php?rest_route=\/wp\/v2\/posts\/6692\/revisions"}],"predecessor-version":[{"id":6703,"href":"https:\/\/syri.tv\/index.php?rest_route=\/wp\/v2\/posts\/6692\/revisions\/6703"}],"wp:featuredmedia":[{"embeddable":true,"href":"https:\/\/syri.tv\/index.php?rest_route=\/wp\/v2\/media\/6693"}],"wp:attachment":[{"href":"https:\/\/syri.tv\/index.php?rest_route=%2Fwp%2Fv2%2Fmedia&parent=6692"}],"wp:term":[{"taxonomy":"category","embeddable":true,"href":"https:\/\/syri.tv\/index.php?rest_route=%2Fwp%2Fv2%2Fcategories&post=6692"},{"taxonomy":"post_tag","embeddable":true,"href":"https:\/\/syri.tv\/index.php?rest_route=%2Fwp%2Fv2%2Ftags&post=6692"}],"curies":[{"name":"wp","href":"https:\/\/api.w.org\/{rel}","templated":true}]}}