{"id":6670,"date":"2024-12-11T20:30:27","date_gmt":"2024-12-11T20:30:27","guid":{"rendered":"https:\/\/syri.tv\/?p=6670"},"modified":"2024-12-11T20:30:27","modified_gmt":"2024-12-11T20:30:27","slug":"ne-presheve-perjashtohet-komuniteti-shqiptar-nga-vendimmarrja-pas-emerimit-te-nje-serbeje-nga-vranja-ne-krye-te-gjykates-shkruan-mustafi","status":"publish","type":"post","link":"https:\/\/syri.tv\/?p=6670","title":{"rendered":"N\u00eb Preshev\u00eb p\u00ebrjashtohet komuniteti shqiptar nga vendimmarrja pas em\u00ebrimit t\u00eb nj\u00eb serbeje nga Vranja n\u00eb krye t\u00eb Gjykat\u00ebs shkruan Mustafi"},"content":{"rendered":"<p><strong>Mustafi: Em\u00ebrimi i nj\u00eb serbeje nga Vranja n\u00eb krye t\u00eb Gjykat\u00ebs n\u00eb Preshev\u00eb p\u00ebrjashton komunitetin shqiptar nga vendimmarrja<\/strong><\/p>\n<p>Ish-kryetari i K\u00ebshillit Komb\u00ebtar Shqiptar n\u00eb Lugin\u00ebn e Preshev\u00ebs, Ragmi Mustafi n\u00eb nj\u00eb deklarat\u00eb p\u00ebr FrontOnline ka kritikuar k\u00ebt\u00eb vendim, duke e quajtur at\u00eb nj\u00eb d\u00ebshmi t\u00eb politikave diskriminuese ndaj shqiptar\u00ebve. Sipas tij, ky em\u00ebrim anashkalon dhe margjinalizon profesionist\u00ebt shqiptar\u00eb, duke theksuar se n\u00eb k\u00ebt\u00eb Gjykat\u00eb jan\u00eb vet\u00ebm 2 shqiptar\u00eb dhe 2 serb\u00eb, nd\u00ebrsa kryetarja e re \u00ebsht\u00eb nga Vranja. Kjo e b\u00ebn situat\u00ebn edhe m\u00eb t\u00eb pabarabart\u00eb, duke p\u00ebrforcuar p\u00ebrfaq\u00ebsimin e ul\u00ebt t\u00eb shqiptar\u00ebve n\u00eb pozita ky\u00e7e.<\/p>\n<p><strong>\u2018\u2019<\/strong><strong>\u00a0N\u00eb nj\u00eb komun\u00eb me mbi 94% shqiptar\u00eb \u00ebsht\u00eb d\u00ebshmi e politikave t\u00eb vazhdueshme diskriminuese ndaj shqiptar\u00ebve. Ky vendim, q\u00eb anashkalon dhe margjinalizon profesionist\u00ebt shqiptar\u00eb, \u00ebsht\u00eb shembull flagrant i trajtimit t\u00eb pabarabart\u00eb n\u00eb sistemin gjyq\u00ebsor. Gjendja n\u00eb Gjykat\u00ebn p\u00ebr Kund\u00ebrvajtje n\u00eb Preshev\u00eb \u00ebsht\u00eb alarmante- nga 5 gjykat\u00ebs, me pensionimin e nj\u00ebrit prej tyre k\u00ebt\u00eb fund muaj, mbesin vet\u00ebm 2 shqiptar\u00eb dhe 2 serb\u00eb. Nd\u00ebrkoh\u00eb, kryetarja e re \u00ebsht\u00eb nga komuniteti serb e madje edhe nga Vraja, duke p\u00ebrforcuar k\u00ebt\u00eb balanc\u00eb t\u00eb pabarabart\u00eb\u2019\u2019<\/strong><\/p>\n<p>Mustafi ka kujtuar gjithashtu se reforma e gjyq\u00ebsorit e vitit 2011, e cila shnd\u00ebrroi Gjykat\u00ebn Themelore t\u00eb Preshev\u00ebs n\u00eb nj\u00eb gjykat\u00eb m\u00eb t\u00eb larg\u00ebt n\u00eb Vranj\u00eb, ishte nj\u00eb hap tjet\u00ebr i margjinalizimit t\u00eb shqiptar\u00ebve. Kjo reform\u00eb ka b\u00ebr\u00eb q\u00eb shqiptar\u00ebt t\u00eb ken\u00eb akses m\u00eb t\u00eb kufizuar n\u00eb sistemin gjyq\u00ebsor, duke i larguar ata nga vendimet e r\u00ebnd\u00ebsishme q\u00eb ndikojn\u00eb n\u00eb jet\u00ebn e p\u00ebrditshme.<\/p>\n<p><strong>\u2018\u2019<\/strong><strong>Gjithashtu m\u00eb lejoni t\u00eb iu kujtoj se shuarja e Gjykat\u00ebs Themelore n\u00eb Preshev\u00eb me reform\u00ebn e gjyq\u00ebsorit m\u00eb 2011 n\u00ebn pretekstin \u201cDrejt\u00ebsia m\u00eb af\u00ebr qytetarit\u201d ishte fillimi i margjinalizimit t\u00eb shqiptar\u00ebve n\u00eb gjyq\u00ebsor sepse e largoj m\u00eb se 40 km larg gjykat\u00ebn themelore, p\u00ebrkat\u00ebsisht n\u00eb Vranj\u00eb nga vjen edhe zonja Kuzmanoviq\u2019\u2019,<\/strong>\u00a0deklaroi Mustafi.<\/p>\n<p>N\u00eb lidhje me em\u00ebrimin e Kuzmanoviq, Mustafa ka theksuar se ky \u00ebsht\u00eb nj\u00eb akt q\u00eb p\u00ebrforcon politikat e diskriminimit dhe p\u00ebrjashtimit t\u00eb shqiptar\u00ebve.<\/p>\n<p><strong>\u2018\u2019<\/strong><strong>Em\u00ebrimi i nj\u00eb serbe nga Vranja n\u00eb krye t\u00eb Gjykat\u00ebs p\u00ebr Kund\u00ebrvajtje n\u00eb Preshev\u00eb nuk \u00ebsht\u00eb thjesht nj\u00eb vendim administrativ, por nj\u00eb akt q\u00eb p\u00ebrforcon politikat e diskriminimit dhe p\u00ebrjashtimit ndaj shqiptar\u00ebve t\u00eb Lugin\u00ebs s\u00eb Preshev\u00ebs\u2019\u2019.<\/strong><\/p>\n","protected":false},"excerpt":{"rendered":"<p>Mustafi: Em\u00ebrimi i nj\u00eb serbeje nga Vranja n\u00eb krye t\u00eb Gjykat\u00ebs n\u00eb Preshev\u00eb p\u00ebrjashton komunitetin shqiptar nga vendimmarrja Ish-kryetari i K\u00ebshillit Komb\u00ebtar Shqiptar n\u00eb Lugin\u00ebn e Preshev\u00ebs, Ragmi Mustafi n\u00eb nj\u00eb deklarat\u00eb p\u00ebr FrontOnline ka kritikuar k\u00ebt\u00eb vendim, duke e quajtur at\u00eb nj\u00eb d\u00ebshmi t\u00eb politikave diskriminuese ndaj shqiptar\u00ebve. Sipas tij, ky em\u00ebrim anashkalon dhe [&hellip;]<\/p>\n","protected":false},"author":1,"featured_media":6671,"comment_status":"closed","ping_status":"closed","sticky":false,"template":"","format":"standard","meta":{"footnotes":""},"categories":[9],"tags":[],"class_list":{"0":"post-6670","1":"post","2":"type-post","3":"status-publish","4":"format-standard","5":"has-post-thumbnail","7":"category-vendi"},"_links":{"self":[{"href":"https:\/\/syri.tv\/index.php?rest_route=\/wp\/v2\/posts\/6670","targetHints":{"allow":["GET"]}}],"collection":[{"href":"https:\/\/syri.tv\/index.php?rest_route=\/wp\/v2\/posts"}],"about":[{"href":"https:\/\/syri.tv\/index.php?rest_route=\/wp\/v2\/types\/post"}],"author":[{"embeddable":true,"href":"https:\/\/syri.tv\/index.php?rest_route=\/wp\/v2\/users\/1"}],"replies":[{"embeddable":true,"href":"https:\/\/syri.tv\/index.php?rest_route=%2Fwp%2Fv2%2Fcomments&post=6670"}],"version-history":[{"count":1,"href":"https:\/\/syri.tv\/index.php?rest_route=\/wp\/v2\/posts\/6670\/revisions"}],"predecessor-version":[{"id":6672,"href":"https:\/\/syri.tv\/index.php?rest_route=\/wp\/v2\/posts\/6670\/revisions\/6672"}],"wp:featuredmedia":[{"embeddable":true,"href":"https:\/\/syri.tv\/index.php?rest_route=\/wp\/v2\/media\/6671"}],"wp:attachment":[{"href":"https:\/\/syri.tv\/index.php?rest_route=%2Fwp%2Fv2%2Fmedia&parent=6670"}],"wp:term":[{"taxonomy":"category","embeddable":true,"href":"https:\/\/syri.tv\/index.php?rest_route=%2Fwp%2Fv2%2Fcategories&post=6670"},{"taxonomy":"post_tag","embeddable":true,"href":"https:\/\/syri.tv\/index.php?rest_route=%2Fwp%2Fv2%2Ftags&post=6670"}],"curies":[{"name":"wp","href":"https:\/\/api.w.org\/{rel}","templated":true}]}}