{"id":6655,"date":"2024-12-10T17:41:40","date_gmt":"2024-12-10T17:41:40","guid":{"rendered":"https:\/\/syri.tv\/?p=6655"},"modified":"2024-12-10T17:41:40","modified_gmt":"2024-12-10T17:41:40","slug":"serbia-po-e-pengon-nje-donacion-te-qeverise-per-bujqit-ne-lugine-apelon-te-be-quint-dhe-osbe","status":"publish","type":"post","link":"https:\/\/syri.tv\/?p=6655","title":{"rendered":"Serbia po e pengon nj\u00eb donacion t\u00eb Qeveris\u00eb p\u00ebr bujqit n\u00eb Lugin\u00eb \u2013 apelon te BE, QUINT dhe OSBE"},"content":{"rendered":"<p><strong>Z\u00ebvend\u00ebskryeministri i par\u00eb i Kosov\u00ebs, Besnik Bislimi, ka th\u00ebn\u00eb se autoritetet serbe kan\u00eb ndaluar donacionin e dedikuar p\u00ebr subvencionimin e bujqve shqiptar\u00eb n\u00eb Preshev\u00eb, Bujanoc dhe Medvegj\u00eb, akt t\u00eb cilin e kan\u00eb d\u00ebnuar ashp\u00ebr.<\/strong><\/p>\n<p>P\u00ebrmes nj\u00eb njoftimi n\u00eb \u201cFacebook\u201d, ai tha se ky donacion \u201csynon t\u00eb p\u00ebrmir\u00ebsoj\u00eb jet\u00ebn e komunitetit shqiptar dhe t\u00eb mb\u00ebshtes\u00eb zhvillimin ekonomik t\u00eb rajonit patur parasysh q\u00eb edhe m\u00eb tej komunat e Preshev\u00ebs, Bujanocit dhe Medvegj\u00ebs jan\u00eb nd\u00ebr komunat m\u00eb t\u00eb pazhvilluara n\u00eb Serbi, nd\u00ebr m\u00eb t\u00eb varf\u00ebrat me papun\u00ebsi t\u00eb lart\u00eb e ve\u00e7an\u00ebrisht tek t\u00eb rinjt\u00eb\u201d.<\/p>\n<p>Ndryshe Bislimi ka shtuar se m\u00eb 26 tetor K\u00ebshilli Komb\u00ebtar Shqiptar shpalli thirrjen publike p\u00ebr bujqit, duke pranuar mbi 1,178 aplikime, mir\u00ebpo sot Ministria e Serbis\u00eb p\u00ebr t\u00eb Drejtat e Njeriut dhe Pakicave dhe Dialog Social, ka nd\u00ebrhyr\u00eb p\u00ebr t\u00eb bllokuar k\u00ebt\u00eb proces duke k\u00ebrkuar anulimin e vendimit p\u00ebr thirrjen publike.<\/p>\n<p>\u201cM\u00eb 26 tetor 2024, K\u00ebshilli Komb\u00ebtar Shqiptar shpalli thirrjen publike p\u00ebr bujqit, duke pranuar mbi 1,178 aplikime. Nd\u00ebrkoh\u00eb, Ministria e Serbis\u00eb p\u00ebr t\u00eb Drejtat e Njeriut dhe Pakicave dhe Dialog Social, ka nd\u00ebrhyr\u00eb p\u00ebr t\u00eb bllokuar k\u00ebt\u00eb proces, duke k\u00ebrkuar anulimin e vendimit p\u00ebr thirrjen publike. Pik\u00ebrisht m\u00eb 10 dhjetor, n\u00eb Dit\u00ebn Nd\u00ebrkomb\u00ebtare t\u00eb t\u00eb Drejtave t\u00eb Njeriut, shqiptar\u00ebve n\u00eb Preshev\u00eb, Bujanoc dhe Medvegj\u00eb i \u00ebsht\u00eb mbivendosur privimi nga mund\u00ebsia e ndihm\u00ebs nga Republika e Kosov\u00ebs.\u201d<\/p>\n<p>Bislimi \u00a0tutje ka th\u00ebn\u00eb se Serbia nuk ka t\u00eb drejt\u00eb t\u00eb pengoj\u00eb mb\u00ebshtetjen e Kosov\u00ebs p\u00ebr shqiptar\u00ebt e Lugin\u00ebs, teksa i ka b\u00ebr\u00eb thirrje BE\u2019s\u00eb, OSBE\u2019s\u00eb dhe shteteve t\u00eb QUINT\u2019it q\u00eb ta monitorojn\u00eb k\u00ebt\u00eb situat\u00eb.<\/p>\n<p>\u201cSerbia nuk ka asnj\u00eb t\u00eb drejt\u00eb t\u00eb pengoj\u00eb mb\u00ebshtetjen ton\u00eb p\u00ebr shqiptar\u00ebt e Lugin\u00ebs s\u00eb Preshev\u00ebs. Ftojm\u00eb Bashkimin Evropian, OSBE-n\u00eb, shtetet e Quint-it dhe organizatat e tjera nd\u00ebrkomb\u00ebtare t\u00eb monitorojn\u00eb k\u00ebt\u00eb situat\u00eb dhe t\u00eb veprojn\u00eb p\u00ebr t\u00eb mbrojtur t\u00eb drejtat e shqiptar\u00ebve n\u00eb Lugin\u00ebn e Preshev\u00ebs. Qeveria e Kosov\u00ebs q\u00ebndron e p\u00ebrkushtuar p\u00ebr t\u00eb ndihmuar shqiptar\u00ebt e Lugin\u00ebs s\u00eb Preshev\u00ebs dhe p\u00ebr t\u00eb mbrojtur t\u00eb drejtat e tyre dhe identitetin komb\u00ebtar, kulturor e gjuh\u00ebsor.\u201d, ka shkruar m\u00eb tej Bislimi.<strong>\/Gazeta Infokus\/<\/strong><\/p>\n<p><strong>M\u00eb posht\u00eb mund t\u00eb gjeni postimin e tij t\u00eb plot\u00eb:<\/strong><\/p>\n<p><iframe loading=\"lazy\" src=\"https:\/\/www.facebook.com\/plugins\/post.php?href=https%3A%2F%2Fwww.facebook.com%2FZvKMBesnikBislimi%2Fposts%2Fpfbid02V1s8L29HiGMTNWMSJZfRrJxXthxWmKgjn95b7FRnh4DGjLwLg9sSmWsYh41bFdSdl&amp;show_text=true&amp;width=500\" width=\"500\" height=\"266\" frameborder=\"0\" scrolling=\"no\" allowfullscreen=\"allowfullscreen\" data-mce-fragment=\"1\"><\/iframe><\/p>\n","protected":false},"excerpt":{"rendered":"<p>Z\u00ebvend\u00ebskryeministri i par\u00eb i Kosov\u00ebs, Besnik Bislimi, ka th\u00ebn\u00eb se autoritetet serbe kan\u00eb ndaluar donacionin e dedikuar p\u00ebr subvencionimin e bujqve shqiptar\u00eb n\u00eb Preshev\u00eb, Bujanoc dhe Medvegj\u00eb, akt t\u00eb cilin e kan\u00eb d\u00ebnuar ashp\u00ebr. P\u00ebrmes nj\u00eb njoftimi n\u00eb \u201cFacebook\u201d, ai tha se ky donacion \u201csynon t\u00eb p\u00ebrmir\u00ebsoj\u00eb jet\u00ebn e komunitetit shqiptar dhe t\u00eb mb\u00ebshtes\u00eb zhvillimin [&hellip;]<\/p>\n","protected":false},"author":1,"featured_media":6656,"comment_status":"closed","ping_status":"closed","sticky":false,"template":"","format":"standard","meta":{"footnotes":""},"categories":[9],"tags":[],"class_list":{"0":"post-6655","1":"post","2":"type-post","3":"status-publish","4":"format-standard","5":"has-post-thumbnail","7":"category-vendi"},"_links":{"self":[{"href":"https:\/\/syri.tv\/index.php?rest_route=\/wp\/v2\/posts\/6655","targetHints":{"allow":["GET"]}}],"collection":[{"href":"https:\/\/syri.tv\/index.php?rest_route=\/wp\/v2\/posts"}],"about":[{"href":"https:\/\/syri.tv\/index.php?rest_route=\/wp\/v2\/types\/post"}],"author":[{"embeddable":true,"href":"https:\/\/syri.tv\/index.php?rest_route=\/wp\/v2\/users\/1"}],"replies":[{"embeddable":true,"href":"https:\/\/syri.tv\/index.php?rest_route=%2Fwp%2Fv2%2Fcomments&post=6655"}],"version-history":[{"count":1,"href":"https:\/\/syri.tv\/index.php?rest_route=\/wp\/v2\/posts\/6655\/revisions"}],"predecessor-version":[{"id":6657,"href":"https:\/\/syri.tv\/index.php?rest_route=\/wp\/v2\/posts\/6655\/revisions\/6657"}],"wp:featuredmedia":[{"embeddable":true,"href":"https:\/\/syri.tv\/index.php?rest_route=\/wp\/v2\/media\/6656"}],"wp:attachment":[{"href":"https:\/\/syri.tv\/index.php?rest_route=%2Fwp%2Fv2%2Fmedia&parent=6655"}],"wp:term":[{"taxonomy":"category","embeddable":true,"href":"https:\/\/syri.tv\/index.php?rest_route=%2Fwp%2Fv2%2Fcategories&post=6655"},{"taxonomy":"post_tag","embeddable":true,"href":"https:\/\/syri.tv\/index.php?rest_route=%2Fwp%2Fv2%2Ftags&post=6655"}],"curies":[{"name":"wp","href":"https:\/\/api.w.org\/{rel}","templated":true}]}}