{"id":6640,"date":"2024-12-09T23:17:34","date_gmt":"2024-12-09T23:17:34","guid":{"rendered":"https:\/\/syri.tv\/?p=6640"},"modified":"2024-12-09T23:17:34","modified_gmt":"2024-12-09T23:17:34","slug":"shba-i-fut-ne-liste-te-zeze-artan-grubin-dhe-gjyqtarin-enver-bexheti-nga-maqedonia-e-veriut","status":"publish","type":"post","link":"https:\/\/syri.tv\/?p=6640","title":{"rendered":"SHBA i fut n\u00eb list\u00eb t\u00eb zez\u00eb Artan Grubin dhe gjyqtarin Enver Bexheti nga Maqedonia e Veriut"},"content":{"rendered":"<div class=\"xdj266r x11i5rnm xat24cr x1mh8g0r x1vvkbs x126k92a\">\n<div dir=\"auto\"><span class=\"html-span xexx8yu x4uap5 x18d9i69 xkhd6sd x1hl2dhg x16tdsg8 x1vvkbs x3nfvp2 x1j61x8r x1fcty0u xdj266r xat24cr xgzva0m xhhsvwb xxymvpz xlup9mm x1kky2od\">Departamenti i Shtetit Amerikan ka publikuar s\u00eb fundmi list\u00ebn e zez\u00eb. Nga Maqedonia e Veriut duke shtuar Artan Grubi, ish-z\u00ebvend\u00ebskryeminist\u00ebr nga radh\u00ebt e BDI-s\u00eb. Gjithashtu, n\u00eb list\u00ebn e zez\u00eb \u00ebsht\u00eb p\u00ebrfshir\u00eb edhe Enver Bexheti, gjyqtar n\u00eb Gjykat\u00ebn e Apelit t\u00eb Maqedonis\u00eb s\u00eb Veriut.<\/span><\/div>\n<\/div>\n<div class=\"x11i5rnm xat24cr x1mh8g0r x1vvkbs xtlvy1s x126k92a\">\n<div dir=\"auto\">Departamenti i Shtetit Amerikan shpjegon p\u00ebrfshirjen e dyshes n\u00eb list\u00ebn e zez\u00eb, si n\u00eb vijim.<\/div>\n<\/div>\n<div class=\"x11i5rnm xat24cr x1mh8g0r x1vvkbs xtlvy1s x126k92a\">\n<div dir=\"auto\">\u201cN\u00eb baz\u00eb t\u00eb nenit 7031(c), Departamenti i Shtetit cakton publikisht Artan Grubin dhe Enver Bexhetin p\u00ebr p\u00ebrfshirjen e tyre n\u00eb korrupsion t\u00eb konsideruesh\u00ebm duke pranuar ryshfet p\u00ebr t\u00eb minuar proceset gjyq\u00ebsore t\u00eb lidhura me d\u00ebnimin penal t\u00eb Sasho Mijallkov, drejtor i Drejtoris\u00eb p\u00ebr Siguri t\u00eb Maqedonis\u00eb s\u00eb Veriut dhe Kund\u00ebrzbulimi.<\/div>\n<div dir=\"auto\">Mijallkov u caktua n\u00eb vitin 2022 p\u00ebr korrupsion t\u00eb konsideruesh\u00ebm sipas nenit 7031(c), dhe OFAC e sanksionoi at\u00eb n\u00eb p\u00ebrputhje me E.O. 14033. N\u00eb kuad\u00ebr t\u00eb k\u00ebtij aksioni jan\u00eb caktuar edhe an\u00ebtar\u00ebt e ngusht\u00eb t\u00eb familjes s\u00eb Grubit\u201d, thuhet n\u00eb njoftim.<\/div>\n<div dir=\"auto\"><\/div>\n<\/div>\n<div dir=\"auto\"><img loading=\"lazy\" loading=\"lazy\" decoding=\"async\" class=\"alignnone size-full wp-image-6641\" src=\"https:\/\/syri.tv\/wp-content\/uploads\/2024\/12\/besa.png\" alt=\"\" width=\"522\" height=\"578\" srcset=\"https:\/\/syri.tv\/wp-content\/uploads\/2024\/12\/besa.png 522w, https:\/\/syri.tv\/wp-content\/uploads\/2024\/12\/besa-271x300.png 271w\" sizes=\"auto, (max-width: 522px) 100vw, 522px\" \/><\/div>\n","protected":false},"excerpt":{"rendered":"<p>Departamenti i Shtetit Amerikan ka publikuar s\u00eb fundmi list\u00ebn e zez\u00eb. Nga Maqedonia e Veriut duke shtuar Artan Grubi, ish-z\u00ebvend\u00ebskryeminist\u00ebr nga radh\u00ebt e BDI-s\u00eb. Gjithashtu, n\u00eb list\u00ebn e zez\u00eb \u00ebsht\u00eb p\u00ebrfshir\u00eb edhe Enver Bexheti, gjyqtar n\u00eb Gjykat\u00ebn e Apelit t\u00eb Maqedonis\u00eb s\u00eb Veriut. Departamenti i Shtetit Amerikan shpjegon p\u00ebrfshirjen e dyshes n\u00eb list\u00ebn e zez\u00eb, [&hellip;]<\/p>\n","protected":false},"author":1,"featured_media":6642,"comment_status":"closed","ping_status":"closed","sticky":false,"template":"","format":"standard","meta":{"footnotes":""},"categories":[9],"tags":[],"class_list":{"0":"post-6640","1":"post","2":"type-post","3":"status-publish","4":"format-standard","5":"has-post-thumbnail","7":"category-vendi"},"_links":{"self":[{"href":"https:\/\/syri.tv\/index.php?rest_route=\/wp\/v2\/posts\/6640","targetHints":{"allow":["GET"]}}],"collection":[{"href":"https:\/\/syri.tv\/index.php?rest_route=\/wp\/v2\/posts"}],"about":[{"href":"https:\/\/syri.tv\/index.php?rest_route=\/wp\/v2\/types\/post"}],"author":[{"embeddable":true,"href":"https:\/\/syri.tv\/index.php?rest_route=\/wp\/v2\/users\/1"}],"replies":[{"embeddable":true,"href":"https:\/\/syri.tv\/index.php?rest_route=%2Fwp%2Fv2%2Fcomments&post=6640"}],"version-history":[{"count":1,"href":"https:\/\/syri.tv\/index.php?rest_route=\/wp\/v2\/posts\/6640\/revisions"}],"predecessor-version":[{"id":6643,"href":"https:\/\/syri.tv\/index.php?rest_route=\/wp\/v2\/posts\/6640\/revisions\/6643"}],"wp:featuredmedia":[{"embeddable":true,"href":"https:\/\/syri.tv\/index.php?rest_route=\/wp\/v2\/media\/6642"}],"wp:attachment":[{"href":"https:\/\/syri.tv\/index.php?rest_route=%2Fwp%2Fv2%2Fmedia&parent=6640"}],"wp:term":[{"taxonomy":"category","embeddable":true,"href":"https:\/\/syri.tv\/index.php?rest_route=%2Fwp%2Fv2%2Fcategories&post=6640"},{"taxonomy":"post_tag","embeddable":true,"href":"https:\/\/syri.tv\/index.php?rest_route=%2Fwp%2Fv2%2Ftags&post=6640"}],"curies":[{"name":"wp","href":"https:\/\/api.w.org\/{rel}","templated":true}]}}