{"id":6596,"date":"2024-11-30T17:49:07","date_gmt":"2024-11-30T17:49:07","guid":{"rendered":"https:\/\/syri.tv\/?p=6596"},"modified":"2024-11-30T17:54:43","modified_gmt":"2024-11-30T17:54:43","slug":"lufte-hibride-po-i-gezohen-sulmit-shume-media-analiste-dhe-opozita","status":"publish","type":"post","link":"https:\/\/syri.tv\/?p=6596","title":{"rendered":"\u201cLuft\u00eb hibride\u201d, \u201cpo i g\u00ebzohen sulmit\u201d: shum\u00eb media, analist\u00eb dhe opozita"},"content":{"rendered":"<p><b>N\u00eb nat\u00ebn kritike, kur Serbia kishte sulmuar infrastruktur\u00ebn e Kosov\u00ebs n\u00eb veri, kryeministri Albin Kurti me plot t\u00eb drejt\u00eb ka sulmuar\u00a0 mediat, analist\u00ebt dhe opozit\u00ebn. <\/b><\/p>\n<p>P\u00ebr disa minuat, ai i sygjeroi qytetar\u00ebt se si dhe sa duhet ta duan vendin.<\/p>\n<p>Kryeministri Albin Kurti p\u00ebr\u00e7oi mesazhe tek qytetar\u00ebt e Kosov\u00ebs p\u00ebr media n\u00eb mesnat\u00eb, ai e njoftoi opinionin publik p\u00ebr sulmin terrorist t\u00eb Serbis\u00eb n\u00eb kanalin ujor t\u00eb Ib\u00ebr Lepencit. Shefi i qeveris\u00eb nuk hezitoi t\u00eb flas\u00eb edhe ndaj mediave, analist\u00ebve dhe opozit\u00ebs se po i \u201cg\u00ebzohen\u201d shp\u00ebrthimit n\u00eb veri.<\/p>\n<p><i>\u201cSituata si kjo shpesh jan\u00eb edhe cak i fushatave t\u00eb dezinformatave dhe keqinformimit t\u00eb q\u00ebllimsh\u00ebm, andaj ju ftoj q\u00eb t\u00eb jeni t\u00eb v\u00ebmendsh\u00ebm ndaj lajmeve q\u00eb i shihni, lexoni, d\u00ebgjoni dhe t\u2019i p\u00ebrcillni udh\u00ebzimet dhe njoftimet e institucioneve p\u00ebrmes kanaleve zyrtare<\/i>\u201d, ka th\u00ebn\u00eb Kurti duke \u00a0akuzuar mediat se jan\u00eb b\u00ebr\u00eb pjes\u00eb t\u00eb nj\u00eb lufte hibride kund\u00ebr Republik\u00ebs s\u00eb Kosov\u00ebs.<\/p>\n<p>\u201c<i>N\u00eb fund ju b\u00ebri thirrje qytetar\u00ebve q\u00eb t\u00eb refuzojn\u00eb t\u00eb informohen nga disa portale q\u00eb ata i njohin shum\u00eb mir\u00eb, e q\u00eb fatkeq\u00ebsisht ndonj\u00ebra m\u00eb shum\u00eb e ndonj\u00ebra m\u00eb pak jan\u00eb b\u00ebr\u00eb pjes\u00eb t\u00eb nj\u00eb lufte hibride kund\u00ebr Republik\u00ebs s\u00eb Kosov\u00ebs, popullit t\u00eb Kosov\u00ebs dhe kombit shqiptar mbar\u00eb. \u00cbsht\u00eb e domosdoshme q\u00eb t\u00eb refuzojn\u00eb qytetar\u00ebt e vendit ton\u00eb t\u00eb mendojn\u00eb si disa opinionist\u00eb e disa opozitar\u00eb, t\u00eb cil\u00ebt i g\u00ebzohen, dikush n\u00eb m\u00ebnyr\u00eb direkte e dikush n\u00eb m\u00ebnyr\u00eb indirekte, asaj \u00e7far\u00eb ndodhi sonte<\/i>\u201d, ka th\u00ebn\u00eb ai.<\/p>\n<p>\u201c<i>Pra duhet ta mbrojm\u00eb vendin ton\u00eb dhe kjo b\u00ebhet duke e dashur vendin ton\u00eb dhe kjo b\u00ebhet duke refuzuar t\u00eb dezinformohemi e t\u00eb keqinterpretojm\u00eb \u00e7far\u00ebdo q\u00eb ka ndodhur sonte dhe e rrezikon apo e k\u00ebrc\u00ebnon vendin ton\u00eb<\/i>\u201d, ka th\u00ebn\u00eb Kurti.<\/p>\n<p>N\u00eb paraqitjen e tij t\u00eb vonshme, Kurti e p\u00ebrmendi edhe marr\u00ebveshjen e ish-kryeministrit Hashim Tha\u00e7i.<\/p>\n<p>\u201cNe n\u00eb veri vazhdojm\u00eb t\u00eb jemi t\u00eb suksessh\u00ebm p\u00ebrkund\u00ebr faktit q\u00eb nuk e kemi ushtrin\u00eb ton\u00eb atje, p\u00ebr shkak t\u00eb asaj letr\u00ebs t\u00eb 19 prillit t\u00eb vitit 2013, q\u00eb FSK-ja nuk b\u00ebn ta kaloj lumin Ib\u00ebr. Dhe ne kemi vazhduar ta respektojm\u00eb at\u00eb gj\u00eb. E kemi trash\u00ebguar e kemi respektuar. Sepse po d\u00ebshmojm\u00eb q\u00eb jemi qeveri e t\u00eb nj\u00ebjt\u00ebs Republik\u00eb\u201d, ka th\u00ebn\u00eb Kurti.<\/p>\n<p>Sulmet e kryeministrit Albin Kurti ndaj mediave dhe opozit\u00ebs kan\u00eb nxitur reagime t\u00eb shumta n\u00eb vend por, qytetar\u00ebt jan\u00eb ata t\u00eb cil\u00ebt e japin vleresimin e tyre me 9 shkurt.<\/p>\n<p>\u201c<i>Sulmet e armatosura, si ato n\u00eb stacionin policor dhe n\u00eb komun\u00ebn e Zubin Potokut, apo sulmi ndaj kanalit t\u00eb \u201cIber-Lepencit,\u201d jan\u00eb akte t\u00eb t\u00eb dhun\u00ebs dhe terrorizmit q\u00eb cenojn\u00eb sigurin\u00eb dhe rendin n\u00eb Kosov\u00eb. <\/i><\/p>\n<p>\u201c<i>Ne e dim\u00eb q\u00eb Serbia \u00ebsht\u00eb armiq\u00ebsore, por opozita dhe disa media duhet t\u00eb jet\u00eb n\u00eb gjendje t\u00eb ofroj\u00eb mbrojtje sidomos kur cenohet sovraniteti i vendit e jo te kritikojn\u00eb dhe sulmojne qeverine kur dihet te arriturat e tyre. <\/i><\/p>\n<p>&nbsp;<\/p>\n","protected":false},"excerpt":{"rendered":"<p>N\u00eb nat\u00ebn kritike, kur Serbia kishte sulmuar infrastruktur\u00ebn e Kosov\u00ebs n\u00eb veri, kryeministri Albin Kurti me plot t\u00eb drejt\u00eb ka sulmuar\u00a0 mediat, analist\u00ebt dhe opozit\u00ebn. P\u00ebr disa minuat, ai i sygjeroi qytetar\u00ebt se si dhe sa duhet ta duan vendin. Kryeministri Albin Kurti p\u00ebr\u00e7oi mesazhe tek qytetar\u00ebt e Kosov\u00ebs p\u00ebr media n\u00eb mesnat\u00eb, ai e [&hellip;]<\/p>\n","protected":false},"author":1,"featured_media":6597,"comment_status":"closed","ping_status":"closed","sticky":false,"template":"","format":"standard","meta":{"footnotes":""},"categories":[9],"tags":[],"class_list":{"0":"post-6596","1":"post","2":"type-post","3":"status-publish","4":"format-standard","5":"has-post-thumbnail","7":"category-vendi"},"_links":{"self":[{"href":"https:\/\/syri.tv\/index.php?rest_route=\/wp\/v2\/posts\/6596","targetHints":{"allow":["GET"]}}],"collection":[{"href":"https:\/\/syri.tv\/index.php?rest_route=\/wp\/v2\/posts"}],"about":[{"href":"https:\/\/syri.tv\/index.php?rest_route=\/wp\/v2\/types\/post"}],"author":[{"embeddable":true,"href":"https:\/\/syri.tv\/index.php?rest_route=\/wp\/v2\/users\/1"}],"replies":[{"embeddable":true,"href":"https:\/\/syri.tv\/index.php?rest_route=%2Fwp%2Fv2%2Fcomments&post=6596"}],"version-history":[{"count":1,"href":"https:\/\/syri.tv\/index.php?rest_route=\/wp\/v2\/posts\/6596\/revisions"}],"predecessor-version":[{"id":6598,"href":"https:\/\/syri.tv\/index.php?rest_route=\/wp\/v2\/posts\/6596\/revisions\/6598"}],"wp:featuredmedia":[{"embeddable":true,"href":"https:\/\/syri.tv\/index.php?rest_route=\/wp\/v2\/media\/6597"}],"wp:attachment":[{"href":"https:\/\/syri.tv\/index.php?rest_route=%2Fwp%2Fv2%2Fmedia&parent=6596"}],"wp:term":[{"taxonomy":"category","embeddable":true,"href":"https:\/\/syri.tv\/index.php?rest_route=%2Fwp%2Fv2%2Fcategories&post=6596"},{"taxonomy":"post_tag","embeddable":true,"href":"https:\/\/syri.tv\/index.php?rest_route=%2Fwp%2Fv2%2Ftags&post=6596"}],"curies":[{"name":"wp","href":"https:\/\/api.w.org\/{rel}","templated":true}]}}