{"id":6567,"date":"2024-10-14T13:49:26","date_gmt":"2024-10-14T13:49:26","guid":{"rendered":"https:\/\/syri.tv\/?p=6567"},"modified":"2024-10-14T13:49:26","modified_gmt":"2024-10-14T13:49:26","slug":"ne-samitin-e-berlinit-kurti-kerkon-qe-kosoves-ti-jepet-statusi-kandidatit-per-be","status":"publish","type":"post","link":"https:\/\/syri.tv\/?p=6567","title":{"rendered":"N\u00eb Samitin e Berlinit, Kurti k\u00ebrkon q\u00eb Kosov\u00ebs t&#8217;i jepet statusi kandidatit p\u00ebr BE"},"content":{"rendered":"<p>Kryeministri i Kosov\u00ebs Albin Kurti para lider\u00ebve t\u00eb tjer\u00eb n\u00eb Samitin e Berlinit ka th\u00ebn\u00eb se ka ardhur koha q\u00eb Kosova t\u00eb marr\u00eb statusin zyrtar t\u00eb kandidatit t\u00eb Bashkimit Europian.<\/p>\n<p>K\u00ebshtu e ka p\u00ebrmbyllur fjal\u00ebn e tij para lider\u00ebve t\u00eb pranish\u00ebm n\u00eb Samitin e Berlinit, duke p\u00ebrmendur q\u00eb pas dy muajsh do t\u00eb sh\u00ebnojm\u00eb dy vjet prej kur Kosova ka aplikuar p\u00ebr an\u00ebtar\u00ebsim n\u00eb BE.<\/p>\n<p>\u201cNd\u00ebrsa ne deklarojm\u00eb se zgjerimi \u00ebsht\u00eb p\u00ebrs\u00ebri n\u00eb agjend\u00eb, ka ardhur koha q\u00eb Kosova t\u00eb marr\u00eb statusin zyrtar t\u00eb kandidatit\u201d- ka th\u00ebn\u00eb ai, duke shtuar se n\u00eb 3.5 vjet\u00ebt e fundit, Kosova ka sh\u00ebnuar \u201crritje t\u00eb jasht\u00ebzakonshme ekonomike, progresin demokratik dhe q\u00ebndrueshm\u00ebrin\u00eb institucionale, duke menaxhuar suksessh\u00ebm disa k\u00ebrc\u00ebnime serioze t\u00eb siguris\u00eb\u201d.<img loading=\"lazy\" loading=\"lazy\" decoding=\"async\" src=\"https:\/\/ads.kallxo.com\/www\/delivery\/lg.php?bannerid=462&amp;campaignid=170&amp;zoneid=55&amp;loc=https%3A%2F%2Fkallxo.com%2Flajm%2Fkurti-ne-samitin-e-berlinit-kerkon-qe-kosoves-ti-jepet-statusi-i-kandidatit-per-be%2F%3Ffbclid%3DIwY2xjawF6AANleHRuA2FlbQIxMAABHVKgqPMZONvnCVsNecVsK5AZ8tpHMeZVXFObGgUxqEbNS1zdTv8pCXdilA_aem_HXVIgRo8ei5QsYwCwnFdfQ&amp;referer=https%3A%2F%2Fl.facebook.com%2F&amp;cb=45dc32d9e2\" alt=\"\" width=\"0\" height=\"0\" \/><\/p>\n<p>Kurti i ka prezantuar 10 pika t\u00eb ndryshme n\u00eb lidhje me Procesin e Berlinit, n\u00eb mesin e tyre edhe heqjen e vizave p\u00ebr mbajt\u00ebsit e dokumenteve indentifikuese t\u00eb Bosnj\u00ebs dhe Hercegovin\u00ebs p\u00ebr t\u00eb hyr\u00eb n\u00eb Kosov\u00eb.<\/p>\n<p>Nd\u00ebr tjera, Kurti ka th\u00ebn\u00eb se lidhshm\u00ebria \u00ebsht\u00eb e domosdoshme p\u00ebr Procesin e Berlinit, por duhet t\u00eb ruhemi nga ndikimi i huaj, ve\u00e7an\u00ebrisht nga Kina.<\/p>\n<p>Kurti tha se Kina ka investuar thell\u00eb n\u00eb Serbi duke iu referuar si \u201cfqinji jon\u00eb verior\u201d, duke n\u00ebnshkruar Marr\u00ebveshjen e Tregtis\u00eb s\u00eb Lir\u00eb dhe nj\u00eb zotim p\u00ebr nj\u00eb t\u00eb ardhme t\u00eb p\u00ebrbashk\u00ebt me Kin\u00ebn.<\/p>\n<p>Gjat\u00eb prezantimit, Kurti ka th\u00ebn\u00eb se BE-ja duhet t\u00eb sigurohet q\u00eb fondet e BE-s\u00eb jan\u00eb t\u00eb lidhura me vlerat e BE-s\u00eb \u2013 \u201c\u00ebsht\u00eb Procesi i Berlinit ai q\u00eb e afron rajonin ton\u00eb me BE-n\u00eb, jo \u201cProcesi i Pekinit\u201d, i cili \u00e7on drejt BRICS-it\u201d.<\/p>\n<div class=\"revive_zone__holder revive_zone--desktop_visible\">\n<div class=\"revive_zone revive_zone--desktop_visible\"><ins id=\"revive-0-1\" data-revive-zoneid=\"57\" data-revive-id=\"6b1569ec056809d36aeb484a13d5eff9\" data-revive-seq=\"1\" data-revive-loaded=\"1\"><\/p>\n<div id=\"beacon_dac77d5bf8\">Kurti tha se Tregu i P\u00ebrbashk\u00ebt Rajonal (CRM) \u00ebsht\u00eb nj\u00eb nga t\u00eb arriturat m\u00eb t\u00eb m\u00ebdha t\u00eb k\u00ebtij procesi.<\/div>\n<p><\/ins><\/div>\n<\/div>\n<p>\u201cNj\u00eb momentum i ri \u00ebsht\u00eb fituar pas kap\u00ebrcimit t\u00eb ng\u00ebr\u00e7it brenda CEFTA-s. Tash mund t\u00eb p\u00ebrparojm\u00eb me nj\u00eb rit\u00ebm t\u00eb ndrysh\u00ebm, me barazi n\u00eb qend\u00ebr dhe qytetar\u00ebt si p\u00ebrfituesit e fundit\u201d- tha ai, m\u00eb 14.10.2024.<\/p>\n<p>Duke thurur lavde p\u00ebr Procesin e Berlinit, Kurti tha se p\u00ebrgjat\u00eb nj\u00eb dekade, n\u00eb Procesin e Berlinit \u00ebsht\u00eb sh\u00ebnuar progres dometh\u00ebn\u00ebs, por se nevojiten m\u00eb shum\u00eb veprime.<\/p>\n<p>\u201cNj\u00eb paradoks u paraqit n\u00eb janar t\u00eb k\u00ebtij viti, kur shtetasit e Kosov\u00ebs mund udh\u00ebtojn\u00eb pa viz\u00eb n\u00eb BE, por ende u mungonte liria e l\u00ebvizjes n\u00eb Bosnj\u00eb dhe Hercegovin\u00eb\u201d- shtoi ai. Shkruan Kallxo.com<\/p>\n","protected":false},"excerpt":{"rendered":"<p>Kryeministri i Kosov\u00ebs Albin Kurti para lider\u00ebve t\u00eb tjer\u00eb n\u00eb Samitin e Berlinit ka th\u00ebn\u00eb se ka ardhur koha q\u00eb Kosova t\u00eb marr\u00eb statusin zyrtar t\u00eb kandidatit t\u00eb Bashkimit Europian. K\u00ebshtu e ka p\u00ebrmbyllur fjal\u00ebn e tij para lider\u00ebve t\u00eb pranish\u00ebm n\u00eb Samitin e Berlinit, duke p\u00ebrmendur q\u00eb pas dy muajsh do t\u00eb sh\u00ebnojm\u00eb dy [&hellip;]<\/p>\n","protected":false},"author":1,"featured_media":6568,"comment_status":"closed","ping_status":"closed","sticky":false,"template":"","format":"standard","meta":{"footnotes":""},"categories":[105],"tags":[],"class_list":{"0":"post-6567","1":"post","2":"type-post","3":"status-publish","4":"format-standard","5":"has-post-thumbnail","7":"category-europa"},"_links":{"self":[{"href":"https:\/\/syri.tv\/index.php?rest_route=\/wp\/v2\/posts\/6567","targetHints":{"allow":["GET"]}}],"collection":[{"href":"https:\/\/syri.tv\/index.php?rest_route=\/wp\/v2\/posts"}],"about":[{"href":"https:\/\/syri.tv\/index.php?rest_route=\/wp\/v2\/types\/post"}],"author":[{"embeddable":true,"href":"https:\/\/syri.tv\/index.php?rest_route=\/wp\/v2\/users\/1"}],"replies":[{"embeddable":true,"href":"https:\/\/syri.tv\/index.php?rest_route=%2Fwp%2Fv2%2Fcomments&post=6567"}],"version-history":[{"count":1,"href":"https:\/\/syri.tv\/index.php?rest_route=\/wp\/v2\/posts\/6567\/revisions"}],"predecessor-version":[{"id":6569,"href":"https:\/\/syri.tv\/index.php?rest_route=\/wp\/v2\/posts\/6567\/revisions\/6569"}],"wp:featuredmedia":[{"embeddable":true,"href":"https:\/\/syri.tv\/index.php?rest_route=\/wp\/v2\/media\/6568"}],"wp:attachment":[{"href":"https:\/\/syri.tv\/index.php?rest_route=%2Fwp%2Fv2%2Fmedia&parent=6567"}],"wp:term":[{"taxonomy":"category","embeddable":true,"href":"https:\/\/syri.tv\/index.php?rest_route=%2Fwp%2Fv2%2Fcategories&post=6567"},{"taxonomy":"post_tag","embeddable":true,"href":"https:\/\/syri.tv\/index.php?rest_route=%2Fwp%2Fv2%2Ftags&post=6567"}],"curies":[{"name":"wp","href":"https:\/\/api.w.org\/{rel}","templated":true}]}}