{"id":6559,"date":"2024-10-12T10:33:26","date_gmt":"2024-10-12T10:33:26","guid":{"rendered":"https:\/\/syri.tv\/?p=6559"},"modified":"2024-10-12T10:33:45","modified_gmt":"2024-10-12T10:33:45","slug":"rrefimi-i-granitit-per-babain-dhe-veshtiresite-e-jetes-se-ragip-xhakes","status":"publish","type":"post","link":"https:\/\/syri.tv\/?p=6559","title":{"rendered":"Rr\u00ebfimi i Granitit p\u00ebr babain dhe v\u00ebshtir\u00ebsit\u00eb e jet\u00ebs s\u00eb Ragip Xhak\u00ebs"},"content":{"rendered":"<p>Ylli shqiptar i futbollit, Granit Xhaka n\u00eb vitin 2022 kishte b\u00ebr\u00eb nj\u00eb rr\u00ebfim interesant p\u00ebr babain e tij dhe v\u00ebshtir\u00ebsit\u00eb q\u00eb i kishte sjellur jeta Ragip Xhak\u00ebs.<\/p>\n<p><strong>Shihni rr\u00ebfimin e Granitit p\u00ebr babain e tij, i cili \u00ebsht\u00eb shum\u00eb emocionues por edhe motivues:<\/strong><\/p>\n<p>\u201cN\u00eb Jugosllavi n\u00eb vitin 1986, \u00ebsht\u00eb nj\u00eb student 21 vje\u00e7ar q\u00eb fejohet me dashurin\u00eb e jet\u00ebs s\u00eb tij. Nj\u00eb muaj m\u00eb von\u00eb ai vihet n\u00eb burg p\u00ebr demonstrim kund\u00ebr qeveris\u00eb p\u00ebr pavar\u00ebsin\u00eb dhe lirin\u00eb e Kosov\u00ebs. E fejuara e tij nuk e di se kur do t\u00eb dal\u00eb, apo edhe n\u00ebse, sepse kurr\u00eb nuk i dihet se \u00e7far\u00eb ndodh n\u00eb ato burgje\u2026 Kaloi nj\u00eb vit, pastaj nj\u00eb tjet\u00ebr \u2026 tre vjet dhe ajo ende po pret. M\u00eb n\u00eb fund, pas gjasht\u00eb muajsh t\u00eb tjer\u00eb lirohet, dhe pastaj martohen. Por ata ndjejn\u00eb se \u00ebsht\u00eb e rrezikshme p\u00ebr t\u00eb q\u00eb t\u00eb q\u00ebndroj\u00eb, k\u00ebshtu q\u00eb ata fillojn\u00eb nj\u00eb jet\u00eb t\u00eb re jasht\u00eb vendit. K\u00ebshtu erdh\u00ebn n\u00eb Zvic\u00ebr, ku kam lindur un\u00eb.<\/p>\n<p>Nejse, \u00e7do her\u00eb q\u00eb kisha nj\u00eb problem n\u00eb karrier\u00ebn time, dhe doja t\u00eb hiqja dor\u00eb, ai do t\u00eb thoshte t\u00eb nj\u00ebjt\u00ebn gj\u00eb.<\/p>\n<p>\u2018Kurr\u00eb mos u largo. \u2019<\/p>\n<p>Kurr\u00eb.<\/p>\n<p>Vet\u00ebm vazhdoni t\u00eb punoni shum\u00eb.<\/p>\n<p>Kur isha 14 vje\u00e7, isha shum\u00eb i vog\u00ebl, shum\u00eb i dob\u00ebt. Trajner\u00ebt do t\u00eb flisnin p\u00ebr v\u00ebllain tim m\u00eb t\u00eb madh, Taulantin, dhe sa i talentuar ishte \u2013 dhe ai ishte! Dhe pastaj ata do t\u00eb m\u00eb thoshin: \u2018D\u00ebgjo, ti kurr\u00eb nuk do t\u00eb b\u00ebhesh profesionist. \u2019<\/p>\n<p>Pastaj kur isha 15 vje\u00e7, d\u00ebmtova ACL-n\u00eb time. Tet\u00eb muaj jasht\u00eb. U ktheva dhe isha nj\u00eb fatkeq\u00ebsi. Kuuuuuuu. KATASTROF\u00cb! Kisha frik\u00eb t\u00eb shkoja n\u00eb trajtime\u2026<\/p>\n<p>Un\u00eb tashm\u00eb isha duke b\u00ebr\u00eb nj\u00eb praktik\u00eb n\u00eb nj\u00eb zyr\u00eb, duke u p\u00ebrgatitur p\u00ebr jet\u00ebn reale.<br \/>\nPor n\u00eb k\u00ebt\u00eb loj\u00eb u futa p\u00ebr 50\u201350, dhe isha si, kjo \u00ebsht\u00eb. Shkoni t\u00eb gjith\u00eb brenda, ose hiqni dor\u00eb. Ishte si poker, e di? Ose shkoni deri n\u00eb fund, ose paloseni. K\u00ebshtu m\u00eb p\u00eblqen t\u00eb luaj. K\u00ebshtu q\u00eb u futa fort. Gjuri im u ndje mir\u00eb, dhe kjo ndryshoi gjith\u00e7ka. Papritmas, isha shum\u00eb m\u00eb i sigurt. Un\u00eb mund t\u00eb luaj loj\u00ebn time t\u00eb zakonshme.<\/p>\n<p>S\u00eb shpejti u futa n\u00eb U17, edhe pse nuk kisha luajtur kurr\u00eb m\u00eb par\u00eb p\u00ebr komb\u00ebtaret. Nejse, n\u00eb 2009 fituam Kup\u00ebn e Bot\u00ebs U17. Kjo i hapi der\u00ebn Borussia M\u00f6nchengladbach. Po gjasht\u00eb muajt e par\u00eb atje? Puh. Nj\u00eb tjet\u00ebr fatkeq\u00ebsi. Pas rreth 10 ndeshjesh isha n\u00eb stol.<\/p>\n<p>Kjo ishte n\u00eb sezonin 2012\u201313. N\u00eb janar i thash\u00eb babait tim, \u2018Dua t\u00eb largohem. \u2019<\/p>\n<p>Ai tha: \u201cQepe goj\u00ebn! \u2019<\/p>\n<p>Un\u00eb thash\u00eb: \u2018Por un\u00eb erdha k\u00ebtu p\u00ebr t\u00eb luajtur. \u2019<\/p>\n<p>Ai tha: \u201cKjo nuk \u00ebsht\u00eb rruga. Dera \u00ebsht\u00eb atje. Por \u00e7dokush mund t\u00eb largohet. T\u00eb jesh i fort\u00eb, t\u00eb punosh m\u00eb shum\u00eb se t\u00eb tjer\u00ebt, kjo \u00ebsht\u00eb ajo q\u00eb \u00ebsht\u00eb e v\u00ebshtir\u00eb\u201d, mbyllet rr\u00ebfimi i Granitit p\u00ebr babain.<\/p>\n","protected":false},"excerpt":{"rendered":"<p>Ylli shqiptar i futbollit, Granit Xhaka n\u00eb vitin 2022 kishte b\u00ebr\u00eb nj\u00eb rr\u00ebfim interesant p\u00ebr babain e tij dhe v\u00ebshtir\u00ebsit\u00eb q\u00eb i kishte sjellur jeta Ragip Xhak\u00ebs. Shihni rr\u00ebfimin e Granitit p\u00ebr babain e tij, i cili \u00ebsht\u00eb shum\u00eb emocionues por edhe motivues: \u201cN\u00eb Jugosllavi n\u00eb vitin 1986, \u00ebsht\u00eb nj\u00eb student 21 vje\u00e7ar q\u00eb fejohet [&hellip;]<\/p>\n","protected":false},"author":1,"featured_media":6560,"comment_status":"closed","ping_status":"closed","sticky":false,"template":"","format":"standard","meta":{"footnotes":""},"categories":[106],"tags":[],"class_list":{"0":"post-6559","1":"post","2":"type-post","3":"status-publish","4":"format-standard","5":"has-post-thumbnail","7":"category-sport"},"_links":{"self":[{"href":"https:\/\/syri.tv\/index.php?rest_route=\/wp\/v2\/posts\/6559","targetHints":{"allow":["GET"]}}],"collection":[{"href":"https:\/\/syri.tv\/index.php?rest_route=\/wp\/v2\/posts"}],"about":[{"href":"https:\/\/syri.tv\/index.php?rest_route=\/wp\/v2\/types\/post"}],"author":[{"embeddable":true,"href":"https:\/\/syri.tv\/index.php?rest_route=\/wp\/v2\/users\/1"}],"replies":[{"embeddable":true,"href":"https:\/\/syri.tv\/index.php?rest_route=%2Fwp%2Fv2%2Fcomments&post=6559"}],"version-history":[{"count":1,"href":"https:\/\/syri.tv\/index.php?rest_route=\/wp\/v2\/posts\/6559\/revisions"}],"predecessor-version":[{"id":6561,"href":"https:\/\/syri.tv\/index.php?rest_route=\/wp\/v2\/posts\/6559\/revisions\/6561"}],"wp:featuredmedia":[{"embeddable":true,"href":"https:\/\/syri.tv\/index.php?rest_route=\/wp\/v2\/media\/6560"}],"wp:attachment":[{"href":"https:\/\/syri.tv\/index.php?rest_route=%2Fwp%2Fv2%2Fmedia&parent=6559"}],"wp:term":[{"taxonomy":"category","embeddable":true,"href":"https:\/\/syri.tv\/index.php?rest_route=%2Fwp%2Fv2%2Fcategories&post=6559"},{"taxonomy":"post_tag","embeddable":true,"href":"https:\/\/syri.tv\/index.php?rest_route=%2Fwp%2Fv2%2Ftags&post=6559"}],"curies":[{"name":"wp","href":"https:\/\/api.w.org\/{rel}","templated":true}]}}