{"id":6462,"date":"2024-09-23T14:30:06","date_gmt":"2024-09-23T14:30:06","guid":{"rendered":"https:\/\/syri.tv\/?p=6462"},"modified":"2024-09-23T14:58:30","modified_gmt":"2024-09-23T14:58:30","slug":"feste-madheshtore-ne-niederlenz-te-zvicres","status":"publish","type":"post","link":"https:\/\/syri.tv\/?p=6462","title":{"rendered":"Fest\u00eb madh\u00ebshtore n\u00eb Niederlenz t\u00eb Zvicr\u00ebs"},"content":{"rendered":"<p><img loading=\"lazy\" loading=\"lazy\" decoding=\"async\" class=\"alignnone size-large wp-image-6468\" src=\"https:\/\/syri.tv\/wp-content\/uploads\/2024\/09\/DSC_0064-1024x683.jpg\" alt=\"\" width=\"1024\" height=\"683\" srcset=\"https:\/\/syri.tv\/wp-content\/uploads\/2024\/09\/DSC_0064-1024x683.jpg 1024w, https:\/\/syri.tv\/wp-content\/uploads\/2024\/09\/DSC_0064-300x200.jpg 300w, https:\/\/syri.tv\/wp-content\/uploads\/2024\/09\/DSC_0064-768x512.jpg 768w, https:\/\/syri.tv\/wp-content\/uploads\/2024\/09\/DSC_0064-1536x1024.jpg 1536w, https:\/\/syri.tv\/wp-content\/uploads\/2024\/09\/DSC_0064-2048x1365.jpg 2048w, https:\/\/syri.tv\/wp-content\/uploads\/2024\/09\/DSC_0064-330x220.jpg 330w, https:\/\/syri.tv\/wp-content\/uploads\/2024\/09\/DSC_0064-420x280.jpg 420w, https:\/\/syri.tv\/wp-content\/uploads\/2024\/09\/DSC_0064-615x410.jpg 615w, https:\/\/syri.tv\/wp-content\/uploads\/2024\/09\/DSC_0064-860x573.jpg 860w\" sizes=\"auto, (max-width: 1024px) 100vw, 1024px\" \/><\/p>\n<p>Qindra duar sh\u00ebmb\u00ebllejn\u00eb n\u00ebn hijen e flamurit komb\u00ebtar. Nx\u00ebn\u00ebs t\u00eb shkollave shqipe duke interpretuar k\u00ebng\u00ebn \u201cxhamadani vija \u2013 vija\u201d n\u00ebn drejtimin e m\u00ebsueses Qefsere Sejdiu<\/p>\n<p><img loading=\"lazy\" loading=\"lazy\" decoding=\"async\" class=\"alignnone size-full wp-image-6481\" src=\"https:\/\/syri.tv\/wp-content\/uploads\/2024\/09\/WhatsApp-Image-2024-09-23-at-16.26.58.jpeg\" alt=\"\" width=\"591\" height=\"298\" srcset=\"https:\/\/syri.tv\/wp-content\/uploads\/2024\/09\/WhatsApp-Image-2024-09-23-at-16.26.58.jpeg 591w, https:\/\/syri.tv\/wp-content\/uploads\/2024\/09\/WhatsApp-Image-2024-09-23-at-16.26.58-300x151.jpeg 300w\" sizes=\"auto, (max-width: 591px) 100vw, 591px\" \/><\/p>\n<p><em>Dje me dat\u00eb 22 shtator 2024, u zhvillua turneu i futbollit \u201cZvic\u00ebr 2024\u201d e organizuar nga Lidhja\u00a0 e Arsimtar\u00ebve dhe Prind\u00ebrve Shqiptar\u00eb \u201cNaim Frash\u00ebri\u201d n\u00eb Zvic\u00ebr s\u00eb bashku me Unionin e Klubeve Shqiptare t\u00eb Futbollit n\u00eb Zvic\u00ebr me nj\u00eb pjes\u00ebmarrje t\u00eb lart\u00eb t\u00eb nx\u00ebn\u00ebsve t\u00eb shkollave shqipe (mbi 300 nx\u00ebn\u00ebs) nga\u00a0 pikat shkollore ku zhvillohet m\u00ebsimi n\u00eb gjuh\u00ebn shqipe Affoltern, D\u00e4llikon, Neunehof, R\u00fcti, Uster, Pf\u00e4ffikon, Volketswil, \u00a0Spreitenbach, Fehraltorf, Hunzenschwil, Birr, Othmarsingen, Vevey, Zug, Windisch, Lozan\u00eb, Tr\u00fcbach, Niederg\u00f6sgen, Sempach etj. Nj\u00eb dit\u00eb festive e ve\u00e7ant\u00eb q\u00eb mbetet gjat\u00eb p\u00ebr t`u mbajtur mend.<\/em><\/p>\n<p><img loading=\"lazy\" loading=\"lazy\" decoding=\"async\" class=\"alignnone size-large wp-image-6482\" src=\"https:\/\/syri.tv\/wp-content\/uploads\/2024\/09\/DSC_0073-1024x683.jpg\" alt=\"\" width=\"1024\" height=\"683\" srcset=\"https:\/\/syri.tv\/wp-content\/uploads\/2024\/09\/DSC_0073-1024x683.jpg 1024w, https:\/\/syri.tv\/wp-content\/uploads\/2024\/09\/DSC_0073-300x200.jpg 300w, https:\/\/syri.tv\/wp-content\/uploads\/2024\/09\/DSC_0073-768x512.jpg 768w, https:\/\/syri.tv\/wp-content\/uploads\/2024\/09\/DSC_0073-1536x1024.jpg 1536w, https:\/\/syri.tv\/wp-content\/uploads\/2024\/09\/DSC_0073-2048x1365.jpg 2048w, https:\/\/syri.tv\/wp-content\/uploads\/2024\/09\/DSC_0073-330x220.jpg 330w, https:\/\/syri.tv\/wp-content\/uploads\/2024\/09\/DSC_0073-420x280.jpg 420w, https:\/\/syri.tv\/wp-content\/uploads\/2024\/09\/DSC_0073-615x410.jpg 615w, https:\/\/syri.tv\/wp-content\/uploads\/2024\/09\/DSC_0073-860x573.jpg 860w\" sizes=\"auto, (max-width: 1024px) 100vw, 1024px\" \/><\/p>\n<p><em>K\u00ebta jan\u00eb\u00a0 ardhmja e m\u00ebrgat\u00ebs shqiptare. F\u00ebmij\u00eb t\u00eb cil\u00ebt vijojn\u00eb m\u00ebsimin n\u00eb gjuh\u00ebn amtare n\u00eb Zvic\u00ebr<\/em><\/p>\n<p>Nj\u00eb dit\u00eb shum\u00eb e bukur. Nj\u00eb dit\u00eb e ve\u00e7ant\u00eb ku prind\u00ebr, m\u00ebsues dhe nx\u00ebn\u00ebs t\u00eb shkollave shqipe u mblodh\u00ebn s\u00eb bashku n\u00ebn organizimin e Lidhjes s\u00eb Arsimtar\u00ebve dhe Prind\u00ebrve Shqiptar\u00eb \u201cNaim Frash\u00ebri\u201d n\u00eb Zvic\u00ebr dhe Unionit t\u00eb Klubeve Shqiptare t\u00eb Futbollit n\u00eb Zvic\u00ebr duke zhvilluar\u00a0 turneun e shkollave shqipe n\u00eb Futboll, \u201cZvic\u00ebr 2024\u201d. Nj\u00eb pjes\u00ebmarrje e lart\u00eb\u00a0 e nx\u00ebn\u00ebsve t\u00eb shkollave shqipe, t\u00eb cil\u00ebt kishin ardhur nga t\u00eb kat\u00ebr an\u00ebt e Zvicr\u00ebs p\u00ebr t\u00eb marr\u00eb pjes\u00eb. Mbi 300 nx\u00ebn\u00ebs t\u00eb shkollave shqipe iu g\u00ebzuan k\u00ebtij takimi duke d\u00ebshmuar edhe nj\u00ebher\u00eb se pikat shkollore n\u00eb Fehraltorf, n\u00eb Fahrweid, n\u00eb Wetzikon, n\u00eb Neuenhof dhe Spreitenbach t\u00eb m\u00ebsueses Qefsere Sejdiu, pikat shkollore n\u00eb Affoltern, n\u00eb Regensdorf, n\u00eb D\u00e4llikon, n\u00eb Neunehof, n\u00eb R\u00fcti, n\u00eb Uster n\u00eb Pf\u00e4ffikon, n\u00eb Volketswil, n\u00eb Spreitenbach, t\u00eb m\u00ebsuesit Vaxhid Sejdiu, pikat shkollore n\u00eb Hunzenschwil, n\u00eb Birr, n\u00eb Othmarsingen, t\u00eb m\u00ebsueses Nuraj Iljasi, pikat shkollore n\u00eb Vevey dhe Aigle t\u00eb m\u00ebsueses Ardita Abazi \u2013 Elezaj, pikat shkollore t\u00eb kantonit t\u00eb Zug-ut n\u00ebn drejtimin e m\u00ebsueses Lumnije Klinaku \u2013 Neziri, pika shkollore n\u00eb Windisch e m\u00ebsueses Eshtrefe Nuhiu, pika shkollore n\u00eb Lozan\u00eb e m\u00ebsueses Anita Duri\u00e7i, pika shkollore n\u00eb Tr\u00fcbach e m\u00ebsueses Albulena Asani si dhe pika shkollore n\u00eb Sempach e m\u00ebsueses Dorjana \u00c7ela jan\u00eb model suksesi.<\/p>\n<p><img loading=\"lazy\" loading=\"lazy\" decoding=\"async\" class=\"alignnone size-large wp-image-6467\" src=\"https:\/\/syri.tv\/wp-content\/uploads\/2024\/09\/DSC_0112-1024x683.jpg\" alt=\"\" width=\"1024\" height=\"683\" srcset=\"https:\/\/syri.tv\/wp-content\/uploads\/2024\/09\/DSC_0112-1024x683.jpg 1024w, https:\/\/syri.tv\/wp-content\/uploads\/2024\/09\/DSC_0112-300x200.jpg 300w, https:\/\/syri.tv\/wp-content\/uploads\/2024\/09\/DSC_0112-768x512.jpg 768w, https:\/\/syri.tv\/wp-content\/uploads\/2024\/09\/DSC_0112-1536x1024.jpg 1536w, https:\/\/syri.tv\/wp-content\/uploads\/2024\/09\/DSC_0112-2048x1365.jpg 2048w, https:\/\/syri.tv\/wp-content\/uploads\/2024\/09\/DSC_0112-330x220.jpg 330w, https:\/\/syri.tv\/wp-content\/uploads\/2024\/09\/DSC_0112-420x280.jpg 420w, https:\/\/syri.tv\/wp-content\/uploads\/2024\/09\/DSC_0112-615x410.jpg 615w, https:\/\/syri.tv\/wp-content\/uploads\/2024\/09\/DSC_0112-860x573.jpg 860w\" sizes=\"auto, (max-width: 1024px) 100vw, 1024px\" \/><\/p>\n<p>Aktiviteti filloi me k\u00ebng\u00ebn \u201cXhamadani vija -vija\u201d ku mbi 300 nx\u00ebn\u00ebs t\u00eb veshur kuq e zi me flamuj komb\u00ebtar n\u00eb duar, n\u00ebn drejtimin e m\u00ebsueses Qefsere Sejdiu shk\u00eblqyen para syve t\u00eb prind\u00ebrve t\u00eb tyre, duke sjell nj\u00eb pamje madh\u00ebshtore q\u00eb rrall\u00eb her\u00eb ndodh\u00eb n\u00eb aktivitetet shkollore. Pastaj kryetari i UKSHFZ Z. Feti Demolli dhe m\u00ebsuesi e bashk\u00ebkryetari i LAPSH-it Z. Dr. Vaxhid Sejdiu iu d\u00ebshiruan mir\u00ebseardhje nx\u00ebn\u00ebsve dhe prind\u00ebrve t\u00eb tyre.<\/p>\n<p><img loading=\"lazy\" loading=\"lazy\" decoding=\"async\" class=\"alignnone size-large wp-image-6483\" src=\"https:\/\/syri.tv\/wp-content\/uploads\/2024\/09\/DSC_0123-1024x683.jpg\" alt=\"\" width=\"1024\" height=\"683\" srcset=\"https:\/\/syri.tv\/wp-content\/uploads\/2024\/09\/DSC_0123-1024x683.jpg 1024w, https:\/\/syri.tv\/wp-content\/uploads\/2024\/09\/DSC_0123-300x200.jpg 300w, https:\/\/syri.tv\/wp-content\/uploads\/2024\/09\/DSC_0123-768x512.jpg 768w, https:\/\/syri.tv\/wp-content\/uploads\/2024\/09\/DSC_0123-1536x1024.jpg 1536w, https:\/\/syri.tv\/wp-content\/uploads\/2024\/09\/DSC_0123-2048x1365.jpg 2048w, https:\/\/syri.tv\/wp-content\/uploads\/2024\/09\/DSC_0123-330x220.jpg 330w, https:\/\/syri.tv\/wp-content\/uploads\/2024\/09\/DSC_0123-420x280.jpg 420w, https:\/\/syri.tv\/wp-content\/uploads\/2024\/09\/DSC_0123-615x410.jpg 615w, https:\/\/syri.tv\/wp-content\/uploads\/2024\/09\/DSC_0123-860x573.jpg 860w\" sizes=\"auto, (max-width: 1024px) 100vw, 1024px\" \/><\/p>\n<p><em>Kryetari i Unionit t\u00eb Klubeve Shqiptare t\u00eb Futbollit n\u00eb Zvic\u00ebr dhe Dr. Vaxhid Sejdiu, m\u00ebsues dhe bashk\u00ebkryetar i L.A.P.Sh. \u201cNaim Frash\u00ebri\u201d n\u00eb Zvic\u00ebr, t\u00eb cil\u00ebt u angazhuan maksimalisht q\u00eb ky aktivitet t\u00eb p\u00ebrfundoj\u00eb me suk\u00ebs!<\/em><\/p>\n<p><img loading=\"lazy\" loading=\"lazy\" decoding=\"async\" class=\"alignnone size-large wp-image-6477\" src=\"https:\/\/syri.tv\/wp-content\/uploads\/2024\/09\/DSC_0087-1024x683.jpg\" alt=\"\" width=\"1024\" height=\"683\" srcset=\"https:\/\/syri.tv\/wp-content\/uploads\/2024\/09\/DSC_0087-1024x683.jpg 1024w, https:\/\/syri.tv\/wp-content\/uploads\/2024\/09\/DSC_0087-300x200.jpg 300w, https:\/\/syri.tv\/wp-content\/uploads\/2024\/09\/DSC_0087-768x512.jpg 768w, https:\/\/syri.tv\/wp-content\/uploads\/2024\/09\/DSC_0087-1536x1024.jpg 1536w, https:\/\/syri.tv\/wp-content\/uploads\/2024\/09\/DSC_0087-2048x1365.jpg 2048w, https:\/\/syri.tv\/wp-content\/uploads\/2024\/09\/DSC_0087-330x220.jpg 330w, https:\/\/syri.tv\/wp-content\/uploads\/2024\/09\/DSC_0087-420x280.jpg 420w, https:\/\/syri.tv\/wp-content\/uploads\/2024\/09\/DSC_0087-615x410.jpg 615w, https:\/\/syri.tv\/wp-content\/uploads\/2024\/09\/DSC_0087-860x573.jpg 860w\" sizes=\"auto, (max-width: 1024px) 100vw, 1024px\" \/><\/p>\n<p>E themi me plot goj\u00ebn se nx\u00ebn\u00ebsit s\u00eb bashku me prind\u00ebrit e tyre kaluan nj\u00eb dit\u00eb festive \u201cShqip\u201d n\u00eb t\u00eb gjitha pik\u00ebpamjet n\u00ebn hijen e flamurit komb\u00ebtar dhe vargjeve t\u00eb k\u00ebng\u00ebs \u201cxhamadani vija \u2013 vija\/ \u00ebsht\u00eb Kosova, \u00ebsht\u00eb Shqip\u00ebria\u201d duke sjell\u00eb nj\u00eb entuziaz\u00ebm dhe emocione pa fund tek prind\u00ebrit e tyre dhe organizator\u00ebt. N\u00eb fund t\u00eb turneut t\u00eb gjith\u00eb f\u00ebmij\u00ebve pa dallim iu dhan\u00eb medalje n\u00eb shenj\u00eb fal\u00ebnderimi duke fal\u00ebnderuar prind\u00ebrit e tyre p\u00ebr kujdesin dhe angazhimin e rregullt ndaj gjuh\u00ebs dhe kultur\u00ebs komb\u00ebtare. N\u00eb t\u00eb nj\u00ebjt\u00ebn frym\u00eb ishin edhe p\u00ebrfaq\u00ebsuesit e Ambasad\u00eb Shqiptare Z. Valon Gashi, konsulli i R. s\u00eb Kosov\u00ebs Z. Vigan Berisha, drejtori i TV Syrit Z. Musli Saiti, Z. Riza Demaj, t\u00eb cil\u00ebt bashk\u00ebrisht iu b\u00ebn\u00eb thirrje t\u00eb gjith\u00ebve t\u00eb angazhohemi n\u00eb sensibilizimin e prind\u00ebrve t\u00eb tjer\u00eb, q\u00eb edhe ata t\u00eb b\u00ebhen pjes\u00eb e shkollave shqipe n\u00eb Zvic\u00ebr.<\/p>\n<p><img loading=\"lazy\" loading=\"lazy\" decoding=\"async\" class=\"alignnone size-large wp-image-6471\" src=\"https:\/\/syri.tv\/wp-content\/uploads\/2024\/09\/DSC_0097-1024x683.jpg\" alt=\"\" width=\"1024\" height=\"683\" srcset=\"https:\/\/syri.tv\/wp-content\/uploads\/2024\/09\/DSC_0097-1024x683.jpg 1024w, https:\/\/syri.tv\/wp-content\/uploads\/2024\/09\/DSC_0097-300x200.jpg 300w, https:\/\/syri.tv\/wp-content\/uploads\/2024\/09\/DSC_0097-768x512.jpg 768w, https:\/\/syri.tv\/wp-content\/uploads\/2024\/09\/DSC_0097-1536x1024.jpg 1536w, https:\/\/syri.tv\/wp-content\/uploads\/2024\/09\/DSC_0097-2048x1365.jpg 2048w, https:\/\/syri.tv\/wp-content\/uploads\/2024\/09\/DSC_0097-330x220.jpg 330w, https:\/\/syri.tv\/wp-content\/uploads\/2024\/09\/DSC_0097-420x280.jpg 420w, https:\/\/syri.tv\/wp-content\/uploads\/2024\/09\/DSC_0097-615x410.jpg 615w, https:\/\/syri.tv\/wp-content\/uploads\/2024\/09\/DSC_0097-860x573.jpg 860w\" sizes=\"auto, (max-width: 1024px) 100vw, 1024px\" \/><\/p>\n<p>Nj\u00eb dit\u00eb ku fusha e sportit n\u00eb Niderlenz t\u00eb Zvicr\u00ebs ishin veshur kuq e zi me ngjyrat e flamurit ton\u00eb komb\u00ebtar dhe m\u00eb pastaj nx\u00ebn\u00ebsit e shkollave shqipe t\u00eb veshur sipas d\u00ebshir\u00ebs me fanella nga m\u00eb t\u00eb ndryshmet sipas d\u00ebshir\u00ebs apo sipas idhujve q\u00eb kan\u00eb n\u00eb sportin m\u00eb t\u00eb popullarizuar n\u00eb bot\u00eb \u2013 futbollin. N\u00eb fytyrat e prind\u00ebrve shihej nj\u00eb g\u00ebzim i madh, \u00e7aste t\u00eb mrekullueshme, t\u00eb cilat po i kalonin s\u00eb bashku me f\u00ebmij\u00ebt e tyre n\u00eb fush\u00ebn e sportit, n\u00eb nj\u00eb natyr\u00eb t\u00eb bukur apo si\u00e7\u00a0 e thon\u00eb m\u00ebrgimtar\u00ebt shpesh dhe thjesht\u00eb \u201csi n\u00eb Zvic\u00ebr\u201d. Gjat\u00eb gjith\u00eb koh\u00ebs prind\u00ebrit ishin af\u00ebr f\u00ebmij\u00ebve t\u00eb tyre duke i p\u00ebrkrahur nga loja n\u00eb loj\u00eb deri n\u00eb p\u00ebrfundimin e turneut.<\/p>\n<p><img loading=\"lazy\" loading=\"lazy\" decoding=\"async\" class=\"alignnone size-large wp-image-6472\" src=\"https:\/\/syri.tv\/wp-content\/uploads\/2024\/09\/Lapsh-1024x782.jpg\" alt=\"\" width=\"1024\" height=\"782\" srcset=\"https:\/\/syri.tv\/wp-content\/uploads\/2024\/09\/Lapsh-1024x782.jpg 1024w, https:\/\/syri.tv\/wp-content\/uploads\/2024\/09\/Lapsh-300x229.jpg 300w, https:\/\/syri.tv\/wp-content\/uploads\/2024\/09\/Lapsh-768x586.jpg 768w, https:\/\/syri.tv\/wp-content\/uploads\/2024\/09\/Lapsh-860x656.jpg 860w, https:\/\/syri.tv\/wp-content\/uploads\/2024\/09\/Lapsh.jpg 1179w\" sizes=\"auto, (max-width: 1024px) 100vw, 1024px\" \/><\/p>\n<p><em>Qindra prind\u00ebr t\u00eb cil\u00ebt kishin ardhur s\u00eb bashku me f\u00ebmij\u00ebt e tyre n\u00eb turneun e futbollit. <\/em><\/p>\n<p>I gjith\u00eb ky organizim, i cili mblodhi gjith\u00eb ata f\u00ebmij\u00eb n\u00eb fush\u00ebn e sportit p\u00ebr disa or\u00eb ishte dhe mbeti mbi supet e veprimtar\u00ebve Vaxhid Sejdiut, Feti Demollit dhe Musli Saitit.<\/p>\n<p><img loading=\"lazy\" loading=\"lazy\" decoding=\"async\" class=\"alignnone size-large wp-image-6473\" src=\"https:\/\/syri.tv\/wp-content\/uploads\/2024\/09\/Ukshfz-Lapsh-1024x768.jpg\" alt=\"\" width=\"1024\" height=\"768\" srcset=\"https:\/\/syri.tv\/wp-content\/uploads\/2024\/09\/Ukshfz-Lapsh-1024x768.jpg 1024w, https:\/\/syri.tv\/wp-content\/uploads\/2024\/09\/Ukshfz-Lapsh-300x225.jpg 300w, https:\/\/syri.tv\/wp-content\/uploads\/2024\/09\/Ukshfz-Lapsh-768x576.jpg 768w, https:\/\/syri.tv\/wp-content\/uploads\/2024\/09\/Ukshfz-Lapsh-1536x1152.jpg 1536w, https:\/\/syri.tv\/wp-content\/uploads\/2024\/09\/Ukshfz-Lapsh-860x645.jpg 860w, https:\/\/syri.tv\/wp-content\/uploads\/2024\/09\/Ukshfz-Lapsh.jpg 2048w\" sizes=\"auto, (max-width: 1024px) 100vw, 1024px\" \/><\/p>\n<p>Nx\u00ebn\u00ebs, m\u00ebsues dhe prind\u00ebr, t\u00eb gjith\u00eb s\u00eb bashku k\u00ebnduan, u g\u00ebzuan dhe festuan \u201cShqip\u201d n\u00eb zem\u00ebr t\u00eb Zvicr\u00ebs duke nj\u00eb dh\u00ebn\u00eb nj\u00eb mesazh\u00a0 t\u00eb fort\u00eb se \u201cBashkimi b\u00ebn\u00eb fuqin\u00eb\u201d.<\/p>\n<p><img loading=\"lazy\" loading=\"lazy\" decoding=\"async\" class=\"alignnone size-large wp-image-6474\" src=\"https:\/\/syri.tv\/wp-content\/uploads\/2024\/09\/DSC_0110-1024x683.jpg\" alt=\"\" width=\"1024\" height=\"683\" srcset=\"https:\/\/syri.tv\/wp-content\/uploads\/2024\/09\/DSC_0110-1024x683.jpg 1024w, https:\/\/syri.tv\/wp-content\/uploads\/2024\/09\/DSC_0110-300x200.jpg 300w, https:\/\/syri.tv\/wp-content\/uploads\/2024\/09\/DSC_0110-768x512.jpg 768w, https:\/\/syri.tv\/wp-content\/uploads\/2024\/09\/DSC_0110-1536x1024.jpg 1536w, https:\/\/syri.tv\/wp-content\/uploads\/2024\/09\/DSC_0110-2048x1365.jpg 2048w, https:\/\/syri.tv\/wp-content\/uploads\/2024\/09\/DSC_0110-330x220.jpg 330w, https:\/\/syri.tv\/wp-content\/uploads\/2024\/09\/DSC_0110-420x280.jpg 420w, https:\/\/syri.tv\/wp-content\/uploads\/2024\/09\/DSC_0110-615x410.jpg 615w, https:\/\/syri.tv\/wp-content\/uploads\/2024\/09\/DSC_0110-860x573.jpg 860w\" sizes=\"auto, (max-width: 1024px) 100vw, 1024px\" \/><\/p>\n<p>&nbsp;<\/p>\n<p>Sektori p\u00ebr informim<\/p>\n<p>&nbsp;<\/p>\n<p>&nbsp;<\/p>\n","protected":false},"excerpt":{"rendered":"<p>Qindra duar sh\u00ebmb\u00ebllejn\u00eb n\u00ebn hijen e flamurit komb\u00ebtar. Nx\u00ebn\u00ebs t\u00eb shkollave shqipe duke interpretuar k\u00ebng\u00ebn \u201cxhamadani vija \u2013 vija\u201d n\u00ebn drejtimin e m\u00ebsueses Qefsere Sejdiu Dje me dat\u00eb 22 shtator 2024, u zhvillua turneu i futbollit \u201cZvic\u00ebr 2024\u201d e organizuar nga Lidhja\u00a0 e Arsimtar\u00ebve dhe Prind\u00ebrve Shqiptar\u00eb \u201cNaim Frash\u00ebri\u201d n\u00eb Zvic\u00ebr s\u00eb bashku me Unionin [&hellip;]<\/p>\n","protected":false},"author":1,"featured_media":6465,"comment_status":"closed","ping_status":"closed","sticky":false,"template":"","format":"standard","meta":{"footnotes":""},"categories":[108,106,2],"tags":[],"class_list":{"0":"post-6462","1":"post","2":"type-post","3":"status-publish","4":"format-standard","5":"has-post-thumbnail","7":"category-kulture-2","8":"category-sport","9":"category-zvicer"},"_links":{"self":[{"href":"https:\/\/syri.tv\/index.php?rest_route=\/wp\/v2\/posts\/6462","targetHints":{"allow":["GET"]}}],"collection":[{"href":"https:\/\/syri.tv\/index.php?rest_route=\/wp\/v2\/posts"}],"about":[{"href":"https:\/\/syri.tv\/index.php?rest_route=\/wp\/v2\/types\/post"}],"author":[{"embeddable":true,"href":"https:\/\/syri.tv\/index.php?rest_route=\/wp\/v2\/users\/1"}],"replies":[{"embeddable":true,"href":"https:\/\/syri.tv\/index.php?rest_route=%2Fwp%2Fv2%2Fcomments&post=6462"}],"version-history":[{"count":4,"href":"https:\/\/syri.tv\/index.php?rest_route=\/wp\/v2\/posts\/6462\/revisions"}],"predecessor-version":[{"id":6484,"href":"https:\/\/syri.tv\/index.php?rest_route=\/wp\/v2\/posts\/6462\/revisions\/6484"}],"wp:featuredmedia":[{"embeddable":true,"href":"https:\/\/syri.tv\/index.php?rest_route=\/wp\/v2\/media\/6465"}],"wp:attachment":[{"href":"https:\/\/syri.tv\/index.php?rest_route=%2Fwp%2Fv2%2Fmedia&parent=6462"}],"wp:term":[{"taxonomy":"category","embeddable":true,"href":"https:\/\/syri.tv\/index.php?rest_route=%2Fwp%2Fv2%2Fcategories&post=6462"},{"taxonomy":"post_tag","embeddable":true,"href":"https:\/\/syri.tv\/index.php?rest_route=%2Fwp%2Fv2%2Ftags&post=6462"}],"curies":[{"name":"wp","href":"https:\/\/api.w.org\/{rel}","templated":true}]}}