{"id":6431,"date":"2024-09-13T12:59:38","date_gmt":"2024-09-13T12:59:38","guid":{"rendered":"https:\/\/syri.tv\/?p=6431"},"modified":"2024-09-13T12:59:38","modified_gmt":"2024-09-13T12:59:38","slug":"skandaloze-si-serbia-ashtu-shqiperia-shqiptaret-e-presheves-i-quajne-komunitet-qe-ne-fakt-jane-komb-serbet-ne-lugine-jane-komunitet-te-ardhur-nga-karpatet-ruse-te-cilen-e-deshmoj","status":"publish","type":"post","link":"https:\/\/syri.tv\/?p=6431","title":{"rendered":"SKANDALOZE: Si Serbia, ashtu Shqip\u00ebria, shqiptaret e Preshev\u00ebs i quajn\u00eb \u00abkomunitet\u00bb (?!) q\u00eb ne fakt jan\u00eb komb! Serbet n\u00eb Lugine jan\u00eb komunitet t\u00eb ardhur nga karpatet ruse, t\u00eb cil\u00ebn e d\u00ebshmojn\u00eb vet\u00eb historian\u00ebt serb\u00eb!"},"content":{"rendered":"<div class=\"td_block_wrap tdb_single_content tdi_71 td-pb-border-top td_block_template_1 td-post-content tagdiv-type\" data-td-block-uid=\"tdi_71\">\n<div class=\"tdb-block-inner td-fix-index\">\n<div class=\"xdj266r x11i5rnm xat24cr x1mh8g0r x1vvkbs x126k92a\">\n<div dir=\"auto\">Merre me mend edhe k\u00ebta v\u00ebllez\u00ebrit nga sqhiperia, shipatret e Lugine si quajne quajne \u00abkomunitet\u00bb?!, te cilet nuk jan komunitet por komb. E tham kete sepse sot ne disa media shqiptare\u00a0 kemi hasur ne tiuj skandaloz, si ky: \u201cMarsho p\u00ebr identitet dhe dinjitet\u201d\/ Komunieti Shqiptar\u00ebt n\u00eb Preshev\u00eb paralajm\u00ebrojn\u00eb protest\u00eb kund\u00ebr diskriminimit nga Serbia\u00a0\u00bb ?!, ka\u00a0 shkuar gazeta zvicerane ne shqip Le Canton27.ch duke reaguar ndaj ketij gabimi apo lapsusi.<\/div>\n<div dir=\"auto\"><\/div>\n<div dir=\"auto\">Bile ishim te matur a te reagoje apo, meqe kshim friken ndoshta do reflektohet kunder nesh, deh ato nuk do na citojne m\u00eb, por per ne eshte me me rendesi ruajtja e bertham\u00ebs kombetare n\u00eb Luginene Preshev\u00ebs, se sa mos citimi, kur dihet se edhe mediat zvicerane dhe evropiane na citojne! Pas ketij reagimi disa kane refletkuar disa mediat duke kerkuar falje, pasi kane korrigjuar titujt skandaloz.<\/div>\n<div dir=\"auto\"><\/div>\n<div dir=\"auto\">Dhe per cudi qe kur ka ardhur ne pushte Edi Rama dhe lidhjet\u00a0 e tija te forta me presidnetit serb Aleksander Vucic\u00a0 miqesore shpatret jashta kufijve amdinistartiv te Shqip\u00ebris\u00eb trajtohen negativisht, ne kete rast sikur ata ne Luginen e Presheves te cilet ndjehen te fyer dhe te injoruar si nga Beogradi ashtu edhe nga Tirana te ciles politike po i kontribuojne, fatkeqesisht edhe disa media!<\/div>\n<\/div>\n<div class=\"x11i5rnm xat24cr x1mh8g0r x1vvkbs xtlvy1s x126k92a\">\n<div dir=\"auto\"><\/div>\n<\/div>\n<div class=\"x11i5rnm xat24cr x1mh8g0r x1vvkbs xtlvy1s x126k92a\">\n<div dir=\"auto\">Ne vazhdim gazeta Le Canton27.ch ka shkruar \u00ab Sot na ra ne sy nj\u00eb gabim a lapsus ne mediat e Shqiperise, qe per ne ishte skandaloze te cilat shqiptaret e Lugines i quajne \u00abkominitet\u00bb?!. Nese politikajt e shitur apo serbofil etikekojne keshtu shqipatret e Lugines si \u00ab komunitet \u00bb, bile koleget, mediat nuk guxojne ta bejne kete gabim! Shqiptaret ne Zvicer apo Gjermani, dihet se jane komunitet por jo edhe n\u00eb Presheve, meqe jan\u00eb autokton. Bile, bile serbet ne Luginen e Presheves jane komunitet, jane ardhacak te ardhur nga karpatet ruse. K\u00ebt\u00eb thone dhe vet\u00eb historianet serb\u00eb.<\/div>\n<\/div>\n<p><strong>Edhe historian\u00ebt serb\u00ebt ne Serbi, ballkan e pranojne se jane ardhack, kurse shqiptaret autoktone. Ja cfare shkruajne ata ?\u2026<\/strong><\/p>\n<p>\u200bQysh n\u00eb gjysm\u00ebn e dyt\u00eb t\u00eb shekullit XIX, stereotipi negativ p\u00ebr shqiptar\u00ebt ka qen\u00eb i shprehur n\u00eb nj\u00eb s\u00ebr\u00eb librash t\u00eb autor\u00ebve serb\u00eb pa ndonj\u00eb redaktim t\u00eb ve\u00e7ant\u00eb shkencor. M\u00eb i p\u00ebrhapuri ka qen\u00eb, sigurisht, ai p\u00ebr urrejtjen ndaj serb\u00ebve, shkruan historianja serbe Olivera Milosavleviq, citon gazeta zvicerane n\u00eb shqip Le Canton27.ch<\/p>\n<p>Lexojeni t\u00eb plot\u00eb tesktin e historanes serbe Olivera Milosavleviq, q\u00eb \u00ebsht\u00eb nxjerr\u00eb nga nj\u00eb punim i gjat\u00eb mbi raportet serbo-shqiptare:<\/p>\n<p>\u201cMe politik\u00ebn pushtuese t\u00eb qeveris\u00eb serbe ndaj arbanasve, n\u00eb kufirin per\u00ebndimor t\u00eb Serbis\u00eb jan\u00eb krijuar marr\u00ebdh\u00ebnie t\u00eb tilla q\u00eb n\u00eb t\u00eb ardhmen e af\u00ebrt v\u00ebshtir\u00eb mund t\u00eb pritet paqe dhe gjendje stabile [\u2026] shtypi yn\u00eb, n\u00eb nj\u00eb gar\u00eb katastrofale p\u00ebr t\u00eb ndihmuar nj\u00eb politik\u00eb t\u00eb referuar dhe ekzekutuar n\u00eb m\u00ebnyr\u00eb t\u00eb neveritshme, me muaj dhe vite (ka) p\u00ebrhapur mendime tendencioze p\u00ebr arbanasit\u2026<img loading=\"lazy\" loading=\"lazy\" decoding=\"async\" class=\"wp-image-38731 alignleft td-animation-stack-type0-2\" src=\"https:\/\/lecanton27.ch\/wp-content\/uploads\/2024\/09\/librarasd-300x169.jpg\" sizes=\"auto, (max-width: 902px) 100vw, 902px\" srcset=\"https:\/\/lecanton27.ch\/wp-content\/uploads\/2024\/09\/librarasd-300x169.jpg 300w, https:\/\/lecanton27.ch\/wp-content\/uploads\/2024\/09\/librarasd-768x432.jpg 768w, https:\/\/lecanton27.ch\/wp-content\/uploads\/2024\/09\/librarasd-150x84.jpg 150w, https:\/\/lecanton27.ch\/wp-content\/uploads\/2024\/09\/librarasd-696x392.jpg 696w, https:\/\/lecanton27.ch\/wp-content\/uploads\/2024\/09\/librarasd.jpg 780w\" alt=\"\" width=\"902\" height=\"508\" \/><\/p>\n<\/div>\n<\/div>\n<div class=\"vc_row_inner tdi_73  vc_row vc_inner wpb_row td-pb-row\">\n<div class=\"vc_column_inner tdi_75  wpb_column vc_column_container tdc-inner-column td-pb-span4 td-is-sticky\">\n<div class=\"vc_column-inner\">\n<div class=\"wpb_wrapper\" data-sticky-offset=\"20\" data-sticky-is-width-auto=\"W2ZhbHNlLGZhbHNlLGZhbHNlLGZhbHNlXQ==\">\n<div class=\"clearfix\"><\/div>\n<div class=\"clearfix\"><\/div>\n<\/div>\n<\/div>\n<\/div>\n<div class=\"vc_column_inner tdi_77  wpb_column vc_column_container tdc-inner-column td-pb-span8\">\n<div class=\"vc_column-inner\">\n<div class=\"wpb_wrapper\">\n<div class=\"clearfix\"><\/div>\n<div class=\"td_block_wrap tdb_single_post_share tdi_78  td-pb-border-top td_block_template_1\" data-td-block-uid=\"tdi_78\">\n<div id=\"tdi_78\" class=\"td-post-sharing tdb-block td-ps-bg td-ps-notext td-post-sharing-style1 \">\n<div class=\"td-post-sharing-visible\">\n<div class=\"td-social-sharing-button td-social-sharing-button-js td-social-handler td-social-share-text\">\n<div class=\"td-social-but-icon\"><\/div>\n<\/div>\n<\/div>\n<\/div>\n<\/div>\n<\/div>\n<\/div>\n<\/div>\n<\/div>\n","protected":false},"excerpt":{"rendered":"<p>Merre me mend edhe k\u00ebta v\u00ebllez\u00ebrit nga sqhiperia, shipatret e Lugine si quajne quajne \u00abkomunitet\u00bb?!, te cilet nuk jan komunitet por komb. E tham kete sepse sot ne disa media shqiptare\u00a0 kemi hasur ne tiuj skandaloz, si ky: \u201cMarsho p\u00ebr identitet dhe dinjitet\u201d\/ Komunieti Shqiptar\u00ebt n\u00eb Preshev\u00eb paralajm\u00ebrojn\u00eb protest\u00eb kund\u00ebr diskriminimit nga Serbia\u00a0\u00bb ?!, ka\u00a0 [&hellip;]<\/p>\n","protected":false},"author":1,"featured_media":6432,"comment_status":"closed","ping_status":"closed","sticky":false,"template":"","format":"standard","meta":{"footnotes":""},"categories":[9],"tags":[],"class_list":{"0":"post-6431","1":"post","2":"type-post","3":"status-publish","4":"format-standard","5":"has-post-thumbnail","7":"category-vendi"},"_links":{"self":[{"href":"https:\/\/syri.tv\/index.php?rest_route=\/wp\/v2\/posts\/6431","targetHints":{"allow":["GET"]}}],"collection":[{"href":"https:\/\/syri.tv\/index.php?rest_route=\/wp\/v2\/posts"}],"about":[{"href":"https:\/\/syri.tv\/index.php?rest_route=\/wp\/v2\/types\/post"}],"author":[{"embeddable":true,"href":"https:\/\/syri.tv\/index.php?rest_route=\/wp\/v2\/users\/1"}],"replies":[{"embeddable":true,"href":"https:\/\/syri.tv\/index.php?rest_route=%2Fwp%2Fv2%2Fcomments&post=6431"}],"version-history":[{"count":1,"href":"https:\/\/syri.tv\/index.php?rest_route=\/wp\/v2\/posts\/6431\/revisions"}],"predecessor-version":[{"id":6433,"href":"https:\/\/syri.tv\/index.php?rest_route=\/wp\/v2\/posts\/6431\/revisions\/6433"}],"wp:featuredmedia":[{"embeddable":true,"href":"https:\/\/syri.tv\/index.php?rest_route=\/wp\/v2\/media\/6432"}],"wp:attachment":[{"href":"https:\/\/syri.tv\/index.php?rest_route=%2Fwp%2Fv2%2Fmedia&parent=6431"}],"wp:term":[{"taxonomy":"category","embeddable":true,"href":"https:\/\/syri.tv\/index.php?rest_route=%2Fwp%2Fv2%2Fcategories&post=6431"},{"taxonomy":"post_tag","embeddable":true,"href":"https:\/\/syri.tv\/index.php?rest_route=%2Fwp%2Fv2%2Ftags&post=6431"}],"curies":[{"name":"wp","href":"https:\/\/api.w.org\/{rel}","templated":true}]}}