{"id":6428,"date":"2024-09-13T10:24:58","date_gmt":"2024-09-13T10:24:58","guid":{"rendered":"https:\/\/syri.tv\/?p=6428"},"modified":"2024-09-13T10:24:58","modified_gmt":"2024-09-13T10:24:58","slug":"kreret-e-kishes-katolike-mos-ti-lejojne-mendesite-perqarese-e-bik-nxitesit-e-percaresve-hoxhallare-ti-ndeshkoj-me-verejtje-publike-e-deri-ne-suspendim","status":"publish","type":"post","link":"https:\/\/syri.tv\/?p=6428","title":{"rendered":"Krer\u00ebt e kish\u00ebs katolike mos ti lejojn\u00eb mend\u00ebsit\u00eb p\u00ebrqar\u00ebse, e BIK nxit\u00ebsit e p\u00ebr\u00e7ar\u00ebsve Hoxhallar\u00eb t&#8217;i nd\u00ebshkoj me v\u00ebrejtje publike e deri n\u00eb suspendim"},"content":{"rendered":"<div dir=\"auto\">Njer\u00ebzit e men\u00e7ur t\u00eb t\u00eb gjitha shoq\u00ebrive, i p\u00ebrdorin fet\u00eb p\u00ebr t\u00eb zhvilluar paqe, qet\u00ebsi dhe harmoni brenda shoq\u00ebris\u00eb.<\/div>\n<div dir=\"auto\"><span class=\"html-span xexx8yu x4uap5 x18d9i69 xkhd6sd x1hl2dhg x16tdsg8 x1vvkbs x3nfvp2 x1j61x8r x1fcty0u xdj266r xat24cr xgzva0m xhhsvwb xxymvpz xlup9mm x1kky2od\"><img loading=\"lazy\" loading=\"lazy\" decoding=\"async\" class=\"xz74otr\" src=\"https:\/\/static.xx.fbcdn.net\/images\/emoji.php\/v9\/t4c\/1\/16\/25aa.png\" alt=\"\u25aa\ufe0f\" width=\"16\" height=\"16\" \/><\/span> Klerik\u00ebt dhe intelektualet atdhetar\u00eb kan\u00eb dh\u00ebn\u00eb shembullin m\u00eb t\u00eb shk\u00eblqysh\u00ebm para tri dekadash n\u00eb aksionin p\u00ebr pajtimin e gjaqeve, q\u00eb kulmoi me tubimin te \u201eVerrat e Lluk\u00ebs\u201c n\u00eb De\u00e7an, u fal\u00ebn 1,275 gjaqe dhe ngat\u00ebrresa..<\/div>\n<div dir=\"auto\"><span class=\"html-span xexx8yu x4uap5 x18d9i69 xkhd6sd x1hl2dhg x16tdsg8 x1vvkbs x3nfvp2 x1j61x8r x1fcty0u xdj266r xat24cr xgzva0m xhhsvwb xxymvpz xlup9mm x1kky2od\"><img loading=\"lazy\" loading=\"lazy\" decoding=\"async\" class=\"xz74otr\" src=\"https:\/\/static.xx.fbcdn.net\/images\/emoji.php\/v9\/t4c\/1\/16\/25aa.png\" alt=\"\u25aa\ufe0f\" width=\"16\" height=\"16\" \/><\/span>Krer\u00ebt e kish\u00ebs katolike e kan\u00eb rastin ideal p\u00ebr tregu se shqiptarin\u00eb e kan\u00eb mbi fen\u00eb, duke mos i lejuar k\u00ebto mend\u00ebsi p\u00ebrqar\u00ebse, t\u00eb p\u00ebrdorin kishen dhe fen\u00eb e tyre p\u00ebr t\u00eb goditur nj\u00eb fe tjet\u00ebr, sa koh\u00eb q\u00eb t\u00eb dy k\u00ebto fe jan\u00eb pjes\u00eb e historis\u00eb se k\u00ebtij populli.<\/div>\n<div dir=\"auto\"><span class=\"html-span xexx8yu x4uap5 x18d9i69 xkhd6sd x1hl2dhg x16tdsg8 x1vvkbs x3nfvp2 x1j61x8r x1fcty0u xdj266r xat24cr xgzva0m xhhsvwb xxymvpz xlup9mm x1kky2od\"><img loading=\"lazy\" loading=\"lazy\" decoding=\"async\" class=\"xz74otr\" src=\"https:\/\/static.xx.fbcdn.net\/images\/emoji.php\/v9\/t4c\/1\/16\/25aa.png\" alt=\"\u25aa\ufe0f\" width=\"16\" height=\"16\" \/><\/span> Bashk\u00ebsia Islame e Kosov\u00ebs, me gjith\u00eb q\u00eb ka b\u00ebr\u00eb shum\u00eb p\u00ebr ruajtjen e unitetit brenda shoq\u00ebris\u00eb kosovare, duhet q\u00eb nxit\u00ebsit e p\u00ebr\u00e7ajeve nga radh\u00ebt e hoxhollar\u00ebve (n\u00eb em\u00ebr t\u00eb Islamit) t&#8217;i nd\u00ebshkoj me v\u00ebrejtje publike e deri n\u00eb suspendim.<\/div>\n<div dir=\"auto\"><\/div>\n<div dir=\"auto\">https:\/\/www.facebook.com\/Hoxhe.HalilAvdulli\/videos\/1030085885279446<\/div>\n","protected":false},"excerpt":{"rendered":"<p>Njer\u00ebzit e men\u00e7ur t\u00eb t\u00eb gjitha shoq\u00ebrive, i p\u00ebrdorin fet\u00eb p\u00ebr t\u00eb zhvilluar paqe, qet\u00ebsi dhe harmoni brenda shoq\u00ebris\u00eb. Klerik\u00ebt dhe intelektualet atdhetar\u00eb kan\u00eb dh\u00ebn\u00eb shembullin m\u00eb t\u00eb shk\u00eblqysh\u00ebm para tri dekadash n\u00eb aksionin p\u00ebr pajtimin e gjaqeve, q\u00eb kulmoi me tubimin te \u201eVerrat e Lluk\u00ebs\u201c n\u00eb De\u00e7an, u fal\u00ebn 1,275 gjaqe dhe ngat\u00ebrresa.. Krer\u00ebt [&hellip;]<\/p>\n","protected":false},"author":1,"featured_media":6429,"comment_status":"closed","ping_status":"closed","sticky":false,"template":"","format":"standard","meta":{"footnotes":""},"categories":[9],"tags":[],"class_list":{"0":"post-6428","1":"post","2":"type-post","3":"status-publish","4":"format-standard","5":"has-post-thumbnail","7":"category-vendi"},"_links":{"self":[{"href":"https:\/\/syri.tv\/index.php?rest_route=\/wp\/v2\/posts\/6428","targetHints":{"allow":["GET"]}}],"collection":[{"href":"https:\/\/syri.tv\/index.php?rest_route=\/wp\/v2\/posts"}],"about":[{"href":"https:\/\/syri.tv\/index.php?rest_route=\/wp\/v2\/types\/post"}],"author":[{"embeddable":true,"href":"https:\/\/syri.tv\/index.php?rest_route=\/wp\/v2\/users\/1"}],"replies":[{"embeddable":true,"href":"https:\/\/syri.tv\/index.php?rest_route=%2Fwp%2Fv2%2Fcomments&post=6428"}],"version-history":[{"count":1,"href":"https:\/\/syri.tv\/index.php?rest_route=\/wp\/v2\/posts\/6428\/revisions"}],"predecessor-version":[{"id":6430,"href":"https:\/\/syri.tv\/index.php?rest_route=\/wp\/v2\/posts\/6428\/revisions\/6430"}],"wp:featuredmedia":[{"embeddable":true,"href":"https:\/\/syri.tv\/index.php?rest_route=\/wp\/v2\/media\/6429"}],"wp:attachment":[{"href":"https:\/\/syri.tv\/index.php?rest_route=%2Fwp%2Fv2%2Fmedia&parent=6428"}],"wp:term":[{"taxonomy":"category","embeddable":true,"href":"https:\/\/syri.tv\/index.php?rest_route=%2Fwp%2Fv2%2Fcategories&post=6428"},{"taxonomy":"post_tag","embeddable":true,"href":"https:\/\/syri.tv\/index.php?rest_route=%2Fwp%2Fv2%2Ftags&post=6428"}],"curies":[{"name":"wp","href":"https:\/\/api.w.org\/{rel}","templated":true}]}}