{"id":6425,"date":"2024-09-13T10:09:12","date_gmt":"2024-09-13T10:09:12","guid":{"rendered":"https:\/\/syri.tv\/?p=6425"},"modified":"2024-09-13T10:09:12","modified_gmt":"2024-09-13T10:09:12","slug":"dhomat-e-specializuar-duhet-ta-arrestojne-abdixhikun","status":"publish","type":"post","link":"https:\/\/syri.tv\/?p=6425","title":{"rendered":"Dhomat e Specializuar duhet ta arrestojn\u00eb Abdixhikun"},"content":{"rendered":"<p>Deputetja e PDK-s\u00eb, Ganimete Musliu, ka ironizuar keq me Gjykat\u00ebn Speciale, e cila n\u00eb disa seanca \u00ebsht\u00eb marr\u00eb me trajtimin e fotografive t\u00eb ish-presidentit Ibrahim Rugova gjat\u00eb luft\u00ebs nga ish-ushtar\u00ebt e U\u00c7K-s\u00eb.<\/p>\n<p>N\u00eb k\u00ebto seanca, disa d\u00ebshmitar\u00eb kan\u00eb treguar edhe p\u00ebr largimin e fotografis\u00eb s\u00eb Rugov\u00ebs nga disa zyre.<\/p>\n<p>Musliu ka vler\u00ebsuar se Specialja duhet t\u00eb merret edhe me pretendimet e kryetarit t\u00eb Podujev\u00ebs, Shpejtim Bulliqi, i cili ka th\u00ebn\u00eb se kryetari i LDK-s\u00eb, Lumir Abdixhiku, e urren Rugov\u00ebn, pasi i nj\u00ebjti kishte larguar fotografin\u00eb e Rugov\u00ebs nga zyra.<\/p>\n<p>N\u00eb profilin e saj n\u00eb Facebook\u201d, ajo ka shkruar se n\u00eb baz\u00eb t\u00eb pretendimet t\u00eb Bulliqt Specialja duhet ta arrestoi t\u00eb parin e LDK-s\u00eb.<\/p>\n<p>\u201cDhomat e \u201cPOLITIZUARA\u201d t\u00eb Hag\u00ebs duh\u00ebt t\u00eb intervenojn\u00eb urgjent p\u00ebr ta arrestuar Lumir Abdixhikun sepse sipas d\u00ebshmitarit Shp\u00ebjtim Bulliqi, Lumiri e urren Rugov\u00ebn dhe ka larguar fotografin\u00eb nga zyra\u201d, ka shkruar Musliu.<\/p>\n<p>https:\/\/www.facebook.com\/photo.php?fbid=1079872716834121&#038;set=a.481999623288103&#038;type=3&#038;ref=embed_post<\/p>\n","protected":false},"excerpt":{"rendered":"<p>Deputetja e PDK-s\u00eb, Ganimete Musliu, ka ironizuar keq me Gjykat\u00ebn Speciale, e cila n\u00eb disa seanca \u00ebsht\u00eb marr\u00eb me trajtimin e fotografive t\u00eb ish-presidentit Ibrahim Rugova gjat\u00eb luft\u00ebs nga ish-ushtar\u00ebt e U\u00c7K-s\u00eb. N\u00eb k\u00ebto seanca, disa d\u00ebshmitar\u00eb kan\u00eb treguar edhe p\u00ebr largimin e fotografis\u00eb s\u00eb Rugov\u00ebs nga disa zyre. Musliu ka vler\u00ebsuar se Specialja duhet [&hellip;]<\/p>\n","protected":false},"author":1,"featured_media":6426,"comment_status":"closed","ping_status":"closed","sticky":false,"template":"","format":"standard","meta":{"footnotes":""},"categories":[9],"tags":[],"class_list":{"0":"post-6425","1":"post","2":"type-post","3":"status-publish","4":"format-standard","5":"has-post-thumbnail","7":"category-vendi"},"_links":{"self":[{"href":"https:\/\/syri.tv\/index.php?rest_route=\/wp\/v2\/posts\/6425","targetHints":{"allow":["GET"]}}],"collection":[{"href":"https:\/\/syri.tv\/index.php?rest_route=\/wp\/v2\/posts"}],"about":[{"href":"https:\/\/syri.tv\/index.php?rest_route=\/wp\/v2\/types\/post"}],"author":[{"embeddable":true,"href":"https:\/\/syri.tv\/index.php?rest_route=\/wp\/v2\/users\/1"}],"replies":[{"embeddable":true,"href":"https:\/\/syri.tv\/index.php?rest_route=%2Fwp%2Fv2%2Fcomments&post=6425"}],"version-history":[{"count":1,"href":"https:\/\/syri.tv\/index.php?rest_route=\/wp\/v2\/posts\/6425\/revisions"}],"predecessor-version":[{"id":6427,"href":"https:\/\/syri.tv\/index.php?rest_route=\/wp\/v2\/posts\/6425\/revisions\/6427"}],"wp:featuredmedia":[{"embeddable":true,"href":"https:\/\/syri.tv\/index.php?rest_route=\/wp\/v2\/media\/6426"}],"wp:attachment":[{"href":"https:\/\/syri.tv\/index.php?rest_route=%2Fwp%2Fv2%2Fmedia&parent=6425"}],"wp:term":[{"taxonomy":"category","embeddable":true,"href":"https:\/\/syri.tv\/index.php?rest_route=%2Fwp%2Fv2%2Fcategories&post=6425"},{"taxonomy":"post_tag","embeddable":true,"href":"https:\/\/syri.tv\/index.php?rest_route=%2Fwp%2Fv2%2Ftags&post=6425"}],"curies":[{"name":"wp","href":"https:\/\/api.w.org\/{rel}","templated":true}]}}