{"id":6420,"date":"2024-09-13T07:06:41","date_gmt":"2024-09-13T07:06:41","guid":{"rendered":"https:\/\/syri.tv\/?p=6420"},"modified":"2024-09-13T07:06:41","modified_gmt":"2024-09-13T07:06:41","slug":"banjskeshbaja-mirepret-ngritjen-e-aktakuzes-dhe-vlereson-punen-e-prokurorise-dhe-policise","status":"publish","type":"post","link":"https:\/\/syri.tv\/?p=6420","title":{"rendered":"Banjsk\u00eb:ShBA\u2019ja mir\u00ebpret ngritjen e aktakuz\u00ebs dhe vler\u00ebson pun\u00ebn e Prokuroris\u00eb dhe Policis\u00eb"},"content":{"rendered":"<p><strong>Ambasada e Shteteve t\u00eb Bashkuara t\u00eb Amerik\u00ebs vler\u00ebson pun\u00ebn e Prokuroris\u00eb Speciale e Kosov\u00ebs, e cila ka ngritur aktakuz\u00eb ndaj 45 personave p\u00ebr organizimin dhe kryerjen e sulmit t\u00eb armatosur ndaj Policis\u00eb s\u00eb Kosov\u00ebs n\u00eb Banjsk\u00eb t\u00eb Zve\u00e7anit m\u00eb 24 shtator 2023.<\/strong><\/p>\n<p>Nj\u00eb z\u00ebdh\u00ebn\u00ebs i ambasad\u00ebs amerikane deklaroi se ShBA-ja vler\u00ebson p\u00ebrfundimin e hetimeve p\u00ebr rastin Banjska.<\/p>\n<p>\u201cShtetet e Bashkuara vler\u00ebsojn\u00eb pun\u00ebn e Zyr\u00ebs s\u00eb Prokurorit t\u00eb Specializuar t\u00eb Kosov\u00ebs dhe Policis\u00eb s\u00eb Kosov\u00ebs p\u00ebr p\u00ebrfundimin e hetimit t\u00eb sulmit n\u00eb Banjsk\u00eb dhe ngritjen e aktakuz\u00ebs. Gati nj\u00eb vit ka kaluar q\u00eb nga ky krim brutal q\u00eb vrau rreshterin e Policis\u00eb s\u00eb Kosov\u00ebs, Afrim Bunjaku. Shtetet e Bashkuara ritheksojn\u00eb se t\u00eb gjith\u00eb ata q\u00eb jan\u00eb p\u00ebrgjegj\u00ebs duhet t\u00eb mbajn\u00eb p\u00ebrgjegj\u00ebsi\u201d.<\/p>\n<p>Ambasada e ShBA-s\u00eb gjithashtu inkurajon respektimin e procesit gjyq\u00ebsor dhe sundimin e ligjit, duke k\u00ebrkuar durim, nd\u00ebrsa ky rast kompleks t\u00eb trajtohet n\u00eb gjykata.<\/p>\n<p>Ata p\u00ebrs\u00ebrit\u00ebn mb\u00ebshtetjen e fuqishme p\u00ebr sundimin e ligjit, drejt\u00ebsin\u00eb e barabart\u00eb dhe qeverisjen e mir\u00eb n\u00eb Kosov\u00eb.<\/p>\n<p>Edhe Bashkimi Evropian (BE) e ka mir\u00ebpritur vendimin e Prokuroris\u00eb s\u00eb Kosov\u00ebs p\u00ebr t\u00eb ngritur aktakuz\u00eb kund\u00ebr disa dhjet\u00ebra t\u00eb dyshuarve p\u00ebr organizim dhe kryerje t\u00eb sulmit t\u00eb armatosur ndaj Policis\u00eb s\u00eb Kosov\u00ebs n\u00eb fshatin Banjsk\u00eb n\u00eb veri t\u00eb vendit vitin e kaluar, tha t\u00eb enjten z\u00ebdh\u00ebn\u00ebsi i bllokut, Peter Stano.<\/p>\n<p>Prokuroria Speciale e Kosov\u00ebs njoftoi t\u00eb m\u00ebrkur\u00ebn se ka ngritur aktakuz\u00eb ndaj 45 personave \u2013 n\u00eb mesin e tyre edhe Milan Radoi\u00e7iq \u2013 p\u00ebr sulmin e armatosur n\u00eb Banjsk\u00eb.<\/p>\n<p>Kryeministri Albin Kurti tha t\u00eb enjten n\u00eb Prishtin\u00eb se aktakuza ka mundur t\u00eb ngrihej m\u00eb her\u00ebt, por \u201cm\u00eb mir\u00eb von\u00eb se kurr\u00eb\u201d.<ins id=\"revive-0-0\" data-revive-zoneid=\"18\" data-revive-id=\"a018272a477b6c0e5217bb1672e1bdb9\" data-revive-seq=\"0\" data-revive-loaded=\"1\"><\/ins><\/p>\n<p>Ai e p\u00ebrs\u00ebriti k\u00ebrkes\u00ebn e autoriteteve kosovare q\u00eb Serbia t\u00eb bashk\u00ebpunoj\u00eb dhe ta dor\u00ebzoj\u00eb tek ato Radoi\u00e7iqin, sepse \u201ckrimin e ka kryer n\u00eb Kosov\u00eb, e Banjska \u00ebsht\u00eb n\u00eb Zve\u00e7an t\u00eb Kosov\u00ebs\u201d.<\/p>\n<p>N\u00eb fund t\u00eb vitit t\u00eb kaluar, me k\u00ebrkes\u00eb t\u00eb Ministris\u00eb s\u00eb Brendshme t\u00eb Kosov\u00ebs, organizata nd\u00ebrkomb\u00ebtare e policis\u00eb, INTERPOL, l\u00ebshoi fletarrestim p\u00ebr Radoi\u00e7iqin njofton Telegrafi<\/p>\n<div class=\"article_title\">\n<h1><\/h1>\n<\/div>\n","protected":false},"excerpt":{"rendered":"<p>Ambasada e Shteteve t\u00eb Bashkuara t\u00eb Amerik\u00ebs vler\u00ebson pun\u00ebn e Prokuroris\u00eb Speciale e Kosov\u00ebs, e cila ka ngritur aktakuz\u00eb ndaj 45 personave p\u00ebr organizimin dhe kryerjen e sulmit t\u00eb armatosur ndaj Policis\u00eb s\u00eb Kosov\u00ebs n\u00eb Banjsk\u00eb t\u00eb Zve\u00e7anit m\u00eb 24 shtator 2023. Nj\u00eb z\u00ebdh\u00ebn\u00ebs i ambasad\u00ebs amerikane deklaroi se ShBA-ja vler\u00ebson p\u00ebrfundimin e hetimeve p\u00ebr [&hellip;]<\/p>\n","protected":false},"author":1,"featured_media":6421,"comment_status":"closed","ping_status":"closed","sticky":false,"template":"","format":"standard","meta":{"footnotes":""},"categories":[9],"tags":[],"class_list":{"0":"post-6420","1":"post","2":"type-post","3":"status-publish","4":"format-standard","5":"has-post-thumbnail","7":"category-vendi"},"_links":{"self":[{"href":"https:\/\/syri.tv\/index.php?rest_route=\/wp\/v2\/posts\/6420","targetHints":{"allow":["GET"]}}],"collection":[{"href":"https:\/\/syri.tv\/index.php?rest_route=\/wp\/v2\/posts"}],"about":[{"href":"https:\/\/syri.tv\/index.php?rest_route=\/wp\/v2\/types\/post"}],"author":[{"embeddable":true,"href":"https:\/\/syri.tv\/index.php?rest_route=\/wp\/v2\/users\/1"}],"replies":[{"embeddable":true,"href":"https:\/\/syri.tv\/index.php?rest_route=%2Fwp%2Fv2%2Fcomments&post=6420"}],"version-history":[{"count":1,"href":"https:\/\/syri.tv\/index.php?rest_route=\/wp\/v2\/posts\/6420\/revisions"}],"predecessor-version":[{"id":6422,"href":"https:\/\/syri.tv\/index.php?rest_route=\/wp\/v2\/posts\/6420\/revisions\/6422"}],"wp:featuredmedia":[{"embeddable":true,"href":"https:\/\/syri.tv\/index.php?rest_route=\/wp\/v2\/media\/6421"}],"wp:attachment":[{"href":"https:\/\/syri.tv\/index.php?rest_route=%2Fwp%2Fv2%2Fmedia&parent=6420"}],"wp:term":[{"taxonomy":"category","embeddable":true,"href":"https:\/\/syri.tv\/index.php?rest_route=%2Fwp%2Fv2%2Fcategories&post=6420"},{"taxonomy":"post_tag","embeddable":true,"href":"https:\/\/syri.tv\/index.php?rest_route=%2Fwp%2Fv2%2Ftags&post=6420"}],"curies":[{"name":"wp","href":"https:\/\/api.w.org\/{rel}","templated":true}]}}