{"id":6417,"date":"2024-09-13T06:31:39","date_gmt":"2024-09-13T06:31:39","guid":{"rendered":"https:\/\/syri.tv\/?p=6417"},"modified":"2024-09-13T06:31:39","modified_gmt":"2024-09-13T06:31:39","slug":"protesta-per-identitet-e-dinjitet","status":"publish","type":"post","link":"https:\/\/syri.tv\/?p=6417","title":{"rendered":"Protesta p\u00ebr identitet e dinjitet!"},"content":{"rendered":"<div class=\"xdj266r x11i5rnm xat24cr x1mh8g0r x1vvkbs x126k92a\">\n<div dir=\"auto\">T\u00eb marshojm\u00eb, t\u00eb gjith\u00eb bashk\u00eb. Kund\u00ebr diskriminimit, shtypjes dhe shkeljeve q\u00eb i b\u00ebhen shqiptar\u00ebve t\u00eb Lugin\u00ebs s\u00eb Preshev\u00ebs.<\/div>\n<\/div>\n<div class=\"x11i5rnm xat24cr x1mh8g0r x1vvkbs xtlvy1s x126k92a\">\n<div dir=\"auto\">T\u00eb marshojm\u00eb p\u00ebr barazi dhe drejt\u00ebsi!<\/div>\n<\/div>\n<div class=\"x11i5rnm xat24cr x1mh8g0r x1vvkbs xtlvy1s x126k92a\">\n<div dir=\"auto\">N\u00eb Gusht ishim n\u00eb Bujanoc, n\u00eb Shtator jemi n\u00eb Preshev\u00eb, p\u00ebr t\u00eb d\u00ebshmuar se jemi nj\u00eb. Problemet tona nuk mund t\u00eb shtyhen m\u00eb.<\/div>\n<\/div>\n<div class=\"x11i5rnm xat24cr x1mh8g0r x1vvkbs xtlvy1s x126k92a\">\n<div dir=\"auto\">Aspak m\u00eb pak se sa na takon, asnj\u00ebher\u00eb m\u00eb shum\u00eb, por gjithmon\u00eb at\u00eb q\u00eb meritojm\u00eb!<\/div>\n<\/div>\n<div class=\"x11i5rnm xat24cr x1mh8g0r x1vvkbs xtlvy1s x126k92a\">\n<div dir=\"auto\">P\u00ebr nd\u00ebrprerjen e pasivizimit t\u00eb adresave, p\u00ebr njohjen e diplomave tona, p\u00ebr vende pune dhe p\u00ebr institucione t\u00eb hapura p\u00ebr t\u00eb gjith\u00eb. P\u00ebr zbatimin e Marr\u00ebveshjeve t\u00eb n\u00ebnshkruara dhe p\u00ebr p\u00ebrmbushjen e detyrimeve t\u00eb shtetit ndaj shqiptar\u00ebve t\u00eb Lugin\u00ebs s\u00eb Preshev\u00ebs.<\/div>\n<\/div>\n<div class=\"x11i5rnm xat24cr x1mh8g0r x1vvkbs xtlvy1s x126k92a\">\n<div dir=\"auto\">P\u00ebr Preshev\u00ebn me Gjykat\u00eb, p\u00ebr institucione ku shqiptar\u00ebt jan\u00eb t\u00eb p\u00ebrfaq\u00ebsuar!<\/div>\n<\/div>\n<div class=\"x11i5rnm xat24cr x1mh8g0r x1vvkbs xtlvy1s x126k92a\">\n<div dir=\"auto\">Kjo \u00ebsht\u00eb p\u00ebr t\u00eb gjith\u00eb ne, p\u00ebr dinjitetin dhe identitetin ton\u00eb.<\/div>\n<\/div>\n<div class=\"x11i5rnm xat24cr x1mh8g0r x1vvkbs xtlvy1s x126k92a\">\n<div dir=\"auto\">Dilni dhe marshoni!<\/div>\n<\/div>\n","protected":false},"excerpt":{"rendered":"<p>T\u00eb marshojm\u00eb, t\u00eb gjith\u00eb bashk\u00eb. Kund\u00ebr diskriminimit, shtypjes dhe shkeljeve q\u00eb i b\u00ebhen shqiptar\u00ebve t\u00eb Lugin\u00ebs s\u00eb Preshev\u00ebs. T\u00eb marshojm\u00eb p\u00ebr barazi dhe drejt\u00ebsi! N\u00eb Gusht ishim n\u00eb Bujanoc, n\u00eb Shtator jemi n\u00eb Preshev\u00eb, p\u00ebr t\u00eb d\u00ebshmuar se jemi nj\u00eb. Problemet tona nuk mund t\u00eb shtyhen m\u00eb. Aspak m\u00eb pak se sa na takon, asnj\u00ebher\u00eb [&hellip;]<\/p>\n","protected":false},"author":1,"featured_media":6418,"comment_status":"closed","ping_status":"closed","sticky":false,"template":"","format":"standard","meta":{"footnotes":""},"categories":[9],"tags":[],"class_list":{"0":"post-6417","1":"post","2":"type-post","3":"status-publish","4":"format-standard","5":"has-post-thumbnail","7":"category-vendi"},"_links":{"self":[{"href":"https:\/\/syri.tv\/index.php?rest_route=\/wp\/v2\/posts\/6417","targetHints":{"allow":["GET"]}}],"collection":[{"href":"https:\/\/syri.tv\/index.php?rest_route=\/wp\/v2\/posts"}],"about":[{"href":"https:\/\/syri.tv\/index.php?rest_route=\/wp\/v2\/types\/post"}],"author":[{"embeddable":true,"href":"https:\/\/syri.tv\/index.php?rest_route=\/wp\/v2\/users\/1"}],"replies":[{"embeddable":true,"href":"https:\/\/syri.tv\/index.php?rest_route=%2Fwp%2Fv2%2Fcomments&post=6417"}],"version-history":[{"count":1,"href":"https:\/\/syri.tv\/index.php?rest_route=\/wp\/v2\/posts\/6417\/revisions"}],"predecessor-version":[{"id":6419,"href":"https:\/\/syri.tv\/index.php?rest_route=\/wp\/v2\/posts\/6417\/revisions\/6419"}],"wp:featuredmedia":[{"embeddable":true,"href":"https:\/\/syri.tv\/index.php?rest_route=\/wp\/v2\/media\/6418"}],"wp:attachment":[{"href":"https:\/\/syri.tv\/index.php?rest_route=%2Fwp%2Fv2%2Fmedia&parent=6417"}],"wp:term":[{"taxonomy":"category","embeddable":true,"href":"https:\/\/syri.tv\/index.php?rest_route=%2Fwp%2Fv2%2Fcategories&post=6417"},{"taxonomy":"post_tag","embeddable":true,"href":"https:\/\/syri.tv\/index.php?rest_route=%2Fwp%2Fv2%2Ftags&post=6417"}],"curies":[{"name":"wp","href":"https:\/\/api.w.org\/{rel}","templated":true}]}}