{"id":6409,"date":"2024-09-09T13:56:05","date_gmt":"2024-09-09T13:56:05","guid":{"rendered":"https:\/\/syri.tv\/?p=6409"},"modified":"2024-09-09T13:56:05","modified_gmt":"2024-09-09T13:56:05","slug":"kombetarja-e-zvicres-pa-granit-xhaken-eshte-si-pula-pa-koke","status":"publish","type":"post","link":"https:\/\/syri.tv\/?p=6409","title":{"rendered":"Komb\u00ebtarja e Zvicr\u00ebs pa Granit Xhak\u00ebn \u00ebsht\u00eb si pula pa kok\u00eb"},"content":{"rendered":"<p><b>P\u00ebrzgjedh\u00ebsi i Zvicr\u00ebs Murat Yakin e ka pranuar se e t\u00ebr\u00eb loja e komb\u00ebtares varet nga mesfushori Granit Xhaka dhe pa t\u00eb nuk kan\u00eb stabilitet.<\/b><\/p>\n<p>Zvicra u demolua nga Spanja me rezultat 1:4, ku mungoi Xhaka shkaku q\u00eb u nd\u00ebshkua me karton t\u00eb kuq nj\u00eb ndeshje m\u00eb par\u00eb, ndaj Danimark\u00ebs.<\/p>\n<p>Pas ndeshjes, Yakin u ankua se pa Xhak\u00ebn komb\u00ebtarja helvetike s\u2019\u00ebsht\u00eb e nj\u00ebjta.<\/p>\n<p><i>\u201cLoja jon\u00eb \u00ebsht\u00eb e bazuar n\u00eb posedim dhe dominanc\u00eb. N\u00ebse Graniti mungon, lidhjet dhe zgjidhjet q\u00eb ofron mungojn\u00eb\u201d.<\/i><\/p>\n<p>Xhak\u00ebn e z\u00ebvend\u00ebsoi Denis Zakaria, por ishte nd\u00ebr m\u00eb t\u00eb dobtit n\u00eb fush\u00eb.<\/p>\n<p>\u201c<i>Denis \u00ebsht\u00eb lojtar pak m\u00eb ndryshe q\u00eb sjell nj\u00eb dinamik\u00eb tjet\u00ebr. Ai e provoi shansin e tij<\/i>\u201d, shtoi Yakin.<\/p>\n<p>Zvicra aktualisht renditet n\u00eb fundin e tabel\u00ebs n\u00eb grupin 4 t\u00eb Lig\u00ebs A s\u00eb Lig\u00ebs t\u00eb Kombeve pa pik\u00eb dhe duhet t\u00eb reagoj\u00eb shpejt\u00eb, p\u00ebrndryshe do t\u00eb bie n\u00eb Lig\u00ebn B.<\/p>\n<p>Kujtojm\u00eb, n\u00eb p\u00ebrballjen e Zvicr\u00ebs do t\u00eb luaj\u00eb ndaj Serbis\u00eb.<\/p>\n","protected":false},"excerpt":{"rendered":"<p>P\u00ebrzgjedh\u00ebsi i Zvicr\u00ebs Murat Yakin e ka pranuar se e t\u00ebr\u00eb loja e komb\u00ebtares varet nga mesfushori Granit Xhaka dhe pa t\u00eb nuk kan\u00eb stabilitet. Zvicra u demolua nga Spanja me rezultat 1:4, ku mungoi Xhaka shkaku q\u00eb u nd\u00ebshkua me karton t\u00eb kuq nj\u00eb ndeshje m\u00eb par\u00eb, ndaj Danimark\u00ebs. Pas ndeshjes, Yakin u ankua [&hellip;]<\/p>\n","protected":false},"author":1,"featured_media":6410,"comment_status":"closed","ping_status":"closed","sticky":false,"template":"","format":"standard","meta":{"footnotes":""},"categories":[106],"tags":[],"class_list":{"0":"post-6409","1":"post","2":"type-post","3":"status-publish","4":"format-standard","5":"has-post-thumbnail","7":"category-sport"},"_links":{"self":[{"href":"https:\/\/syri.tv\/index.php?rest_route=\/wp\/v2\/posts\/6409","targetHints":{"allow":["GET"]}}],"collection":[{"href":"https:\/\/syri.tv\/index.php?rest_route=\/wp\/v2\/posts"}],"about":[{"href":"https:\/\/syri.tv\/index.php?rest_route=\/wp\/v2\/types\/post"}],"author":[{"embeddable":true,"href":"https:\/\/syri.tv\/index.php?rest_route=\/wp\/v2\/users\/1"}],"replies":[{"embeddable":true,"href":"https:\/\/syri.tv\/index.php?rest_route=%2Fwp%2Fv2%2Fcomments&post=6409"}],"version-history":[{"count":1,"href":"https:\/\/syri.tv\/index.php?rest_route=\/wp\/v2\/posts\/6409\/revisions"}],"predecessor-version":[{"id":6411,"href":"https:\/\/syri.tv\/index.php?rest_route=\/wp\/v2\/posts\/6409\/revisions\/6411"}],"wp:featuredmedia":[{"embeddable":true,"href":"https:\/\/syri.tv\/index.php?rest_route=\/wp\/v2\/media\/6410"}],"wp:attachment":[{"href":"https:\/\/syri.tv\/index.php?rest_route=%2Fwp%2Fv2%2Fmedia&parent=6409"}],"wp:term":[{"taxonomy":"category","embeddable":true,"href":"https:\/\/syri.tv\/index.php?rest_route=%2Fwp%2Fv2%2Fcategories&post=6409"},{"taxonomy":"post_tag","embeddable":true,"href":"https:\/\/syri.tv\/index.php?rest_route=%2Fwp%2Fv2%2Ftags&post=6409"}],"curies":[{"name":"wp","href":"https:\/\/api.w.org\/{rel}","templated":true}]}}