{"id":6401,"date":"2024-09-04T16:27:44","date_gmt":"2024-09-04T16:27:44","guid":{"rendered":"https:\/\/syri.tv\/?p=6401"},"modified":"2024-09-04T16:29:53","modified_gmt":"2024-09-04T16:29:53","slug":"deklarate-publike-e-djalit-te-sadri-sadriu-qe-u-eksekutua-ne-bibaj-te-ferizajt","status":"publish","type":"post","link":"https:\/\/syri.tv\/?p=6401","title":{"rendered":"Deklarat\u00eb Publike e djalit t\u00eb Sadri Sadriu q\u00eb u eksekutua n\u00eb Bibaj t\u00eb Ferizajt"},"content":{"rendered":"<div class=\"x11i5rnm xat24cr x1mh8g0r x1vvkbs xtlvy1s x126k92a\">\n<div dir=\"auto\">N\u00eb emrin tim personal dhe t\u00eb familjes Sadriu, d\u00ebshiroj t\u00eb sqaroj dhe komentoj lidhur me shkrimet e publikuara q\u00eb nga data 17 gusht 2024 n\u00eb disa portale n\u00eb Kosov\u00eb, ve\u00e7an\u00ebrisht n\u00eb portalin \u201cNacionale,\u201d n\u00eb pron\u00ebsi t\u00eb z. Berat Buzhala.<\/div>\n<div dir=\"auto\"><\/div>\n<div dir=\"auto\">Duke ndjer\u00eb nj\u00eb obligim moral dhe njer\u00ebzor p\u00ebr t\u00eb informuar qytetar\u00ebt e Republik\u00ebs s\u00eb Kosov\u00ebs, Lugin\u00ebs s\u00eb Preshev\u00ebs dhe m\u00eb gjer\u00eb, un\u00eb, Ilir Sadriu, djali i t\u00eb ndjerit Sadri Sadriu, i ekzekutuar m\u00eb 16 gusht 2024, deklaroj si m\u00eb posht\u00eb:<\/div>\n<\/div>\n<div class=\"x11i5rnm xat24cr x1mh8g0r x1vvkbs xtlvy1s x126k92a\">\n<div dir=\"auto\">Akti i ul\u00ebt dhe barbar i ekzekutimit t\u00eb babait tim, Sadri Sadriu, nj\u00eb ish-m\u00ebsues i p\u00ebrkushtuar me 42 vite p\u00ebrvoj\u00eb n\u00eb edukimin dhe arsimimin e shum\u00eb brezave n\u00eb Lugin\u00ebn e Preshev\u00ebs dhe m\u00eb gjer\u00eb, ndodhi pa asnj\u00eb paralajm\u00ebrim dhe pa asnj\u00eb shenj\u00eb paraprake q\u00eb nj\u00eb akt i till\u00eb mund t\u00eb ndodhte.<\/div>\n<div dir=\"auto\"><\/div>\n<\/div>\n<div class=\"x11i5rnm xat24cr x1mh8g0r x1vvkbs xtlvy1s x126k92a\">\n<div dir=\"auto\">Pavar\u00ebsisht shkrimeve t\u00eb disa portaleve n\u00eb Prishtin\u00eb, ve\u00e7an\u00ebrisht atyre t\u00eb portalit \u201cNacionale\u201d dhe pronarit t\u00eb tij, z. Berat Buzhala, q\u00eb pretendojn\u00eb t\u00eb shpjegojn\u00eb arsyet e ekzekutimit t\u00eb babait tim, e v\u00ebrteta \u00ebsht\u00eb shum\u00eb m\u00eb e thjesht\u00eb: dorasi dhe organizator\u00ebt kishin p\u00ebr synim p\u00ebrfitimin financiar dhe p\u00ebrpjekjen p\u00ebr t\u00eb denigruar reputacionin e familjes Sadriu.<\/div>\n<div dir=\"auto\"><\/div>\n<\/div>\n<div class=\"x11i5rnm xat24cr x1mh8g0r x1vvkbs xtlvy1s x126k92a\">\n<div dir=\"auto\">Kjo p\u00ebrpjekje e dorasit, asistentit t\u00eb tij dhe porosit\u00ebsve t\u00eb k\u00ebtij akti barbar, ndoshta edhe e sponsorizuar nga entitete t\u00eb caktuara private dhe publike, filloi p\u00ebrmes nj\u00eb denoncimi t\u00eb b\u00ebr\u00eb nga T.M., vajza e daj\u00ebs, m\u00eb 8 dhjetor 2021, pran\u00eb autoriteteve t\u00eb Serbis\u00eb n\u00eb Preshev\u00eb.<\/div>\n<\/div>\n<div class=\"x11i5rnm xat24cr x1mh8g0r x1vvkbs xtlvy1s x126k92a\">\n<div dir=\"auto\"><\/div>\n<div dir=\"auto\">Pas hetimeve nga autoritetet relevante n\u00eb Serbi, Prokuroria e lart\u00eb publike n\u00eb Vraj\u00eb ka hedhur posht\u00eb k\u00ebto pretendime si t\u00eb pabazuara.<\/div>\n<div dir=\"auto\"><\/div>\n<\/div>\n<div class=\"x11i5rnm xat24cr x1mh8g0r x1vvkbs xtlvy1s x126k92a\">\n<div dir=\"auto\">Fatkeq\u00ebsisht, vendimi i Prokuroris\u00eb s\u00eb Serbis\u00eb nuk arriti t\u00eb ndal\u00eb presionet p\u00ebr p\u00ebrfitime financiare, t\u00eb cilat duket se ishin pjes\u00eb e nj\u00eb plani t\u00eb menduar mir\u00eb p\u00ebr t\u00eb denigruar familjen ton\u00eb.<\/div>\n<div dir=\"auto\"><\/div>\n<div dir=\"auto\">Fakti q\u00eb rasti nuk u denoncua para gjykatave t\u00eb Republik\u00ebs s\u00eb Kosov\u00ebs, por para atyre t\u00eb Serbis\u00eb, dhe duke marr\u00eb parasysh lidhjet e ngushta t\u00eb Berat Buzhal\u00ebs me aktor\u00eb t\u00eb tjer\u00eb kriminal\u00eb n\u00eb Serbi, vet\u00ebm sa e forcon dyshimin p\u00ebr p\u00ebrfshirjen e tij t\u00eb drejtp\u00ebrdrejt\u00eb n\u00eb vrasjen e babait ton\u00eb.<\/div>\n<\/div>\n<div class=\"x11i5rnm xat24cr x1mh8g0r x1vvkbs xtlvy1s x126k92a\">\n<div dir=\"auto\"><\/div>\n<div dir=\"auto\">Presionet dhe k\u00ebrc\u00ebnimet q\u00eb ky grup ushtronte ndaj familjes son\u00eb ishin t\u00eb paqarta dhe t\u00eb papritura, gj\u00eb q\u00eb m\u00eb krijoi p\u00ebrshtypjen se grupi po vepronte me udh\u00ebzime nga entitete t\u00eb tjera, private ose publike. Dyshimi im bazohet n\u00eb faktin se k\u00ebto presione nuk p\u00ebrmbanin asnj\u00eb element emocional, q\u00eb normalisht do t\u00eb ishin t\u00eb pranishme n\u00ebse pretendimet e tyre do t\u00eb ishin t\u00eb v\u00ebrteta. N\u00eb vend t\u00eb k\u00ebsaj, ato kishin nj\u00eb natyr\u00eb pothuajse kontraktuale dhe teknike.<\/div>\n<\/div>\n<div class=\"x11i5rnm xat24cr x1mh8g0r x1vvkbs xtlvy1s x126k92a\">\n<div dir=\"auto\"><\/div>\n<div dir=\"auto\">Jam i bindur se n\u00ebse do t\u00eb kishim pranuar k\u00ebrkes\u00ebn financiare t\u00eb grupit p\u00ebr &#171;mbylljen e \u00e7\u00ebshtjes,&#187; kjo do t\u00eb p\u00ebrb\u00ebnte nj\u00eb pranim t\u00eb heshtur t\u00eb faj\u00ebsis\u00eb dhe do t\u00eb hapte rrug\u00ebn p\u00ebr denigrimin e m\u00ebtejsh\u00ebm t\u00eb familjes Sadriu.<\/div>\n<\/div>\n<div class=\"x11i5rnm xat24cr x1mh8g0r x1vvkbs xtlvy1s x126k92a\">\n<div dir=\"auto\"><\/div>\n<div dir=\"auto\">Refuzimi yn\u00eb p\u00ebr t\u00eb lejuar \u00e7far\u00ebdo p\u00ebrfitimi financiar, fatkeq\u00ebsisht, nxiti nj\u00eb seri veprimesh t\u00eb tjera nga pretendimet e sajuara, t\u00eb cilat, p\u00ebrmes v\u00ebllez\u00ebrve t\u00eb tyre, dorasit F.R. dhe asistentit t\u00eb tij J.M., rezultuan n\u00eb ekzekutimin e babait tim.<\/div>\n<\/div>\n<div class=\"x11i5rnm xat24cr x1mh8g0r x1vvkbs xtlvy1s x126k92a\">\n<div dir=\"auto\"><\/div>\n<div dir=\"auto\">N\u00eb dit\u00ebt dhe jav\u00ebt n\u00eb vijim, presim q\u00eb hetuesit e Policis\u00eb s\u00eb Kosov\u00ebs, Inspektorati Policor i Kosov\u00ebs dhe Prokuroria Themelore n\u00eb Ferizaj t\u00eb hetojn\u00eb posa\u00e7\u00ebrisht komunikimet q\u00eb mund t\u00eb ken\u00eb ndodhur midis grupit t\u00eb vras\u00ebsve , dhe z. Berat Buzhala, duke marr\u00eb parasysh pretendimet publike t\u00eb tij se ka qen\u00eb n\u00eb kontakt me grupin dhe ka pasur njohuri p\u00ebr pretendimet e tyre.<\/div>\n<\/div>\n<div class=\"x11i5rnm xat24cr x1mh8g0r x1vvkbs xtlvy1s x126k92a\">\n<div dir=\"auto\"><\/div>\n<div dir=\"auto\">Jam i bindur n\u00eb kapacitetet dhe profesionalizmin e Policis\u00eb s\u00eb Kosov\u00ebs dhe Inspektorati policor t\u00eb Kosov\u00ebs p\u00ebr t\u00eb gjurmuar provat kibernetike, t\u00eb cilat, besoj se do t\u00eb konfirmojn\u00eb frik\u00ebn time se z. Buzhala \u00ebsht\u00eb p\u00ebrfshir\u00eb n\u00eb komunikimet me an\u00ebtar\u00ebt e grupit ose mund t\u00eb jet\u00eb i implikuar n\u00eb dh\u00ebnien e direktivave dhe sponsorizimin e grupit.<\/div>\n<\/div>\n<div class=\"x11i5rnm xat24cr x1mh8g0r x1vvkbs xtlvy1s x126k92a\">\n<div dir=\"auto\"><\/div>\n<div dir=\"auto\">Ky shqet\u00ebsim bazohet n\u00eb retorik\u00ebn e tij publike, e cila u intensifikua menj\u00ebher\u00eb pas ekzekutimit t\u00eb babait tim, si dhe n\u00eb deklaratat e tij publike p\u00ebr njohurit\u00eb q\u00eb ka pasur p\u00ebr pretendimet e tyre dhe k\u00ebrc\u00ebnimet ndaj v\u00ebllait tim.<\/div>\n<\/div>\n<div class=\"x11i5rnm xat24cr x1mh8g0r x1vvkbs xtlvy1s x126k92a\">\n<div dir=\"auto\"><\/div>\n<div dir=\"auto\">Jemi thell\u00ebsisht t\u00eb tronditur nga p\u00ebrpjekjet e vazhdueshme t\u00eb z. Buzhala p\u00ebr t\u00eb shtremb\u00ebruar t\u00eb v\u00ebrtet\u00ebn, duke e paraqitur k\u00ebt\u00eb krim t\u00eb tmerrsh\u00ebm si nj\u00eb akt hakmarrjeje t\u00eb motivuar nga pretendime t\u00eb pav\u00ebrteta, t\u00eb sajuara dhe t\u00eb shpifura. Po ashtu, jemi jasht\u00ebzakonisht t\u00eb shqet\u00ebsuar se shkrimet dhe komentet publike t\u00eb z. Buzhala synojn\u00eb t\u00eb pengojn\u00eb hetimet e policis\u00eb, Inspektoratit t\u00eb policis\u00eb s\u00eb Kosov\u00ebs si dhe prokuroris\u00eb, ndoshta p\u00ebr t\u00eb fshehur di\u00e7ka shum\u00eb m\u00eb t\u00eb err\u00ebt dhe m\u00eb t\u00eb rrezikshme sesa mund\u00ebsia e p\u00ebrfshirjes s\u00eb tij n\u00eb k\u00ebt\u00eb krim.<\/div>\n<\/div>\n<div class=\"x11i5rnm xat24cr x1mh8g0r x1vvkbs xtlvy1s x126k92a\">\n<div dir=\"auto\"><\/div>\n<div dir=\"auto\">T\u00eb bindur n\u00eb profesionalizmin dhe integritetin e Policis\u00eb s\u00eb Kosov\u00ebs, Inspektoratit Policor te Kosov\u00ebs si dhe Prokuroris\u00eb Themelore n\u00eb Ferizaj dhe gjyq\u00ebsorit, presim q\u00eb pa humbur koh\u00eb t\u00eb p\u00ebrfundojn\u00eb hetimet e plota, t\u00eb pavarura dhe transparente, t\u00eb cilat pa dyshim do t\u00eb zbardhin t\u00eb v\u00ebrtet\u00ebn dhe do t\u00eb sjellin para drejt\u00ebsis\u00eb jo vet\u00ebm dorasin dhe asistentin e tij, por edhe porosit\u00ebsit, ndihm\u00ebsit dhe sponsorizuesit e k\u00ebtij akti kriminal.<\/div>\n<\/div>\n<div class=\"x11i5rnm xat24cr x1mh8g0r x1vvkbs xtlvy1s x126k92a\">\n<div dir=\"auto\"><\/div>\n<div dir=\"auto\">Familja \u00ebsht\u00eb n\u00eb fazat p\u00ebrfundimtare t\u00eb p\u00ebrgatitjes s\u00eb padis\u00eb kund\u00ebr pronarit t\u00eb Nacionale-s, Berat Buzhala, p\u00ebr shkak t\u00eb veprimeve t\u00eb tij t\u00eb pap\u00ebrgjegjshme dhe shpifjeve. Kjo padi do t\u00eb dor\u00ebzohet s\u00eb shpejti n\u00eb gjykatat e Kosov\u00ebs.<\/div>\n<\/div>\n<div class=\"x11i5rnm xat24cr x1mh8g0r x1vvkbs xtlvy1s x126k92a\">\n<div dir=\"auto\"><\/div>\n<div dir=\"auto\">N\u00eb fund, n\u00eb em\u00ebr t\u00eb familjes son\u00eb, k\u00ebrkojm\u00eb q\u00eb t\u00eb respektohet privat\u00ebsia jon\u00eb gjat\u00eb k\u00ebsaj kohe t\u00eb v\u00ebshtir\u00eb dhe t\u00eb ndalohen spekulimet apo \u00e7far\u00ebdo veprimi q\u00eb mund t\u00eb minoj\u00eb pun\u00ebn e autoriteteve p\u00ebrkat\u00ebse.<\/div>\n<\/div>\n<div class=\"x11i5rnm xat24cr x1mh8g0r x1vvkbs xtlvy1s x126k92a\">\n<div dir=\"auto\"><\/div>\n<div dir=\"auto\">Me respekt,<\/div>\n<\/div>\n<div class=\"x11i5rnm xat24cr x1mh8g0r x1vvkbs xtlvy1s x126k92a\">\n<div dir=\"auto\">Ilir Sadriu<\/div>\n<div dir=\"auto\">N\u00eb em\u00ebr t\u00eb familjes Sadriu<\/div>\n<div dir=\"auto\">https:\/\/www.facebook.com\/share\/p\/dnHhkjoxEfxooJNf\/<\/div>\n<\/div>\n","protected":false},"excerpt":{"rendered":"<p>N\u00eb emrin tim personal dhe t\u00eb familjes Sadriu, d\u00ebshiroj t\u00eb sqaroj dhe komentoj lidhur me shkrimet e publikuara q\u00eb nga data 17 gusht 2024 n\u00eb disa portale n\u00eb Kosov\u00eb, ve\u00e7an\u00ebrisht n\u00eb portalin \u201cNacionale,\u201d n\u00eb pron\u00ebsi t\u00eb z. Berat Buzhala. Duke ndjer\u00eb nj\u00eb obligim moral dhe njer\u00ebzor p\u00ebr t\u00eb informuar qytetar\u00ebt e Republik\u00ebs s\u00eb Kosov\u00ebs, Lugin\u00ebs [&hellip;]<\/p>\n","protected":false},"author":1,"featured_media":6402,"comment_status":"closed","ping_status":"closed","sticky":false,"template":"","format":"standard","meta":{"footnotes":""},"categories":[9],"tags":[],"class_list":{"0":"post-6401","1":"post","2":"type-post","3":"status-publish","4":"format-standard","5":"has-post-thumbnail","7":"category-vendi"},"_links":{"self":[{"href":"https:\/\/syri.tv\/index.php?rest_route=\/wp\/v2\/posts\/6401","targetHints":{"allow":["GET"]}}],"collection":[{"href":"https:\/\/syri.tv\/index.php?rest_route=\/wp\/v2\/posts"}],"about":[{"href":"https:\/\/syri.tv\/index.php?rest_route=\/wp\/v2\/types\/post"}],"author":[{"embeddable":true,"href":"https:\/\/syri.tv\/index.php?rest_route=\/wp\/v2\/users\/1"}],"replies":[{"embeddable":true,"href":"https:\/\/syri.tv\/index.php?rest_route=%2Fwp%2Fv2%2Fcomments&post=6401"}],"version-history":[{"count":2,"href":"https:\/\/syri.tv\/index.php?rest_route=\/wp\/v2\/posts\/6401\/revisions"}],"predecessor-version":[{"id":6404,"href":"https:\/\/syri.tv\/index.php?rest_route=\/wp\/v2\/posts\/6401\/revisions\/6404"}],"wp:featuredmedia":[{"embeddable":true,"href":"https:\/\/syri.tv\/index.php?rest_route=\/wp\/v2\/media\/6402"}],"wp:attachment":[{"href":"https:\/\/syri.tv\/index.php?rest_route=%2Fwp%2Fv2%2Fmedia&parent=6401"}],"wp:term":[{"taxonomy":"category","embeddable":true,"href":"https:\/\/syri.tv\/index.php?rest_route=%2Fwp%2Fv2%2Fcategories&post=6401"},{"taxonomy":"post_tag","embeddable":true,"href":"https:\/\/syri.tv\/index.php?rest_route=%2Fwp%2Fv2%2Ftags&post=6401"}],"curies":[{"name":"wp","href":"https:\/\/api.w.org\/{rel}","templated":true}]}}