{"id":6380,"date":"2024-08-30T09:40:57","date_gmt":"2024-08-30T09:40:57","guid":{"rendered":"https:\/\/syri.tv\/?p=6380"},"modified":"2024-08-30T10:34:39","modified_gmt":"2024-08-30T10:34:39","slug":"se-bashku-ne-sherbim-te-gjuhes-shqipe","status":"publish","type":"post","link":"https:\/\/syri.tv\/?p=6380","title":{"rendered":"S\u00eb bashku n\u00eb sh\u00ebrbim t\u00eb gjuh\u00ebs shqipe!"},"content":{"rendered":"<p><em>Ky turne ka nj\u00eb moto: Nj\u00eb dit\u00eb sportive p\u00ebr t\u00eb gjith\u00eb! \u2013 S\u00eb bashku n\u00eb sh\u00ebrbim t\u00eb gjuh\u00ebs shqipe!<\/em><\/p>\n<p><img loading=\"lazy\" loading=\"lazy\" decoding=\"async\" class=\"alignnone wp-image-6381\" src=\"https:\/\/syri.tv\/wp-content\/uploads\/2024\/08\/1-1024x768.jpeg\" alt=\"\" width=\"960\" height=\"720\" srcset=\"https:\/\/syri.tv\/wp-content\/uploads\/2024\/08\/1-1024x768.jpeg 1024w, https:\/\/syri.tv\/wp-content\/uploads\/2024\/08\/1-300x225.jpeg 300w, https:\/\/syri.tv\/wp-content\/uploads\/2024\/08\/1-768x576.jpeg 768w, https:\/\/syri.tv\/wp-content\/uploads\/2024\/08\/1-1536x1152.jpeg 1536w, https:\/\/syri.tv\/wp-content\/uploads\/2024\/08\/1-860x645.jpeg 860w, https:\/\/syri.tv\/wp-content\/uploads\/2024\/08\/1.jpeg 2048w\" sizes=\"auto, (max-width: 960px) 100vw, 960px\" \/><\/p>\n<p>Sa her\u00eb q\u00eb takohen bashk\u00ebveprimtar\u00ebt, jo vet\u00ebm q\u00eb nuk mungojn\u00eb idet\u00eb, por ato marrin \u201cudh\u00eb\u201d me q\u00ebllim q\u00eb t\u00eb realizohen gj\u00ebra t\u00eb mira n\u00eb sh\u00ebrbim t\u00eb komunitetit shqiptar n\u00eb Zvic\u00ebr. Ide, t\u00eb cilat marrin hov sa \u00e7el e mbyll syt\u00eb. Nj\u00eb gj\u00eb till\u00eb ndodhi n\u00eb mes t\u00eb kryetarit t\u00eb Unionit t\u00eb Klubeve Shqiptare t\u00eb Futbollit n\u00eb Zvic\u00ebr z. Feti Demolli, bashk\u00ebkryetarit t\u00eb L.A.P.Sh.\u201dNaim Frash\u00ebri\u201d n\u00eb Zvic\u00ebr z. Vaxhid Sejdiut si dhe drejtorit t\u00eb Televizionit n\u00eb gjuh\u00ebn shqipe n\u00eb Zvic\u00ebr \u201cSyri TV\u201d t\u00eb z. Musli Saitit, t\u00eb cil\u00ebt bashk\u00ebrisht analizuan nevoj\u00ebn e madhe p\u00ebr t\u00eb p\u00ebrkrahur p\u00ebrpjekjet, n\u00eb p\u00ebrhapjen e \u201cdrit\u00ebs s\u00eb dituris\u00eb\u201d n\u00eb gjuh\u00ebn shqipe apo si\u00e7 i themi ne shkurt n\u00eb Zvic\u00ebr, shkollat shqipe, pikat shkollore, n\u00eb t\u00eb cilat zhvillohet m\u00ebsimi i organizuar n\u00eb gjuh\u00ebn amtare.<\/p>\n<p><img loading=\"lazy\" loading=\"lazy\" decoding=\"async\" class=\"alignnone size-large wp-image-6384\" src=\"https:\/\/syri.tv\/wp-content\/uploads\/2024\/08\/Pllaka-1024x1024.jpg\" alt=\"\" width=\"1024\" height=\"1024\" srcset=\"https:\/\/syri.tv\/wp-content\/uploads\/2024\/08\/Pllaka-1024x1024.jpg 1024w, https:\/\/syri.tv\/wp-content\/uploads\/2024\/08\/Pllaka-300x300.jpg 300w, https:\/\/syri.tv\/wp-content\/uploads\/2024\/08\/Pllaka-150x150.jpg 150w, https:\/\/syri.tv\/wp-content\/uploads\/2024\/08\/Pllaka-768x768.jpg 768w, https:\/\/syri.tv\/wp-content\/uploads\/2024\/08\/Pllaka-860x860.jpg 860w, https:\/\/syri.tv\/wp-content\/uploads\/2024\/08\/Pllaka.jpg 1080w\" sizes=\"auto, (max-width: 1024px) 100vw, 1024px\" \/><\/p>\n<p>K\u00ebto p\u00ebrpjekje kan\u00eb marr\u00eb hov n\u00eb 4-5 vitet e fundit fal\u00eb pun\u00ebs dhe p\u00ebrkushtimit t\u00eb disa veprimtar\u00ebve t\u00eb arsimit n\u00ebn drejtimin\u00a0 e prof. Vaxhid Sejdiut, t\u00eb cil\u00ebt n\u00eb vazhdim\u00ebsi kan\u00eb qen\u00eb shembulli m\u00eb i mir\u00eb i pun\u00ebs dhe i p\u00ebrkushtimit n\u00eb hapjen e pikave shkollore, n\u00eb rritjen e numrit t\u00eb nx\u00ebn\u00ebsve si dhe gjetjen e formave t\u00eb pun\u00ebs p\u00ebr nj\u00eb bashk\u00ebpunim t\u00eb frytsh\u00ebm n\u00eb mes shoqatave, grupeve apo edhe individ\u00ebve t\u00eb cil\u00ebt jan\u00eb t\u00eb gatsh\u00ebm bashk\u00ebrisht t\u00eb veprojn\u00eb me q\u00ebllim q\u00eb shkollat shqipe t\u00eb ken\u00eb sa m\u00eb shum\u00eb nx\u00ebn\u00ebs.<\/p>\n<p><img loading=\"lazy\" loading=\"lazy\" decoding=\"async\" class=\"alignnone size-large wp-image-6382\" src=\"https:\/\/syri.tv\/wp-content\/uploads\/2024\/08\/2-1024x768.jpeg\" alt=\"\" width=\"1024\" height=\"768\" srcset=\"https:\/\/syri.tv\/wp-content\/uploads\/2024\/08\/2-1024x768.jpeg 1024w, https:\/\/syri.tv\/wp-content\/uploads\/2024\/08\/2-300x225.jpeg 300w, https:\/\/syri.tv\/wp-content\/uploads\/2024\/08\/2-768x576.jpeg 768w, https:\/\/syri.tv\/wp-content\/uploads\/2024\/08\/2-1536x1152.jpeg 1536w, https:\/\/syri.tv\/wp-content\/uploads\/2024\/08\/2-860x645.jpeg 860w, https:\/\/syri.tv\/wp-content\/uploads\/2024\/08\/2.jpeg 2048w\" sizes=\"auto, (max-width: 1024px) 100vw, 1024px\" \/><\/p>\n<p>K\u00ebtij rrug\u00ebtimi, i cili gjat\u00eb jav\u00ebve n\u00eb vazhdim\u00a0 do t\u00eb grumbulloj nx\u00ebn\u00ebs t\u00eb shkollave shqipe t\u00eb cil\u00ebt vijojn\u00eb m\u00ebsimet n\u00eb gjuh\u00ebn amtare s\u00eb bashku me prind\u00ebrit e tyre t\u00eb organizuar n\u00eb ekipe futbolli t\u00eb shkoll\u00ebs, do t\u00eb p\u00ebrfaq\u00ebsojn\u00eb pikat e tyre shkollore dhe natyrisht e gjith\u00eb kjo do t\u00eb jet\u00eb nj\u00eb dit\u00eb festive p\u00ebr familjet shqiptare, t\u00eb cilat jan\u00eb d\u00ebshmi e p\u00ebrpjekjeve nd\u00ebr vite n\u00eb ruajtjen e gjuh\u00ebs dhe kultur\u00ebs komb\u00ebtare n\u00eb Zvic\u00ebr.<\/p>\n<p>Organizimit m\u00eb 22 shtator 2024, t\u00eb UKSHFZ &#8211; UNIONI I KLUBEVE SHQIPTARE T\u00cb FUTBOLLIT N\u00cb ZVIC\u00cbR dhe L.A.P.SH \u201cNaim Frash\u00ebri\u201d Zvic\u00ebr do t`i bashk\u00ebngjitet edhe \u00a0Departamenti i Diaspor\u00ebs s\u00eb Republik\u00ebs s\u00eb Kosov\u00ebs.<\/p>\n<p><img loading=\"lazy\" loading=\"lazy\" decoding=\"async\" class=\"alignnone size-large wp-image-6383\" src=\"https:\/\/syri.tv\/wp-content\/uploads\/2024\/08\/3-1024x768.jpeg\" alt=\"\" width=\"1024\" height=\"768\" srcset=\"https:\/\/syri.tv\/wp-content\/uploads\/2024\/08\/3-1024x768.jpeg 1024w, https:\/\/syri.tv\/wp-content\/uploads\/2024\/08\/3-300x225.jpeg 300w, https:\/\/syri.tv\/wp-content\/uploads\/2024\/08\/3-768x576.jpeg 768w, https:\/\/syri.tv\/wp-content\/uploads\/2024\/08\/3-1536x1152.jpeg 1536w, https:\/\/syri.tv\/wp-content\/uploads\/2024\/08\/3-860x645.jpeg 860w, https:\/\/syri.tv\/wp-content\/uploads\/2024\/08\/3.jpeg 2048w\" sizes=\"auto, (max-width: 1024px) 100vw, 1024px\" \/><\/p>\n<p>N\u00eb Turneun e Madh t\u00eb Futbollit \u201cZVIC\u00cbR 2024\u201d, i cili do t\u00eb zhvillohet me 22 Shtator 2024 n\u00eb adres\u00ebn: Sportplaz Altfeldweg 10, 5702 Niederlenz duke filluar n\u00eb ora 08.30, marrin pjes\u00eb edhe yjet e futbollit shqiptar dhe shum\u00eb sportist\u00eb me renome nd\u00ebrkomb\u00ebtare, t\u00eb cil\u00ebt bashk\u00eb n\u00eb fund t\u00eb gar\u00ebs, do t`i shp\u00ebrndajn\u00eb medaljet nx\u00ebn\u00ebsve t\u00eb shkollave shqipe n\u00eb Zvic\u00ebr.<\/p>\n<p>Vlen t\u00eb p\u00ebrmendet se n\u00eb gar\u00eb mund t\u00eb marrin pjes\u00eb vet\u00ebm nx\u00ebn\u00ebsit e shkollave shqipe n\u00eb Zvic\u00ebr, ku interesimi i f\u00ebmij\u00ebve dhe prind\u00ebrve shqiptar\u00eb p\u00ebr nj\u00eb pjes\u00ebmarrje sa m\u00eb masive \u00ebsht\u00eb e madhe.<\/p>\n<p>P\u00ebrve\u00e7 futbollit f\u00ebmij\u00ebt mund t\u00eb garojn\u00eb edhe n\u00eb disiplina popullore si: vrapimi me thes, t\u00ebrheqja e litarit etj. P\u00ebr organizimin, medaljet, mir\u00ebnjohjet, organizimin e ndeshjeve do t\u00eb kujdeset Unioni i Klubeve Shqiptare n\u00eb Zvic\u00ebr.<\/p>\n<p>Ky turne ka nj\u00eb moto: Nj\u00eb dit\u00eb sportive p\u00ebr t\u00eb gjith\u00eb! \u2013 S\u00eb bashku n\u00eb sh\u00ebrbim t\u00eb gjuh\u00ebs shqipe!<\/p>\n","protected":false},"excerpt":{"rendered":"<p>Ky turne ka nj\u00eb moto: Nj\u00eb dit\u00eb sportive p\u00ebr t\u00eb gjith\u00eb! \u2013 S\u00eb bashku n\u00eb sh\u00ebrbim t\u00eb gjuh\u00ebs shqipe! Sa her\u00eb q\u00eb takohen bashk\u00ebveprimtar\u00ebt, jo vet\u00ebm q\u00eb nuk mungojn\u00eb idet\u00eb, por ato marrin \u201cudh\u00eb\u201d me q\u00ebllim q\u00eb t\u00eb realizohen gj\u00ebra t\u00eb mira n\u00eb sh\u00ebrbim t\u00eb komunitetit shqiptar n\u00eb Zvic\u00ebr. Ide, t\u00eb cilat marrin hov sa [&hellip;]<\/p>\n","protected":false},"author":1,"featured_media":6389,"comment_status":"closed","ping_status":"closed","sticky":false,"template":"","format":"standard","meta":{"footnotes":""},"categories":[108],"tags":[],"class_list":{"0":"post-6380","1":"post","2":"type-post","3":"status-publish","4":"format-standard","5":"has-post-thumbnail","7":"category-kulture-2"},"_links":{"self":[{"href":"https:\/\/syri.tv\/index.php?rest_route=\/wp\/v2\/posts\/6380","targetHints":{"allow":["GET"]}}],"collection":[{"href":"https:\/\/syri.tv\/index.php?rest_route=\/wp\/v2\/posts"}],"about":[{"href":"https:\/\/syri.tv\/index.php?rest_route=\/wp\/v2\/types\/post"}],"author":[{"embeddable":true,"href":"https:\/\/syri.tv\/index.php?rest_route=\/wp\/v2\/users\/1"}],"replies":[{"embeddable":true,"href":"https:\/\/syri.tv\/index.php?rest_route=%2Fwp%2Fv2%2Fcomments&post=6380"}],"version-history":[{"count":3,"href":"https:\/\/syri.tv\/index.php?rest_route=\/wp\/v2\/posts\/6380\/revisions"}],"predecessor-version":[{"id":6388,"href":"https:\/\/syri.tv\/index.php?rest_route=\/wp\/v2\/posts\/6380\/revisions\/6388"}],"wp:featuredmedia":[{"embeddable":true,"href":"https:\/\/syri.tv\/index.php?rest_route=\/wp\/v2\/media\/6389"}],"wp:attachment":[{"href":"https:\/\/syri.tv\/index.php?rest_route=%2Fwp%2Fv2%2Fmedia&parent=6380"}],"wp:term":[{"taxonomy":"category","embeddable":true,"href":"https:\/\/syri.tv\/index.php?rest_route=%2Fwp%2Fv2%2Fcategories&post=6380"},{"taxonomy":"post_tag","embeddable":true,"href":"https:\/\/syri.tv\/index.php?rest_route=%2Fwp%2Fv2%2Ftags&post=6380"}],"curies":[{"name":"wp","href":"https:\/\/api.w.org\/{rel}","templated":true}]}}