{"id":6362,"date":"2024-08-19T11:42:09","date_gmt":"2024-08-19T11:42:09","guid":{"rendered":"https:\/\/syri.tv\/?p=6362"},"modified":"2024-08-19T11:42:09","modified_gmt":"2024-08-19T11:42:09","slug":"raportimi-nga-kronika-e-zeze-vrasja-ne-ferizaj-shpifja-skandaloze-dhe-reagimet-publike","status":"publish","type":"post","link":"https:\/\/syri.tv\/?p=6362","title":{"rendered":"Raportimi nga kronika e zez\u00eb \u2013 vrasja n\u00eb Ferizaj, shpifja skandaloze dhe reagimet publike"},"content":{"rendered":"<figure id=\"attachment_6363\" aria-describedby=\"caption-attachment-6363\" style=\"width: 165px\" class=\"wp-caption alignright\"><img loading=\"lazy\" loading=\"lazy\" decoding=\"async\" class=\"wp-image-6363\" src=\"https:\/\/syri.tv\/wp-content\/uploads\/2024\/08\/ZJ.jpg\" alt=\"\" width=\"165\" height=\"165\" srcset=\"https:\/\/syri.tv\/wp-content\/uploads\/2024\/08\/ZJ.jpg 960w, https:\/\/syri.tv\/wp-content\/uploads\/2024\/08\/ZJ-300x300.jpg 300w, https:\/\/syri.tv\/wp-content\/uploads\/2024\/08\/ZJ-150x150.jpg 150w, https:\/\/syri.tv\/wp-content\/uploads\/2024\/08\/ZJ-768x768.jpg 768w, https:\/\/syri.tv\/wp-content\/uploads\/2024\/08\/ZJ-860x860.jpg 860w\" sizes=\"auto, (max-width: 165px) 100vw, 165px\" \/><figcaption id=\"caption-attachment-6363\" class=\"wp-caption-text\">Zejnullah Jakupi<\/figcaption><\/figure>\n<div class=\"x11i5rnm xat24cr x1mh8g0r x1vvkbs xtlvy1s x126k92a\">\n<div dir=\"auto\">Shpifja skandaloze dhe reagimet publike<\/div>\n<\/div>\n<div class=\"x11i5rnm xat24cr x1mh8g0r x1vvkbs xtlvy1s x126k92a\">\n<div dir=\"auto\">Ka disa teori n\u00eb shkenc\u00ebn e Piarit (Public Relation), si\u00e7 po i thon\u00eb n\u00eb shprehjet e gazetar\u00ebve tan\u00eb. Tema \u00ebsht\u00eb se si t\u00eb reagohet n\u00eb rastet kur shkruhet keq, kur njolloset dhe baltoset imazhi i nj\u00eb personaliteti publik, si\u00e7 \u00ebsht\u00eb presidentja, kryeministri etj. Shkenca e PR-s\u00eb e jep se duhet te reagohet me koh\u00eb dhe drejt\u00eb, nuk duhet t\u00eb lihet shum\u00eb hap\u00ebsir\u00eb p\u00ebr keqkuptime dhe zbraz\u00ebti.<\/div>\n<\/div>\n<div class=\"x11i5rnm xat24cr x1mh8g0r x1vvkbs xtlvy1s x126k92a\">\n<div dir=\"auto\">Mediet dhe opinioni publik tanim\u00eb \u00ebsht\u00eb m\u00ebsuar se duhet t\u00eb reagohet me koh\u00eb, k\u00ebshtu b\u00ebri edhe presidentja e Republik\u00ebs s\u00eb Kosov\u00ebs z. Vjosa Osmani. Ajo ka reaguar \u00e7doher\u00eb kur \u00ebsht\u00eb p\u00ebrfolur p\u00ebr t\u00eb dhe famliljen e saj. K\u00ebt\u00eb zgjuar\u00ebsi dhe korrekt\u00ebsi disa media, t\u00eb cilat, nga fillimi e kan\u00eb luftuar dhe jan\u00eb munduar q\u00eb ta baltosin, e kan\u00eb vler\u00ebsuar reagimin e saj si provokues kinse ajo d\u00ebshiron t\u00b4i luftoj\u00eb mediat t\u00eb cilat nuk shkruajn\u00eb mir\u00eb p\u00ebr t\u00eb.!!<\/div>\n<\/div>\n<div class=\"x11i5rnm xat24cr x1mh8g0r x1vvkbs xtlvy1s x126k92a\">\n<div dir=\"auto\">Reagimi me koh\u00eb \u00ebsht\u00eb shkenc\u00ebtarisht korrekt dhe ashtu rekomandohet, por ne kemi njohur edhe praktika t\u00eb tilla, si\u00e7 ishte ajo e presidentit historik Dr. Ibrahim Rugov\u00ebs, i cili konferencat p\u00ebr shtyp i ka patur shum\u00eb t\u00eb shpeshta, por nuk \u00ebsht\u00eb marr\u00eb me kund\u00ebrshtar\u00ebt politik\u00eb, as me akuzat e b\u00ebra n\u00eb opinion publik. Me nj\u00eb fjal\u00eb, i ka injoruar, ashtu si\u00e7 b\u00ebn sot deri diku edhe kryeministri Albin Kurti.<\/div>\n<\/div>\n<div class=\"x11i5rnm xat24cr x1mh8g0r x1vvkbs xtlvy1s x126k92a\">\n<div dir=\"auto\">Si\u00e7 njihet nga praktika, \u201eidiot\u00ebt\u201c kan\u00eb d\u00ebshir\u00eb q\u00eb t\u00eb p\u00ebrfshijn\u00eb n\u00eb diskursin e tyre dhe pastaj t\u00eb b\u00ebhesh edhe ti nj\u00ebri nga ata.<\/div>\n<div dir=\"auto\">Skandali i vrasjes n\u00eb Ferizaj, ku si\u00e7 thuhet se i vrari \u2013 supozohet se \u00ebsht\u00eb xhaxhai i burrit t\u00eb presidentes Prindon Sadriu e d\u00ebshmon se reagimet duhet t\u00eb jen\u00eb profesionale.<\/div>\n<div dir=\"auto\">Skandali \u00ebsht\u00eb i p\u00ebrmasave antike, natyrisht se duhet t\u00eb reagohet, ashtu si\u00e7 ka b\u00ebr\u00eb presidentja Vjosa Osmani, por ka shkaktuar reagime vulgare tek kund\u00ebrshtar\u00ebt, tek ata t\u00eb cil\u00ebt ja kan\u00eb kurdisur k\u00ebt\u00eb skandal vet\u00ebm p\u00ebr ta njollosur dhe prishur imazhin e saj.<\/div>\n<\/div>\n<div class=\"x11i5rnm xat24cr x1mh8g0r x1vvkbs xtlvy1s x126k92a\">\n<div dir=\"auto\">Gjithsesi, si\u00e7 po shihet, duhet me siguri t\u00eb marrim m\u00ebsim edhe nga praktikat e Dr. Ibrahim Rugov\u00ebs, t\u00eb mos reagojm\u00eb fare, n\u00eb koh\u00eb rekord, sepse grindja, reagimi, shpesh, di t\u00eb prodhoj\u00eb grindjen dhe konfliktin. Prandaj duhet t\u00eb b\u00ebhet praktik\u00eb e mir\u00eb q\u00eb p\u00ebr \u00e7do ngjarje t\u00eb reagoj\u00eb n\u00eb fillim vet\u00ebm z\u00ebdh\u00ebn\u00ebsi i presidentes.<\/div>\n<\/div>\n<div class=\"x11i5rnm xat24cr x1mh8g0r x1vvkbs xtlvy1s x126k92a\">\n<div dir=\"auto\">\u00cbsht\u00eb rregull se kurr\u00eb nuk duhet ta pranosh fajin, kur nuk e ke b\u00ebr\u00eb, kur nuk ka t\u00eb b\u00ebj\u00eb akuza me ty. Edhe n\u00ebse ka ndodhur nj\u00eb gabim n\u00eb komunikim, duhet gjetur m\u00ebnyra t\u00eb k\u00ebrkimfaljes, por jo e pranimit t\u00eb l\u00ebshimeve apo e gabimit. Idiot\u00ebt k\u00ebrkojn\u00eb q\u00eb t\u00eb kalosh n\u00eb terrenin e tyre&#8230;<\/div>\n<\/div>\n<div class=\"x11i5rnm xat24cr x1mh8g0r x1vvkbs xtlvy1s x126k92a\">\n<div dir=\"auto\">Shpifja skandaloze<\/div>\n<\/div>\n<div class=\"x11i5rnm xat24cr x1mh8g0r x1vvkbs xtlvy1s x126k92a\">\n<div dir=\"auto\">Q\u00eb ga paslufta e deri sot, ky ka qen\u00eb skandali m\u00eb i madh shpif\u00ebs dhe ofendues. Askush nuk guxon t\u00eb p\u00ebrhap shpifje t\u00eb tilla me tendenc\u00eb p\u00ebr t\u00eb baltosur personalitetin e presidentes Vjosa Osmani, por as t\u00eb bashk\u00ebshortit t\u00eb saj. Por zbraz\u00ebtia ligjore- mungesa e dy neneve p\u00ebr shpifje dhe fyerje po ju mund\u00ebson mediave t\u00eb sillen keq. Edhe nj\u00ebher\u00eb po b\u00ebj apel q\u00eb t\u00eb propozohen dy nenet, nj\u00ebri p\u00ebr shpifje dhe tjetri p\u00ebr fyerje q\u00eb t\u00eb miratohen sa m\u00eb shpejt n\u00eb m\u00ebnyr\u00eb q\u00eb media t\u00eb mos mund t\u00eb shpifin dhe fyejn\u00eb personalitetet publike por edhe ato natyrore dhe juridike, pa p\u00ebrjashtuar k\u00ebtu as krer\u00ebt e shtetit si, kryeministrin Albin Kurtin, Ministry of Foreign Affairs and Diaspora &#8211; Republic of Kosovo, Kryetarin e Kuvendit Glauk Konjufca, ministra dhe deputet, etj.<\/div>\n<\/div>\n<div class=\"x11i5rnm xat24cr x1mh8g0r x1vvkbs xtlvy1s x126k92a\">\n<div dir=\"auto\">Lajmi policor<\/div>\n<\/div>\n<div class=\"x11i5rnm xat24cr x1mh8g0r x1vvkbs xtlvy1s x126k92a\">\n<div dir=\"auto\">&#171;Lajmi policor&#187; &#8211; nuk e di a m\u00ebsohet n\u00eb UP ( Departamenti i Gazetaris\u00eb) &#8211; preferohet si nj\u00eb njoftim ose informacion q\u00eb l\u00ebshohet nga policia p\u00ebr t\u00eb informuar publikun p\u00ebr ngjarje specifike q\u00eb lidhen me rendin dhe sigurin\u00eb publike. K\u00ebto mund t\u00eb p\u00ebrfshijn\u00eb ngjarje si aksidente, arrestime, operacione policore, paralajm\u00ebrime p\u00ebr rreziqe, ose ndonj\u00eb informacion tjet\u00ebr q\u00eb \u00ebsht\u00eb i r\u00ebnd\u00ebsish\u00ebm p\u00ebr sigurin\u00eb e qytetar\u00ebve.<\/div>\n<div dir=\"auto\">N\u00eb disa raste, lajmet policore mund t\u00eb p\u00ebrfshijn\u00eb edhe k\u00ebrkesa p\u00ebr ndihm\u00eb nga publiku p\u00ebr t\u00eb gjetur persona t\u00eb zhdukur ose p\u00ebr t\u00eb kapur t\u00eb dyshuar t\u00eb caktuar. Zakonisht k\u00ebto lajme shp\u00ebrndahen p\u00ebrmes mediave, faqeve zyrtare t\u00eb policis\u00eb, apo rrjeteve sociale.<\/div>\n<div dir=\"auto\">Raportimi p\u00ebr kronik\u00ebn e zez\u00eb, e cila p\u00ebrfshin ngjarje kriminale, aksidente fatale, tragjedi dhe ngjarje t\u00eb tjera negative, k\u00ebrkon nj\u00eb qasje t\u00eb kujdesshme dhe profesionale p\u00ebr t\u00eb ruajtur etik\u00ebn dhe respektin p\u00ebr viktimat dhe t\u00eb af\u00ebrmit e tyre.<\/div>\n<\/div>\n<div class=\"x11i5rnm xat24cr x1mh8g0r x1vvkbs xtlvy1s x126k92a\">\n<div dir=\"auto\">Ja disa hapa dhe parime q\u00eb ndiqen zakonisht n\u00eb raportimin e kronik\u00ebs s\u00eb zez\u00eb:<\/div>\n<div dir=\"auto\">1. Verifikimi i Informacionit:<\/div>\n<div dir=\"auto\">Gazetar\u00ebt duhet t\u00eb verifikojn\u00eb sakt\u00ebsin\u00eb e informacionit p\u00ebrpara se ta publikojn\u00eb. Ky proces p\u00ebrfshin marrjen e informacionit nga burime t\u00eb besueshme si policia, d\u00ebshmitar\u00ebt okular\u00eb, ekspert\u00ebt, apo institucionet mjek\u00ebsore.<\/div>\n<div dir=\"auto\">2. Ruajtja e Etik\u00ebs dhe Privat\u00ebsis\u00eb:<\/div>\n<div dir=\"auto\">Respektohet privat\u00ebsia e viktimave dhe familjar\u00ebve t\u00eb tyre. Emrat e viktimave, fotografit\u00eb apo detajet e ndjeshme shpesh nuk publikohen pa p\u00eblqimin e familjar\u00ebve.<\/div>\n<div dir=\"auto\">Shmanget p\u00ebrhapja e thashethemeve ose spekulimeve q\u00eb mund t\u00eb d\u00ebmtojn\u00eb reputacionin e personave t\u00eb p\u00ebrfshir\u00eb.<\/div>\n<div dir=\"auto\">3. Neutraliteti dhe Paanshm\u00ebria:<\/div>\n<div dir=\"auto\">Gazetar\u00ebt duhet t\u00eb raportojn\u00eb ngjarjen me neutralitet, duke shmangur \u00e7do paragjykim ose interpretim personal. Ata duhet t\u00eb paraqesin faktet ashtu si\u00e7 jan\u00eb, pa i zmadhuar ose minimizuar ato.<\/div>\n<div dir=\"auto\">4. Sensibilizimi i Publikut:<\/div>\n<div dir=\"auto\">Nd\u00ebrkoh\u00eb q\u00eb lajmet p\u00ebr kronik\u00ebn e zez\u00eb shpesh jan\u00eb trondit\u00ebse, ato duhet t\u00eb raportohen n\u00eb nj\u00eb m\u00ebnyr\u00eb q\u00eb t\u00eb nd\u00ebrgjegj\u00ebsojn\u00eb publikun p\u00ebr rrezikun dhe t\u00eb promovojn\u00eb sigurin\u00eb, pa shkaktuar panik t\u00eb panevojsh\u00ebm.<\/div>\n<div dir=\"auto\">5. Balancimi i Lajmit:<\/div>\n<div dir=\"auto\">P\u00ebr t\u00eb shmangur sensacionalizmin, gazetar\u00ebt shpesh p\u00ebrfshijn\u00eb kontekst t\u00eb m\u00ebtejsh\u00ebm ose intervista me ekspert\u00eb p\u00ebr t\u00eb shpjeguar pasojat ose arsyet e ngjarjes.<\/div>\n<div dir=\"auto\">6. Kujdesi ndaj Viktimave dhe D\u00ebshmitar\u00ebve:<\/div>\n<div dir=\"auto\">Gjat\u00eb intervistimit t\u00eb viktimave ose d\u00ebshmitar\u00ebve, gazetar\u00ebt duhet t\u00eb tregojn\u00eb ndjeshm\u00ebri dhe t\u00eb respektojn\u00eb gjendjen emocionale t\u00eb personave t\u00eb p\u00ebrfshir\u00eb.<\/div>\n<div dir=\"auto\">7. P\u00ebrdit\u00ebsimi i Informacionit:<\/div>\n<div dir=\"auto\">N\u00ebse ka zhvillime t\u00eb reja, gazetar\u00ebt duhet t\u00eb p\u00ebrdit\u00ebsojn\u00eb informacionin dhe t\u00eb korrigjojn\u00eb \u00e7do gabim q\u00eb mund t\u00eb ket\u00eb ndodhur n\u00eb raportimin fillestar.<\/div>\n<div dir=\"auto\">8. Paraqitja Vizuale:<\/div>\n<div dir=\"auto\">Kujdesi ndaj p\u00ebrmbajtjes vizuale \u00ebsht\u00eb thelb\u00ebsor. Shmanget publikimi i imazheve grafike q\u00eb mund t\u00eb jen\u00eb t\u00eb r\u00ebnda ose t\u00eb pap\u00ebrshtatshme p\u00ebr audienc\u00ebn.<\/div>\n<div dir=\"auto\">Kronika e zez\u00eb \u00ebsht\u00eb nj\u00eb pjes\u00eb e r\u00ebnd\u00ebsishme e gazetaris\u00eb, por k\u00ebrkon nj\u00eb qasje t\u00eb p\u00ebrgjegjshme dhe profesionale p\u00ebr t\u00eb mbrojtur interesat dhe ndjenjat e t\u00eb gjith\u00eb personave t\u00eb p\u00ebrfshir\u00eb.<\/div>\n<\/div>\n<div class=\"x11i5rnm xat24cr x1mh8g0r x1vvkbs xtlvy1s x126k92a\">\n<div dir=\"auto\">Ngjarja<\/div>\n<\/div>\n<div class=\"x11i5rnm xat24cr x1mh8g0r x1vvkbs xtlvy1s x126k92a\">\n<div dir=\"auto\">Pa dyshim se kjo ngjarje \u00ebsht\u00eb mosrespektimi i standardeve profesionale, si\u00e7 i p\u00ebrshkruam m\u00eb lart\u00eb; ky \u00ebsht\u00eb nj\u00ebri nga raportimet m\u00eb skandaloze q\u00eb nga paslufta deri m\u00eb sot. Koha dhe m\u00ebnyra por edhe mediumi ku u plasua ose nga i cili u tematizua l\u00eb shum\u00eb dyshime hapur. Nga disa, raportimi u duk si nj\u00eb tendenc\u00eb shpifjeje me q\u00ebllim p\u00ebr t\u00eb baltosur personalitetin e presidentes, t\u00eb bashk\u00ebshortit t\u00eb saj. Kampanja denigruese mund t\u00eb vije edhe nga Serbia sepse, menj\u00ebher\u00eb edhe n\u00eb mediat serbe u raportua me pompozitet p\u00ebr ngjarjen.<\/div>\n<\/div>\n<div class=\"x11i5rnm xat24cr x1mh8g0r x1vvkbs xtlvy1s x126k92a\">\n<div dir=\"auto\">Portali Nacionale e inskenoi k\u00ebt\u00eb kampanj\u00eb p\u00ebr tu hakmarr\u00eb p\u00ebr raportimin e gazet\u00ebs \u201eBosnja e Re\u201c ku n\u00eb k\u00ebt\u00eb raportim thuhej se portali Nacionale Podcast dhe Periskopi financoheshin nga Serbia, p\u00ebr k\u00ebt\u00eb Berat Buzhala nisi betej\u00ebn n\u00eb inskenimin e ngjarjeve dhe akuzave- k\u00ebto nuk do ishin b\u00ebr\u00eb t\u00eb tilla pa nd\u00ebrhyrjen e gazetar\u00ebve. Kjo ngjarje nuk ka qen\u00eb as genuine por as mediatike, por shkurt e shqip &#8211; e inskenuar, kjo do t\u00eb thot\u00eb e tematizuar p\u00ebrmes inskenimit t\u00eb mir\u00ebmenduar.<\/div>\n<\/div>\n<div class=\"x11i5rnm xat24cr x1mh8g0r x1vvkbs xtlvy1s x126k92a\">\n<div dir=\"auto\">Gabimi eklatant\u00eb nga kjo ngjarje u b\u00eb se nuk u rrespektua privat\u00ebsia, ruajtja e viktim\u00ebs dhe t\u00eb implikuar\u00ebve etj, si\u00e7 cek\u00ebm m\u00eb lart\u00eb.<\/div>\n<div dir=\"auto\">Pra, edhe sikur xhaxhai i bashk\u00ebshortit t\u00eb presidentes t\u00eb jet\u00eb personi p\u00ebr t\u00eb cilin po shpifet n\u00eb Nacionale se \u00ebsht\u00eb protagonist i ngjarjes, nuk do t\u00eb duhej asesi q\u00eb vrasja t\u00eb lidhet me presidenten dhe burrin e saj dhe t\u00b4i jepet lajmit udh\u00eb &#8211; inskenimi shihej sheshit.<\/div>\n<\/div>\n<div class=\"x11i5rnm xat24cr x1mh8g0r x1vvkbs xtlvy1s x126k92a\">\n<div dir=\"auto\">Rregullat e raportimit policor ndalojn\u00eb paragjykimet edhe n\u00ebse vepr\u00ebn penale ta ket\u00eb kryer ndonj\u00ebri nga pjes\u00ebtar\u00ebt e familjes s\u00eb burrit ose ai nga farefisi i presidentes. Asesi nuk duhet t\u00eb penalizohet presidentja ose t\u00eb faj\u00ebsohet ose t\u2018 i k\u00ebrkohet p\u00ebrgjegj\u00ebsi p\u00ebr nj\u00eb implikim t\u00eb till\u00eb familjar. Kjo nuk b\u00ebhet dhe nuk ndodh n\u00eb asnj\u00eb vend t\u00eb bot\u00ebs. P\u00ebrgjegj\u00ebsia qoft\u00eb edhe penale \u00ebsht\u00eb gjithmon\u00eb individuale. Fakti se Asociacioni i Gazetar\u00ebve t\u00eb Kosov\u00ebs &#8211; AGK nuk i p\u00eblqeu reagimi i presidentes ndaj portalit Nacionale, e kritikoi, nga ky reagim po shihet se \u201edi\u00e7ka po zihet\u201c.<\/div>\n<\/div>\n<div class=\"x11i5rnm xat24cr x1mh8g0r x1vvkbs xtlvy1s x126k92a\">\n<div dir=\"auto\">\u00cbsht\u00eb njohur tashm\u00eb se ka shum\u00eb shembuj kur sh\u00ebrbimet e fshehta kan\u00eb inskenuar ngajarje t\u00eb tilla, pra AGK po e sulmon presidenten Vjosa Osmani n\u00eb vend se ta mbroj\u00eb. Kjo nuk do koment. Opinioni serb dhe establishmenti politik n\u00eb Serbi po g\u00ebzohet, sepse me k\u00ebt\u00eb ngjarje po e d\u00ebmton Kosov\u00ebn. Fakti se i vrari \u00ebsht\u00eb personazhi familjar nga Presheva, tregon shum\u00eb. Si erdhi dhe si u sajua ngjarja? E paskan ditur shum\u00eb m\u00eb her\u00ebt edhe gazetar\u00ebt, por tash e kan\u00eb pritur momentin p\u00ebr ta zbardhur skandalin.<\/div>\n<\/div>\n<div class=\"x11i5rnm xat24cr x1mh8g0r x1vvkbs xtlvy1s x126k92a\">\n<div dir=\"auto\">As AKG nuk \u00ebsht\u00eb profesionale. Ky asociacion duket t\u00eb jet\u00eb veg\u00ebl n\u00eb duart e atyre q\u00eb nd\u00ebrsejn\u00eb ndaj secilit t\u00eb cil\u00ebt i konsiderojn\u00eb kund\u00ebrshtar\u00eb politik\u00eb. Me k\u00ebt\u00eb reagim Asociacioni i Gazetar\u00ebve t\u00eb Kosov\u00ebs &#8211; AGK-b\u00ebhet asociacion i turpit!<\/div>\n<\/div>\n<div class=\"x11i5rnm xat24cr x1mh8g0r x1vvkbs xtlvy1s x126k92a\">\n<div dir=\"auto\">N\u00ebse marrim p\u00ebr baz\u00eb standardet e raportimit policor &#8211; botimi i lajmit ka qen\u00eb tendencioz. N\u00eb k\u00ebt\u00eb rast \u00ebsht\u00eb shpifur dhe \u00ebsht\u00eb ofenduar e baltosur presidentja dhe bashk\u00ebshorti i saj. Edhe m\u00eb t\u00eb komplikuar e b\u00ebn \u00e7\u00ebshtjen fakti kur n\u00eb vendngjarje \u00ebsht\u00eb i vrar\u00eb nj\u00eb person. Media nuk guxon ta botoj\u00eb lajmin para se policia dhe mjeku ta konfirmoj\u00eb lajmin dhe vdekjen e personit n\u00eb fjal\u00eb. Shpesh, policia i fton gazetar\u00ebt p\u00ebr informim, sepse n\u00eb vendin e ngjarjes duhet t\u00eb jet\u00eb e para policia dhe pastaj media, n\u00ebse i lejohet.<\/div>\n<\/div>\n<div class=\"x11i5rnm xat24cr x1mh8g0r x1vvkbs xtlvy1s x126k92a\">\n<div dir=\"auto\">Gjithashtu p\u00ebr \u00e7do rast, edhe p\u00ebr ruajtjen e privat\u00ebsis\u00eb dhe nderit t\u00eb familjes, raportimi i pjes\u00ebmarr\u00ebsve n\u00eb ngjarje, i viktim\u00ebs, por edhe i dorasit duhet t\u00eb jepen me iniciale, sepse akoma nuk dihet asgj\u00eb konkretisht, t\u00eb mos p\u00ebrmenden emrat, pa zbuluar se kush \u00ebsht\u00eb i vrari, por as viktimat, sepse kjo \u00ebsht\u00eb nj\u00eb \u00e7\u00ebshtje private, familjare, p\u00ebr t\u00eb kujdeset polica dhe organet shtet\u00ebrore dhe \u00e7do tejkalim i kompetencave do t\u00eb duhet t\u00eb d\u00ebnohet.<\/div>\n<\/div>\n<div class=\"x11i5rnm xat24cr x1mh8g0r x1vvkbs xtlvy1s x126k92a\">\n<div dir=\"auto\">Pra, media nuk guxon t\u00eb ngutet gjat\u00eb raportimit dhe t\u00eb del para organeve shtet\u00ebrore. Tek kur t\u00eb raportohet nga policia, kur policia jep raportin, at\u00ebher\u00eb mediet mund t\u00eb fillojn\u00eb me raportim shtes\u00eb ose t\u00eb zgjeruar. Shtrohet pyetja; pse \u00ebsht\u00eb dashur q\u00eb n\u00eb fillim t\u00eb thuhet se i vrari qenka xhaxhai i burrit t\u00eb presidentes? Me k\u00ebt\u00eb dh\u00ebnie t\u00eb informacionit, pa u b\u00ebr\u00eb hetimi nga policia, \u00ebsht\u00eb b\u00ebr\u00eb shkelje e profesionit.<\/div>\n<\/div>\n<div class=\"x11i5rnm xat24cr x1mh8g0r x1vvkbs xtlvy1s x126k92a\">\n<div dir=\"auto\">Dhe, PSE e b\u00ebjn\u00eb, kjo mbetet \u00e7\u00ebshtje politike dhe agjend\u00eb e skandalizimit dhe personalizimit mediatik t\u00eb ngjarjes p\u00ebr kusuritje politike, p\u00ebr ta prekur dhe d\u00ebmtuar n\u00eb imazh dhe n\u00eb moral e prestigj presidenten dhe familjen e burrit dhe burrin e saj. D\u00ebnimi i mediumit duhet t\u00eb pasoj\u00eb, patjet\u00ebr me q\u00ebllim edhe p\u00ebr t\u00b4i edukuar mediet tjera. Sepse nuk jan\u00eb respektuar rregullat e lajmit policor dhe ato t\u00eb gazetaris\u00eb e t\u00eb raportimit policor nga kronika e zez\u00eb.<\/div>\n<\/div>\n<div class=\"x11i5rnm xat24cr x1mh8g0r x1vvkbs xtlvy1s x126k92a\">\n<div dir=\"auto\">Pra, disa po thon\u00eb se duhet t\u00eb raportohet, sepse k\u00ebshtu jan\u00eb mbrojtur viktimat. Fakt \u00ebsht\u00eb se nuk \u00ebsht\u00eb askush kund\u00ebr q\u00eb t\u00eb mbrohen viktimat, por \u00e7\u00ebshtjet e p\u00ebrdhunimit nuk duhet t\u00eb p\u00ebrmenden me em\u00ebr dhe mbiem\u00ebr, sepse i shkaktojn\u00eb d\u00ebm dy pal\u00ebve. Me mosdh\u00ebnien e identitetit t\u00eb plot\u00eb ka q\u00ebllim q\u00eb kryesi i vepr\u00ebs t\u00eb marr\u00eb vet\u00ebm denimin ligjor dhe jo at\u00eb publik, pra, t\u00eb mos demaskohet, t\u00eb gur\u00ebzohet si n\u00eb Iran, sepse jan\u00eb fakte q\u00eb nuk mund t\u00eb v\u00ebrtetohen leht\u00eb.<\/div>\n<\/div>\n<div class=\"x11i5rnm xat24cr x1mh8g0r x1vvkbs xtlvy1s x126k92a\">\n<div dir=\"auto\">Gjithashtu mos dh\u00ebnia e identitetit t\u00eb plot\u00eb p\u00ebr viktimat i mbron ato q\u00eb t\u00eb mund t\u00eb socializohen, m\u00eb von\u00eb. Ne mediat per\u00ebndimore e d\u00ebnojn\u00eb pedofilin dhe \u00e7\u00ebshtja mbyllet, opinioni publik rrall\u00eb e merr vesh se kush ka qen\u00eb personi. Por edhe n\u00ebse merret vesh kur e jep policia \u00ebsht\u00eb n\u00eb rregull.<\/div>\n<div dir=\"auto\">Pra, media nuk guxon t\u00eb nd\u00ebrtoj\u00eb raportimin pa u mbeshtetur n\u00eb t\u00eb dh\u00ebnat e policis\u00eb, pra, nuk guxon t\u00eb arrin apo ta vizitoj\u00eb vendin e ngjarjes para policis\u00eb, e n\u00ebse e b\u00ebn k\u00ebt\u00eb, kryen vep\u00ebr penale.<\/div>\n<\/div>\n<div class=\"x11i5rnm xat24cr x1mh8g0r x1vvkbs xtlvy1s x126k92a\">\n<div dir=\"auto\">Dyshimet dhe hulumtimi gazetaresk<\/div>\n<\/div>\n<div class=\"x11i5rnm xat24cr x1mh8g0r x1vvkbs xtlvy1s x126k92a\">\n<div dir=\"auto\">Gazetari i mir\u00eb ose mediumi profesionist i merr t\u00eb gjitha me rezerva, sepse ai si askush tjet\u00ebr, n\u00eb fillim nuk e di se \u00e7far\u00eb ka ndodhur n\u00eb t\u00eb v\u00ebrtet\u00eb.<\/div>\n<div dir=\"auto\">Njer\u00ebz p\u00ebr interesa t\u00eb ndryshe, ose nga xhelozia, nga hakmarrja personale etj, dalin dhe japin info t\u00eb tilla, ata po duken t\u00eb shantazhuar. Poashtu n\u00eb k\u00ebt\u00eb faz\u00eb nuk dihet dhe nuk mund t\u00eb shpegohen rrethanat e vrasjes dhe motivi, sepse dorasi i dyshuar nuk jeton m\u00eb.<\/div>\n<\/div>\n<div class=\"x11i5rnm xat24cr x1mh8g0r x1vvkbs xtlvy1s x126k92a\">\n<div dir=\"auto\">Praktika gazetareske na m\u00ebson n\u00eb k\u00ebto rrethana se nuk mund t\u00b4shpegoj\u00eb ngjarjen, kush \u00ebsht\u00eb fajtori e kush viktima, nga t\u00eb involvuarit, sepse secili mundohet ta mbroj\u00eb verzionin e tij dhe ti si gazetar\/gazetare \u00b4nuk ja ke mbajtur qirin\u00b4 se kush k\u00ebnd dhe kur e ka dhunuar.<\/div>\n<div dir=\"auto\">Deklaratat e nxjerrur nga gazetar\u00ebt duhet t\u00eb merren me rezerv\u00eb,sepse nuk dihet se PSE b\u00ebhen k\u00ebto \u201ezbulime\u201c tani, n\u00eb k\u00ebt\u00eb koh\u00eb?<\/div>\n<\/div>\n<div class=\"x11i5rnm xat24cr x1mh8g0r x1vvkbs xtlvy1s x126k92a\">\n<div dir=\"auto\">Por, si\u00e7 dihet edhe nga teoria e gazetaris\u00eb e ka v\u00ebrtetuar se media i inskenon, i trillon ngjarjet dhe ajo n\u00eb t\u00eb v\u00ebrtet\u00eb ju paraprijn\u00eb atyre \u00e7far\u00eb ndodhin m\u00eb pas. Vrasja do t\u00eb ket\u00eb mundur t\u00eb jet\u00eb citur madje mund t\u00eb vije edhe tek vrasja nga presioni publik, por vall\u00eb cili gjyq mund ta v\u00ebrtetoj\u00eb se X apo Y personi e paska dhunuar ose sulmuar nj\u00eb vajz\u00eb ose nj\u00eb grua para sa vitesh? Gazetari i mir\u00eb k\u00ebrkon t\u00eb zbardhet rasti, ai hulumton q\u00eb t\u00eb arrij te e v\u00ebrteta, ai nuk \u00ebsht\u00eb n\u00eb sh\u00ebrbim p\u00ebr t\u00eb mbrojtur asnj\u00ebr\u00ebn pal\u00eb, ai vepron si nj\u00eb nd\u00ebrmjet\u00ebs, ai d\u00ebshiron ta m\u00ebsoj\u00eb t\u00eb v\u00ebrteten, jo tendenciozen, q\u00eb pastaj t\u00b4i f\u00ebrkon duart duke th\u00ebn\u00eb se e gjeta nj\u00eb ngjarje ta sulmoj\u00eb presidenten. Kjo nuk \u00ebsht\u00eb gazetari!!!<\/div>\n<\/div>\n<div class=\"x11i5rnm xat24cr x1mh8g0r x1vvkbs xtlvy1s x126k92a\">\n<div dir=\"auto\">Cytja p\u00ebr vrasje<\/div>\n<\/div>\n<div class=\"x11i5rnm xat24cr x1mh8g0r x1vvkbs xtlvy1s x126k92a\">\n<div dir=\"auto\">Vrasja ka ndodhur n\u00eb dasm\u00eb, kjo duket shum\u00eb e \u00e7uditshme. Ata q\u00eb e kan\u00eb b\u00ebr\u00eb skenarin e till\u00eb e kan\u00eb sjell deri aty p\u00ebr t\u00eb ngjallur reagim gjith\u00ebpopullor me k\u00ebt\u00eb vep\u00ebr kriminale. Pra, kjo \u00ebsht\u00eb vep\u00ebr e atyre njer\u00ebzve kriminel q\u00eb thon\u00eb se p\u00ebr 100 Euro \u201eja heq dikujt flam\u00ebn\u201c, jan\u00eb k\u00ebta kriminel, t\u00eb shantazhuar dhe vras\u00ebs. Njeriu i mir\u00eb nuk e p\u00ebrhap marren dhe turpin e familjes n\u00eb shesh, sepse e kupton se i shkon fytyra.<\/div>\n<\/div>\n<div class=\"x11i5rnm xat24cr x1mh8g0r x1vvkbs xtlvy1s x126k92a\">\n<div dir=\"auto\">Pse k\u00ebto viktimat nuk e ka treguar rastin m\u00eb par\u00eb, po dihet, sepse Vjosa Osmani tani ushtron postin me t\u00eb lart\u00eb n\u00eb hierarkin\u00eb e shtetit dhe t\u00eb gjith\u00eb e sulmojn\u00eb. Gjithashtu tani edhe me keq b\u00ebhet zbulimi se si dhe pse ndodhi vrasja? I vrari nuk mund t\u00eb flas, nd\u00ebrsa akuzat jan\u00eb t\u00eb sfer\u00ebs intime, at\u00ebher\u00eb mund edhe t\u00eb spekulohet nga ana tjet\u00ebr, pra nuk ke kujt t\u00b4i besosh m\u00eb par\u00eb. Ata q\u00eb e kan\u00eb nisur k\u00ebt\u00eb kampanj\u00eb kan\u00eb p\u00ebrdorur megjas\u00eb metoda t\u00eb nj\u00eb sh\u00ebrbimi profesionist dhe ngjarja duket si kurthe p\u00ebr presidenten dhe bashk\u00ebshortin e saj.<\/div>\n<\/div>\n<div class=\"x11i5rnm xat24cr x1mh8g0r x1vvkbs xtlvy1s x126k92a\">\n<div dir=\"auto\">P\u00ebrfund; e v\u00ebshtir\u00eb por e v\u00ebrteta her\u00ebdokur del n\u00eb shesh. Ai q\u00eb mundohet ta d\u00ebmtoj\u00eb ose t\u00b4i b\u00ebje grop\u00ebn dikujt do bie vetvetiu n\u00eb t\u00eb. Sigurisht.<\/div>\n<div dir=\"auto\">Traditat politike nga e kaluara t\u00eb p\u00ebrziera me sigurimsa agjent\u00ebsh na lan\u00eb trash\u00ebgimi t\u00eb keqe; vriten njer\u00ebzit dhe m\u00eb pas u ngjiten epitete heroizimi ose tradh\u00ebtie. N\u00eb Ferizaj, vras\u00ebsi, nuk e priti q\u00eb gjyqi ta ndan\u00eb drejt\u00ebsin\u00eb, por vras\u00ebsi, edhe m\u00eb keq se ishte polic, e mori drejt\u00ebsin\u00eb n\u00eb duart e veta, ai tha; un\u00eb e di se \u00e7far\u00eb \u00ebsht\u00eb drejt\u00ebsia, ai e mori n\u00eb dor\u00eb drejt\u00ebsin\u00eb. Pra, n\u00eb rastin e Ferizajit, pa e ditur gjith\u00eb historin\u00eb e ngjarjes vras\u00ebsi b\u00ebhet hero dhe i vrari doras, kriminel dhe t\u00eb cilit i mbyllet goja p\u00ebr s\u00eb dyti duke e vrar\u00eb dhe pa e d\u00ebnuar, pa e ditur n\u00ebse ka b\u00ebr\u00eb faje apo jo?<\/div>\n<\/div>\n<div class=\"x11i5rnm xat24cr x1mh8g0r x1vvkbs xtlvy1s x126k92a\">\n<div dir=\"auto\">Gazetar\u00ebt &#8211; si zombit\u00eb<\/div>\n<\/div>\n<div class=\"x11i5rnm xat24cr x1mh8g0r x1vvkbs xtlvy1s x126k92a\">\n<div dir=\"auto\">D\u00ebmi m\u00eb i madh moral sot q\u00eb po b\u00ebhet, \u00ebsht\u00eb fakt se njer\u00ebzve, gjegj\u00ebsisht gazetar\u00ebve po ju intereson vet\u00ebm fitimi, mbijetimi, klikimet dhe gjenerimi i t\u00eb ardhurave. Jan\u00eb t\u00eb gatsh\u00ebm p\u00ebr \u00e7do gj\u00eb, t\u00eb prekin jet\u00ebn private dhe intimtime, t\u00eb secilit, e q\u00eb nuk lejohet. Ata po e b\u00ebjn\u00eb ket\u00eb pa marr\u00eb parasysh se kujt po ja prekin dinjitetin e njeriut, vyrtytin e njeriut, t\u00eb mbrojur me \u00e7do kushtetut\u00eb e n\u00eb \u00e7do vend t\u00eb bot\u00ebs. Kjo \u00ebsht\u00eb gazetaria e llumit, e zombive, e gazetar\u00ebve, t\u00eb cil\u00ebt, reagojn\u00eb edhe me direktiva politike, sillen si t\u00eb t\u00ebrbuar, sikur tufa e \u00e7akejve dhe cil\u00ebt jan\u00eb t\u00eb gatsh\u00ebm t\u00eb shkelin mbi kufoma, por edhe ta han\u00eb kufom\u00ebn, t\u00eb gjall\u00eb. KUJDES! Shoq\u00ebria dhe opinioni yn\u00eb duhet t\u00eb vet\u00ebdij\u00ebsohet p\u00ebr k\u00ebt\u00eb fenomen kobzi, sa nuk \u00ebsht\u00eb b\u00ebr\u00eb von\u00eb.<\/div>\n<div dir=\"auto\">https:\/\/www.facebook.com\/share\/p\/xBYFxUQy8b3AXVq7\/<\/div>\n<\/div>\n","protected":false},"excerpt":{"rendered":"<p>Shpifja skandaloze dhe reagimet publike Ka disa teori n\u00eb shkenc\u00ebn e Piarit (Public Relation), si\u00e7 po i thon\u00eb n\u00eb shprehjet e gazetar\u00ebve tan\u00eb. Tema \u00ebsht\u00eb se si t\u00eb reagohet n\u00eb rastet kur shkruhet keq, kur njolloset dhe baltoset imazhi i nj\u00eb personaliteti publik, si\u00e7 \u00ebsht\u00eb presidentja, kryeministri etj. Shkenca e PR-s\u00eb e jep se duhet [&hellip;]<\/p>\n","protected":false},"author":1,"featured_media":6365,"comment_status":"closed","ping_status":"closed","sticky":false,"template":"","format":"standard","meta":{"footnotes":""},"categories":[9],"tags":[],"class_list":{"0":"post-6362","1":"post","2":"type-post","3":"status-publish","4":"format-standard","5":"has-post-thumbnail","7":"category-vendi"},"_links":{"self":[{"href":"https:\/\/syri.tv\/index.php?rest_route=\/wp\/v2\/posts\/6362","targetHints":{"allow":["GET"]}}],"collection":[{"href":"https:\/\/syri.tv\/index.php?rest_route=\/wp\/v2\/posts"}],"about":[{"href":"https:\/\/syri.tv\/index.php?rest_route=\/wp\/v2\/types\/post"}],"author":[{"embeddable":true,"href":"https:\/\/syri.tv\/index.php?rest_route=\/wp\/v2\/users\/1"}],"replies":[{"embeddable":true,"href":"https:\/\/syri.tv\/index.php?rest_route=%2Fwp%2Fv2%2Fcomments&post=6362"}],"version-history":[{"count":1,"href":"https:\/\/syri.tv\/index.php?rest_route=\/wp\/v2\/posts\/6362\/revisions"}],"predecessor-version":[{"id":6366,"href":"https:\/\/syri.tv\/index.php?rest_route=\/wp\/v2\/posts\/6362\/revisions\/6366"}],"wp:featuredmedia":[{"embeddable":true,"href":"https:\/\/syri.tv\/index.php?rest_route=\/wp\/v2\/media\/6365"}],"wp:attachment":[{"href":"https:\/\/syri.tv\/index.php?rest_route=%2Fwp%2Fv2%2Fmedia&parent=6362"}],"wp:term":[{"taxonomy":"category","embeddable":true,"href":"https:\/\/syri.tv\/index.php?rest_route=%2Fwp%2Fv2%2Fcategories&post=6362"},{"taxonomy":"post_tag","embeddable":true,"href":"https:\/\/syri.tv\/index.php?rest_route=%2Fwp%2Fv2%2Ftags&post=6362"}],"curies":[{"name":"wp","href":"https:\/\/api.w.org\/{rel}","templated":true}]}}