{"id":6353,"date":"2024-08-14T05:46:26","date_gmt":"2024-08-14T05:46:26","guid":{"rendered":"https:\/\/syri.tv\/?p=6353"},"modified":"2024-08-14T05:46:26","modified_gmt":"2024-08-14T05:46:26","slug":"raporti-me-i-ri-ura-mbi-lumin-iber-eshte-stabile-e-qendrueshme-dhe-funksionale","status":"publish","type":"post","link":"https:\/\/syri.tv\/?p=6353","title":{"rendered":"Raporti m\u00eb i ri: Ura mbi lumin Ib\u00ebr \u00ebsht\u00eb stabile, e q\u00ebndrueshme dhe funksionale"},"content":{"rendered":"<p><strong>\u201cUra mbi lumin Ib\u00ebr \u00ebsht\u00eb stabile, e q\u00ebndrueshme dhe funksionale\u201d, k\u00ebshtu thuhet n\u00eb raportin nga testimi i kapacitetit t\u00eb mbajtjes s\u00eb struktur\u00ebs s\u00eb ur\u00ebs ekzistuese mbi lumin Ib\u00ebr.<\/strong><\/p>\n<p>Lajmin e ka b\u00ebr\u00eb t\u00eb ditur Hysen Durmishi, z\u00ebvend\u00ebsministri i Infrastruktur\u00ebs n\u00eb vend.<\/p>\n<div id=\"content\" class=\"site-content\">\n<div id=\"primary\" class=\"content-area\"><main id=\"main\" class=\"site-main\"><\/p>\n<div class=\"penci-container\">\n<div class=\"penci-container__content penci-con_sb2_sb1\">\n<div class=\"penci-wide-content penci-content-novc penci-sticky-content penci-content-single-inner\">\n<div class=\"theiaStickySidebar\">\n<div class=\"penci-content-post noloaddisqus \" data-url=\"https:\/\/telenews.al\/del-raporti-ura-mbi-lumin-iber-eshte-stabile-e-qendrueshme-dhe-funksionale\/\" data-id=\"163169\" data-title=\"\">\n<article id=\"post-163169\" class=\"penci-single-artcontent noloaddisqus post-163169 post type-post status-publish format-standard has-post-thumbnail hentry category-aktuale penci-post-item\">\n<div class=\"penci-entry-content entry-content\">\n<p>\u201cSapo kemi pranuar raportin nga testimi i kapacitetit t\u00eb mbajtjes s\u00eb struktur\u00ebs s\u00eb ur\u00ebs ekzistuese mbi lumin Ib\u00ebr. Raporti konkludon qart\u00eb se struktura e ur\u00ebs mbi lumin Ib\u00ebr \u00ebsht\u00eb stabile dhe funksionale dhe si e till\u00eb mund t\u00eb p\u00ebrdoret p\u00ebr shfryt\u00ebzim pa asnj\u00eb kufizim n\u00eb ngarkes\u00eb\u201d, shkruan ai.<\/p>\n<p>\u201cRaporti q\u00eb kemi pranuar sot \u00ebsht\u00eb preliminar dhe pas t\u00eb cilit do t\u00eb presim edhe at\u00eb final p\u00ebr t\u00eb pasur edhe rezultatet p\u00ebrfundimtare mbi funksionalitetin e ur\u00ebs s\u00eb Ibrit sa i p\u00ebrket aspektit teknik\u201d.<\/p>\n<p><iframe loading=\"lazy\" src=\"https:\/\/www.facebook.com\/plugins\/post.php?href=https%3A%2F%2Fwww.facebook.com%2Fhdurmishi%2Fposts%2Fpfbid0k71ViQqqvXNCaQkU8vrmbz7RJEhe5J6ACAQXYDHbKKCeKfaWtG3Sib9jrrqxqj5al&amp;show_text=true&amp;width=500\" width=\"500\" height=\"792\" scrolling=\"no\" allowfullscreen=\"allowfullscreen\" data-mce-fragment=\"1\"><\/iframe><\/p>\n<\/div>\n<\/article>\n<\/div>\n<\/div>\n<\/div>\n<\/div>\n<\/div>\n<p><\/main><\/div>\n<\/div>\n","protected":false},"excerpt":{"rendered":"<p>\u201cUra mbi lumin Ib\u00ebr \u00ebsht\u00eb stabile, e q\u00ebndrueshme dhe funksionale\u201d, k\u00ebshtu thuhet n\u00eb raportin nga testimi i kapacitetit t\u00eb mbajtjes s\u00eb struktur\u00ebs s\u00eb ur\u00ebs ekzistuese mbi lumin Ib\u00ebr. Lajmin e ka b\u00ebr\u00eb t\u00eb ditur Hysen Durmishi, z\u00ebvend\u00ebsministri i Infrastruktur\u00ebs n\u00eb vend. \u201cSapo kemi pranuar raportin nga testimi i kapacitetit t\u00eb mbajtjes s\u00eb struktur\u00ebs s\u00eb ur\u00ebs [&hellip;]<\/p>\n","protected":false},"author":1,"featured_media":6354,"comment_status":"closed","ping_status":"closed","sticky":false,"template":"","format":"standard","meta":{"footnotes":""},"categories":[9],"tags":[],"class_list":{"0":"post-6353","1":"post","2":"type-post","3":"status-publish","4":"format-standard","5":"has-post-thumbnail","7":"category-vendi"},"_links":{"self":[{"href":"https:\/\/syri.tv\/index.php?rest_route=\/wp\/v2\/posts\/6353","targetHints":{"allow":["GET"]}}],"collection":[{"href":"https:\/\/syri.tv\/index.php?rest_route=\/wp\/v2\/posts"}],"about":[{"href":"https:\/\/syri.tv\/index.php?rest_route=\/wp\/v2\/types\/post"}],"author":[{"embeddable":true,"href":"https:\/\/syri.tv\/index.php?rest_route=\/wp\/v2\/users\/1"}],"replies":[{"embeddable":true,"href":"https:\/\/syri.tv\/index.php?rest_route=%2Fwp%2Fv2%2Fcomments&post=6353"}],"version-history":[{"count":1,"href":"https:\/\/syri.tv\/index.php?rest_route=\/wp\/v2\/posts\/6353\/revisions"}],"predecessor-version":[{"id":6355,"href":"https:\/\/syri.tv\/index.php?rest_route=\/wp\/v2\/posts\/6353\/revisions\/6355"}],"wp:featuredmedia":[{"embeddable":true,"href":"https:\/\/syri.tv\/index.php?rest_route=\/wp\/v2\/media\/6354"}],"wp:attachment":[{"href":"https:\/\/syri.tv\/index.php?rest_route=%2Fwp%2Fv2%2Fmedia&parent=6353"}],"wp:term":[{"taxonomy":"category","embeddable":true,"href":"https:\/\/syri.tv\/index.php?rest_route=%2Fwp%2Fv2%2Fcategories&post=6353"},{"taxonomy":"post_tag","embeddable":true,"href":"https:\/\/syri.tv\/index.php?rest_route=%2Fwp%2Fv2%2Ftags&post=6353"}],"curies":[{"name":"wp","href":"https:\/\/api.w.org\/{rel}","templated":true}]}}