{"id":6340,"date":"2024-08-12T22:33:04","date_gmt":"2024-08-12T22:33:04","guid":{"rendered":"https:\/\/syri.tv\/?p=6340"},"modified":"2024-08-12T22:41:27","modified_gmt":"2024-08-12T22:41:27","slug":"shaip-kamberi-i-kunderpergjigjet-deri-sa-te-konsultoheni-me-kurtin-e-jo-vuciqin-deklarohet-boske-nga-koalicioni-qeverises-ne-bujanovc-nuk-ju-votojne-as-shqiptaret","status":"publish","type":"post","link":"https:\/\/syri.tv\/?p=6340","title":{"rendered":"Shaip Kamberi i kunderpergjigjet Boskes nga SNS q\u00eb \u00ebsht\u00eb n\u00eb koalicion qeveris\u00ebs n\u00eb Bujanovc"},"content":{"rendered":"<div class=\"xdj266r x11i5rnm xat24cr x1mh8g0r x1vvkbs x126k92a\">\n<div dir=\"auto\">SHAIP KAMBERI &#8211; Deputet Popullor i reagon deklarat\u00ebs s\u00eb Boske-s<\/div>\n<\/div>\n<div class=\"x11i5rnm xat24cr x1mh8g0r x1vvkbs xtlvy1s x126k92a\">\n<div dir=\"auto\">Dragan Stevanovic Boske, funksionar\u00eb i lart\u00eb i SNS-it, paska deklaruar se protesta n\u00eb Bujanoc nuk ka t\u00eb b\u00ebj\u00eb me drejtat e shqiptar\u00ebve por, gjoja, me humbjen e pushtetit n\u00eb Bujanoc.<\/div>\n<\/div>\n<div class=\"x11i5rnm xat24cr x1mh8g0r x1vvkbs xtlvy1s x126k92a\">\n<div dir=\"auto\">Madje, ai kishte sugjeruar shqiptar\u00ebt e Bujanocit q\u00eb t\u00eb mos nd\u00ebgjojn\u00eb e mos t\u00eb konsultohen me njer\u00ebz \u201ct\u00eb kqinj\u00eb\u201d, \u201cvras\u00ebs e maltretues\u201d si Albin Kurti, por q\u00eb, sipas tij, duhet t\u00eb marrin m\u00ebsim nga presidenti i tij Vu\u00e7iq.<\/div>\n<\/div>\n<div class=\"x11i5rnm xat24cr x1mh8g0r x1vvkbs xtlvy1s x126k92a\">\n<div dir=\"auto\">\u201cDeri sa t\u00eb konsultoheni e bashk\u00ebpunoni me Kurtin e jo Vu\u00e7iqin, nuk do t\u2019ju votojn\u00eb as vet shqiptar\u00ebt\u201d, kishte deklaruar Boske.<\/div>\n<\/div>\n<div class=\"x11i5rnm xat24cr x1mh8g0r x1vvkbs xtlvy1s x126k92a\">\n<div dir=\"auto\">Gjat\u00eb deklarat\u00ebs s\u00eb tij ai paska faj\u00ebsuar pushtetet e kaluara t\u00eb Bujanocit p\u00ebr munges\u00eb t\u00eb zhvillimit t\u00eb Bujanocit dhe paska akuzuar partit\u00eb politike, tashm\u00eb opozitare n\u00eb Bujanoc, se kan\u00eb b\u00ebr\u00eb \u00e7mos p\u00ebr ta parandaluar koalicionin, kumbar\u00eb i t\u00eb cilit \u00ebsht\u00eb vet Dragan Stevanovici.<\/div>\n<\/div>\n<div class=\"x11i5rnm xat24cr x1mh8g0r x1vvkbs xtlvy1s x126k92a\">\n<div dir=\"auto\">E para, problemet si pasivizimi i adresave, njohja e diplomave t\u00eb Republik\u00ebs s\u00eb Kosov\u00ebs, integrimi i shqiptar\u00ebve n\u00eb institucionet shtet\u00ebrore, ndalimi i gjuh\u00ebs s\u00eb urrejtjes, rrespektimi i amnestis\u00eb p\u00ebr ushtar\u00ebt e U\u00c7PMB-s\u00eb, e p\u00ebr t\u00eb cilat protestuam sot, nuk kan\u00eb qen\u00eb e as nuk jan\u00eb n\u00eb kompetenca t\u00eb pushteteve lokale me t\u00eb cilat kemi udh\u00ebhequr ne shqiptar\u00ebt.<\/div>\n<\/div>\n<div class=\"x11i5rnm xat24cr x1mh8g0r x1vvkbs xtlvy1s x126k92a\">\n<div dir=\"auto\">Po t\u00eb ishin kompetenc\u00eb e jona, as q\u00eb do t\u00eb ekzistonin si probleme, prandaj edhe nuk do t\u00eb kishin nevoj\u00eb p\u00ebr zgjidhje.<\/div>\n<\/div>\n<div class=\"x11i5rnm xat24cr x1mh8g0r x1vvkbs xtlvy1s x126k92a\">\n<div dir=\"auto\">E dyta, Boske i Surdulic\u00ebs, para se t\u00eb miret me kontestimin e t\u00eb drejt\u00ebs ton\u00eb p\u00ebr protest\u00eb e para se t\u00eb b\u00ebj\u00eb analistin e arsyes s\u00eb protest\u00ebs, do duhej t\u00eb i tregoj\u00eb qytetar\u00ebve t\u00eb Bujanocit se \u00e7ka ka b\u00ebr\u00eb ai dhe partia e tij q\u00eb qeveris\u00eb me shtetin nga viti 2012 p\u00ebr Bujanocin dhe qytetar\u00ebt e saj\u00eb?<\/div>\n<\/div>\n<div class=\"x11i5rnm xat24cr x1mh8g0r x1vvkbs xtlvy1s x126k92a\">\n<div dir=\"auto\">\u00c7ka ka b\u00ebr\u00eb i ngarkuari i Vu\u00e7iqit p\u00ebr rajonin me privatizimin e Banj\u00ebs s\u00eb Bujanocit?<\/div>\n<\/div>\n<div class=\"x11i5rnm xat24cr x1mh8g0r x1vvkbs xtlvy1s x126k92a\">\n<div dir=\"auto\">Sa vende pune i ka hapur dhe sa shqiptar\u00eb jan\u00eb pun\u00ebsuar n\u00eb institucionet shtet\u00ebrore q\u00eb drejtohen nga SNS-i?<\/div>\n<\/div>\n<div class=\"x11i5rnm xat24cr x1mh8g0r x1vvkbs xtlvy1s x126k92a\">\n<div dir=\"auto\">Kumbara i koalicionit t\u00eb Bujanocit, para se t\u00eb i tregoj\u00eb shqiptar\u00ebve se k\u00eb ta nd\u00ebgjojn\u00eb e me k\u00eb t\u00eb konsultohen, do t\u00eb ishte m\u00eb mir\u00eb ta shtrij\u00eb ndikimin e tij n\u00eb Qeveri, aty ku edhe \u00ebsht\u00eb funksionar\u00eb dhe t\u00eb filloj\u00eb me realizimin e Planit 7 pik\u00ebsh.<\/div>\n<\/div>\n<div class=\"x11i5rnm xat24cr x1mh8g0r x1vvkbs xtlvy1s x126k92a\">\n<div dir=\"auto\">Deri at\u00ebher\u00eb, pasi q\u00eb ishte krenuar jasht\u00ebzakonisht shum\u00eb me koalicionin q\u00eb ka arrit\u00eb ta formoj\u00eb n\u00eb Bujanoc, t\u00eb mos harroj\u00eb t\u00eb tregoj\u00eb se sa premtime ia ka realizuar pushtetit t\u00eb kaluar n\u00eb Preshev\u00eb? Edhe atje b\u00ebnte koalicionet.<\/div>\n<\/div>\n<div class=\"x11i5rnm xat24cr x1mh8g0r x1vvkbs xtlvy1s x126k92a\">\n<div dir=\"auto\">P\u00ebr fund, vart\u00ebsi i deklaruesit \u201cn\u00ebse vrisni nj\u00eb serb do t\u00eb vrasim 100 musliman\u201d duket thjesht\u00eb qesharak kur Albin Kurtin e quan \u201cvras\u00ebs\u201d.<\/div>\n<\/div>\n","protected":false},"excerpt":{"rendered":"<p>SHAIP KAMBERI &#8211; Deputet Popullor i reagon deklarat\u00ebs s\u00eb Boske-s Dragan Stevanovic Boske, funksionar\u00eb i lart\u00eb i SNS-it, paska deklaruar se protesta n\u00eb Bujanoc nuk ka t\u00eb b\u00ebj\u00eb me drejtat e shqiptar\u00ebve por, gjoja, me humbjen e pushtetit n\u00eb Bujanoc. Madje, ai kishte sugjeruar shqiptar\u00ebt e Bujanocit q\u00eb t\u00eb mos nd\u00ebgjojn\u00eb e mos t\u00eb konsultohen [&hellip;]<\/p>\n","protected":false},"author":1,"featured_media":6325,"comment_status":"closed","ping_status":"closed","sticky":false,"template":"","format":"standard","meta":{"footnotes":""},"categories":[9],"tags":[],"class_list":{"0":"post-6340","1":"post","2":"type-post","3":"status-publish","4":"format-standard","5":"has-post-thumbnail","7":"category-vendi"},"_links":{"self":[{"href":"https:\/\/syri.tv\/index.php?rest_route=\/wp\/v2\/posts\/6340","targetHints":{"allow":["GET"]}}],"collection":[{"href":"https:\/\/syri.tv\/index.php?rest_route=\/wp\/v2\/posts"}],"about":[{"href":"https:\/\/syri.tv\/index.php?rest_route=\/wp\/v2\/types\/post"}],"author":[{"embeddable":true,"href":"https:\/\/syri.tv\/index.php?rest_route=\/wp\/v2\/users\/1"}],"replies":[{"embeddable":true,"href":"https:\/\/syri.tv\/index.php?rest_route=%2Fwp%2Fv2%2Fcomments&post=6340"}],"version-history":[{"count":4,"href":"https:\/\/syri.tv\/index.php?rest_route=\/wp\/v2\/posts\/6340\/revisions"}],"predecessor-version":[{"id":6344,"href":"https:\/\/syri.tv\/index.php?rest_route=\/wp\/v2\/posts\/6340\/revisions\/6344"}],"wp:featuredmedia":[{"embeddable":true,"href":"https:\/\/syri.tv\/index.php?rest_route=\/wp\/v2\/media\/6325"}],"wp:attachment":[{"href":"https:\/\/syri.tv\/index.php?rest_route=%2Fwp%2Fv2%2Fmedia&parent=6340"}],"wp:term":[{"taxonomy":"category","embeddable":true,"href":"https:\/\/syri.tv\/index.php?rest_route=%2Fwp%2Fv2%2Fcategories&post=6340"},{"taxonomy":"post_tag","embeddable":true,"href":"https:\/\/syri.tv\/index.php?rest_route=%2Fwp%2Fv2%2Ftags&post=6340"}],"curies":[{"name":"wp","href":"https:\/\/api.w.org\/{rel}","templated":true}]}}