{"id":6322,"date":"2024-08-12T11:34:07","date_gmt":"2024-08-12T11:34:07","guid":{"rendered":"https:\/\/syri.tv\/?p=6322"},"modified":"2024-08-12T12:28:48","modified_gmt":"2024-08-12T12:28:48","slug":"sot-ne-protesten-per-identitet-dhe-dinjitet","status":"publish","type":"post","link":"https:\/\/syri.tv\/?p=6322","title":{"rendered":"Sot, n\u00eb PROTEST\u00cbN p\u00ebr IDENTITET dhe DINJITET!"},"content":{"rendered":"<p>Shkruan Ardita Sinani ne profilin e saj FB<\/p>\n<p><img loading=\"lazy\" loading=\"lazy\" decoding=\"async\" class=\"alignnone size-full wp-image-6324\" src=\"https:\/\/syri.tv\/wp-content\/uploads\/2024\/08\/AS1.jpg\" alt=\"\" width=\"960\" height=\"642\" srcset=\"https:\/\/syri.tv\/wp-content\/uploads\/2024\/08\/AS1.jpg 960w, https:\/\/syri.tv\/wp-content\/uploads\/2024\/08\/AS1-300x201.jpg 300w, https:\/\/syri.tv\/wp-content\/uploads\/2024\/08\/AS1-768x514.jpg 768w, https:\/\/syri.tv\/wp-content\/uploads\/2024\/08\/AS1-330x220.jpg 330w, https:\/\/syri.tv\/wp-content\/uploads\/2024\/08\/AS1-420x280.jpg 420w, https:\/\/syri.tv\/wp-content\/uploads\/2024\/08\/AS1-615x410.jpg 615w, https:\/\/syri.tv\/wp-content\/uploads\/2024\/08\/AS1-860x575.jpg 860w\" sizes=\"auto, (max-width: 960px) 100vw, 960px\" \/><\/p>\n<div class=\"x11i5rnm xat24cr x1mh8g0r x1vvkbs xtlvy1s x126k92a\">\n<div dir=\"auto\">N\u00eb Sheshin Skenderbeu, em\u00ebrtimin e t\u00eb cilit nuk e pranoi Qeveria e Serbis\u00eb.<\/div>\n<div dir=\"auto\">\n<p>Shqiptar\u00ebt e Lugin\u00ebs s\u00eb Preshev\u00ebs kan\u00eb protestuar sot n\u00eb sheshin e Bujanocit kund\u00ebr shtypjes dhe diskriminimit q\u00eb po ushtrohet ndaj shqiptar\u00ebve nga autoritetet serbe.<\/p>\n<p>\u201cKthema adres\u00ebn\u201d, \u201cDuam libra shqip\u201d, \u201cDija nuk nostrifikohet\u201d, \u201cT\u00eb shtypur po, t\u00eb n\u00ebnshtruar jo\u201d, jan\u00eb disa nga pankartat q\u00eb protestuesit kan\u00eb mbajtur n\u00eb duar.<\/p>\n<\/div>\n<div dir=\"auto\"><img loading=\"lazy\" loading=\"lazy\" decoding=\"async\" class=\"alignnone size-full wp-image-6325\" src=\"https:\/\/syri.tv\/wp-content\/uploads\/2024\/08\/AS2.jpg\" alt=\"\" width=\"960\" height=\"642\" srcset=\"https:\/\/syri.tv\/wp-content\/uploads\/2024\/08\/AS2.jpg 960w, https:\/\/syri.tv\/wp-content\/uploads\/2024\/08\/AS2-300x201.jpg 300w, https:\/\/syri.tv\/wp-content\/uploads\/2024\/08\/AS2-768x514.jpg 768w, https:\/\/syri.tv\/wp-content\/uploads\/2024\/08\/AS2-330x220.jpg 330w, https:\/\/syri.tv\/wp-content\/uploads\/2024\/08\/AS2-420x280.jpg 420w, https:\/\/syri.tv\/wp-content\/uploads\/2024\/08\/AS2-615x410.jpg 615w, https:\/\/syri.tv\/wp-content\/uploads\/2024\/08\/AS2-860x575.jpg 860w\" sizes=\"auto, (max-width: 960px) 100vw, 960px\" \/><\/div>\n<\/div>\n<div class=\"x11i5rnm xat24cr x1mh8g0r x1vvkbs xtlvy1s x126k92a\">\n<div dir=\"auto\">P\u00ebr t\u00eb ngritur z\u00ebrin p\u00ebr t\u00eb drejtat e mohuara.<\/div>\n<div dir=\"auto\">Protesta ka nisur me intonimin e himnit komb\u00ebtar dhe me nj\u00eb minut\u00eb heshtje p\u00ebr t\u00eb gjith\u00eb d\u00ebshmor\u00ebt dhe veprimtar\u00ebt e \u00e7\u00ebshtjes komb\u00ebtare.<\/div>\n<div dir=\"auto\">\n<p>Protestuesve u \u00ebsht\u00eb drejtuar edhe deputeti Shaip Kamberi i cili ka th\u00ebn\u00eb se diskriminimi si dukuri \u00ebsht\u00eb i ndaluar p\u00ebr shoq\u00ebrit\u00eb demokratike, si\u00e7 ka th\u00ebn\u00eb ai, sidomos p\u00ebr nj\u00eb shoq\u00ebri q\u00eb pretendon t\u00eb jet\u00eb pjes\u00eb e Bashkimit Evropian.<\/p>\n<p>Ai ka th\u00ebn\u00eb se Beogradi zyrtar po diskriminon serb\u00ebt lokal\u00eb p\u00ebr inate t\u00eb shqiptar\u00ebve.<\/p>\n<p>\u201cJemi k\u00ebtu sepse Qeveria n\u00eb Beograd po refuzon t\u00eb respektoj\u00eb t\u00eb drejtat tona, po refuzon t\u00eb na integroj\u00eb n\u00eb organet shtet\u00ebrore n\u00eb m\u00ebnyr\u00eb t\u00eb drejt\u00eb dhe t\u00eb barabart\u00eb\u201d, tha Kamberi.<\/p>\n<\/div>\n<div dir=\"auto\"><\/div>\n<div dir=\"auto\"><img loading=\"lazy\" loading=\"lazy\" decoding=\"async\" class=\"alignnone size-full wp-image-6326\" src=\"https:\/\/syri.tv\/wp-content\/uploads\/2024\/08\/AS3.jpg\" alt=\"\" width=\"960\" height=\"642\" srcset=\"https:\/\/syri.tv\/wp-content\/uploads\/2024\/08\/AS3.jpg 960w, https:\/\/syri.tv\/wp-content\/uploads\/2024\/08\/AS3-300x201.jpg 300w, https:\/\/syri.tv\/wp-content\/uploads\/2024\/08\/AS3-768x514.jpg 768w, https:\/\/syri.tv\/wp-content\/uploads\/2024\/08\/AS3-330x220.jpg 330w, https:\/\/syri.tv\/wp-content\/uploads\/2024\/08\/AS3-420x280.jpg 420w, https:\/\/syri.tv\/wp-content\/uploads\/2024\/08\/AS3-615x410.jpg 615w, https:\/\/syri.tv\/wp-content\/uploads\/2024\/08\/AS3-860x575.jpg 860w\" sizes=\"auto, (max-width: 960px) 100vw, 960px\" \/><\/div>\n<\/div>\n<div class=\"x11i5rnm xat24cr x1mh8g0r x1vvkbs xtlvy1s x126k92a\">\n<div dir=\"auto\">P\u00ebr marr\u00ebveshjet e paimplementuara.<\/div>\n<div dir=\"auto\">Nj\u00eb num\u00ebr i madh i qytetar\u00ebve po marrin pjes\u00eb n\u00eb k\u00ebt\u00eb protest\u00eb, n\u00eb mesin e t\u00eb cil\u00ebve jan\u00eb edhe p\u00ebrfaq\u00ebsuesit e shqiptar\u00eb si kryetarja e Preshev\u00ebs, Ardita Sinani, deputeti shqiptar n\u00eb Parlamentin e Serbis\u00eb, Shaip Kamberi dhe pjes\u00ebtar\u00eb t\u00eb tjer\u00eb t\u00eb K\u00ebshillit Komb\u00ebtar Shqiptar<\/div>\n<div dir=\"auto\"><\/div>\n<\/div>\n<div dir=\"auto\"><img loading=\"lazy\" loading=\"lazy\" decoding=\"async\" class=\"alignnone size-full wp-image-6327\" src=\"https:\/\/syri.tv\/wp-content\/uploads\/2024\/08\/AS4.jpg\" alt=\"\" width=\"960\" height=\"642\" srcset=\"https:\/\/syri.tv\/wp-content\/uploads\/2024\/08\/AS4.jpg 960w, https:\/\/syri.tv\/wp-content\/uploads\/2024\/08\/AS4-300x201.jpg 300w, https:\/\/syri.tv\/wp-content\/uploads\/2024\/08\/AS4-768x514.jpg 768w, https:\/\/syri.tv\/wp-content\/uploads\/2024\/08\/AS4-330x220.jpg 330w, https:\/\/syri.tv\/wp-content\/uploads\/2024\/08\/AS4-420x280.jpg 420w, https:\/\/syri.tv\/wp-content\/uploads\/2024\/08\/AS4-615x410.jpg 615w, https:\/\/syri.tv\/wp-content\/uploads\/2024\/08\/AS4-860x575.jpg 860w\" sizes=\"auto, (max-width: 960px) 100vw, 960px\" \/><\/div>\n<div class=\"x11i5rnm xat24cr x1mh8g0r x1vvkbs xtlvy1s x126k92a\">\n<div dir=\"auto\">P\u00ebr pasivizimin selektiv t\u00eb adresave.<\/div>\n<div dir=\"auto\">\n<p>Moderatoja e protest\u00ebs tha se jan\u00eb mbledhur p\u00ebr t\u00eb k\u00ebrkuar t\u00eb drejtat e tyre.<\/p>\n<p>\u201cJemi sot k\u00ebtu p\u00ebr t\u00eb protestuar p\u00ebr mos realizimin e marr\u00ebveshjeve t\u00eb n\u00ebnshkruara dhe t\u00eb mbetura n\u00eb let\u00ebr, e p\u00ebr obligimet q\u00eb qeverit\u00eb n\u00eb Beograd asnj\u00ebher\u00eb nuk i kyen. Jemi k\u00ebtu p\u00ebr t\u00eb kund\u00ebrshtuar pasivizimin selektiv t\u00eb qytetar\u00ebve shqiptar\u00eb t\u00eb lugin\u00ebs. Jemi p\u00ebr t\u00eb d\u00ebshmuar se k\u00ebrkesat tona jan\u00eb t\u00eb drejta\u201d, tha ajo.<\/p>\n<\/div>\n<div dir=\"auto\"><\/div>\n<div dir=\"auto\"><img loading=\"lazy\" loading=\"lazy\" decoding=\"async\" class=\"alignnone size-full wp-image-6328\" src=\"https:\/\/syri.tv\/wp-content\/uploads\/2024\/08\/AS5.jpg\" alt=\"\" width=\"960\" height=\"720\" srcset=\"https:\/\/syri.tv\/wp-content\/uploads\/2024\/08\/AS5.jpg 960w, https:\/\/syri.tv\/wp-content\/uploads\/2024\/08\/AS5-300x225.jpg 300w, https:\/\/syri.tv\/wp-content\/uploads\/2024\/08\/AS5-768x576.jpg 768w, https:\/\/syri.tv\/wp-content\/uploads\/2024\/08\/AS5-860x645.jpg 860w\" sizes=\"auto, (max-width: 960px) 100vw, 960px\" \/><\/div>\n<\/div>\n<div class=\"x11i5rnm xat24cr x1mh8g0r x1vvkbs xtlvy1s x126k92a\">\n<div dir=\"auto\">P\u00ebr munges\u00ebn e teksteve shkollore n\u00eb gjuh\u00ebn shqipe.<\/div>\n<div dir=\"auto\">\n<p>Nd\u00ebrsa profesori i gjuh\u00ebs shqipe, Llukman Misini, ka folur p\u00ebr munges\u00ebn e teksteve shkollore.<\/p>\n<p>\u201cN\u00eb munges\u00eb te teksteve shkollore, profesor\u00ebt japin m\u00ebsim n\u00eb m\u00ebnyr\u00eb alternative. Vendet e rajonit p\u00ebrdorin mjete t\u00eb avancuara n\u00eb sistemin m\u00ebsimor. Neve po vazhdon t\u00eb na mohohet sigurimi i teksteve shkollore. Po na ndalohet historia si l\u00ebnd\u00eb. Po na ndalohet l\u00ebnda e gjeografis\u00eb\u201d, ka deklaruar ai.<\/p>\n<\/div>\n<div dir=\"auto\"><\/div>\n<div dir=\"auto\"><img loading=\"lazy\" loading=\"lazy\" decoding=\"async\" class=\"alignnone size-full wp-image-6329\" src=\"https:\/\/syri.tv\/wp-content\/uploads\/2024\/08\/AS8.jpg\" alt=\"\" width=\"960\" height=\"642\" srcset=\"https:\/\/syri.tv\/wp-content\/uploads\/2024\/08\/AS8.jpg 960w, https:\/\/syri.tv\/wp-content\/uploads\/2024\/08\/AS8-300x201.jpg 300w, https:\/\/syri.tv\/wp-content\/uploads\/2024\/08\/AS8-768x514.jpg 768w, https:\/\/syri.tv\/wp-content\/uploads\/2024\/08\/AS8-330x220.jpg 330w, https:\/\/syri.tv\/wp-content\/uploads\/2024\/08\/AS8-420x280.jpg 420w, https:\/\/syri.tv\/wp-content\/uploads\/2024\/08\/AS8-615x410.jpg 615w, https:\/\/syri.tv\/wp-content\/uploads\/2024\/08\/AS8-860x575.jpg 860w\" sizes=\"auto, (max-width: 960px) 100vw, 960px\" \/><\/div>\n<\/div>\n<div class=\"x11i5rnm xat24cr x1mh8g0r x1vvkbs xtlvy1s x126k92a\">\n<div dir=\"auto\">Duke d\u00ebshmuar k\u00ebshtu mosn\u00ebnshtrimin ton\u00eb, kund\u00ebr shtypjes, shkeljes e diskriminimit.<\/div>\n<div dir=\"auto\"><\/div>\n<div dir=\"auto\"><img loading=\"lazy\" loading=\"lazy\" decoding=\"async\" class=\"alignnone size-full wp-image-6330\" src=\"https:\/\/syri.tv\/wp-content\/uploads\/2024\/08\/AS9.jpg\" alt=\"\" width=\"960\" height=\"642\" srcset=\"https:\/\/syri.tv\/wp-content\/uploads\/2024\/08\/AS9.jpg 960w, https:\/\/syri.tv\/wp-content\/uploads\/2024\/08\/AS9-300x201.jpg 300w, https:\/\/syri.tv\/wp-content\/uploads\/2024\/08\/AS9-768x514.jpg 768w, https:\/\/syri.tv\/wp-content\/uploads\/2024\/08\/AS9-330x220.jpg 330w, https:\/\/syri.tv\/wp-content\/uploads\/2024\/08\/AS9-420x280.jpg 420w, https:\/\/syri.tv\/wp-content\/uploads\/2024\/08\/AS9-615x410.jpg 615w, https:\/\/syri.tv\/wp-content\/uploads\/2024\/08\/AS9-860x575.jpg 860w\" sizes=\"auto, (max-width: 960px) 100vw, 960px\" \/><\/div>\n<\/div>\n<div class=\"x11i5rnm xat24cr x1mh8g0r x1vvkbs xtlvy1s x126k92a\">\n<div dir=\"auto\">P\u00ebr t\u00eb d\u00ebshmuar q\u00ebndres\u00ebn ton\u00eb.<\/div>\n<div dir=\"auto\"><\/div>\n<div dir=\"auto\"><img loading=\"lazy\" loading=\"lazy\" decoding=\"async\" class=\"alignnone size-full wp-image-6331\" src=\"https:\/\/syri.tv\/wp-content\/uploads\/2024\/08\/AS10.jpg\" alt=\"\" width=\"960\" height=\"642\" srcset=\"https:\/\/syri.tv\/wp-content\/uploads\/2024\/08\/AS10.jpg 960w, https:\/\/syri.tv\/wp-content\/uploads\/2024\/08\/AS10-300x201.jpg 300w, https:\/\/syri.tv\/wp-content\/uploads\/2024\/08\/AS10-768x514.jpg 768w, https:\/\/syri.tv\/wp-content\/uploads\/2024\/08\/AS10-330x220.jpg 330w, https:\/\/syri.tv\/wp-content\/uploads\/2024\/08\/AS10-420x280.jpg 420w, https:\/\/syri.tv\/wp-content\/uploads\/2024\/08\/AS10-615x410.jpg 615w, https:\/\/syri.tv\/wp-content\/uploads\/2024\/08\/AS10-860x575.jpg 860w\" sizes=\"auto, (max-width: 960px) 100vw, 960px\" \/><\/div>\n<div dir=\"auto\"><img loading=\"lazy\" loading=\"lazy\" decoding=\"async\" class=\"alignnone size-large wp-image-6332\" src=\"https:\/\/syri.tv\/wp-content\/uploads\/2024\/08\/AS11.jpg\" alt=\"\" width=\"960\" height=\"642\" srcset=\"https:\/\/syri.tv\/wp-content\/uploads\/2024\/08\/AS11.jpg 960w, https:\/\/syri.tv\/wp-content\/uploads\/2024\/08\/AS11-300x201.jpg 300w, https:\/\/syri.tv\/wp-content\/uploads\/2024\/08\/AS11-768x514.jpg 768w, https:\/\/syri.tv\/wp-content\/uploads\/2024\/08\/AS11-330x220.jpg 330w, https:\/\/syri.tv\/wp-content\/uploads\/2024\/08\/AS11-420x280.jpg 420w, https:\/\/syri.tv\/wp-content\/uploads\/2024\/08\/AS11-615x410.jpg 615w, https:\/\/syri.tv\/wp-content\/uploads\/2024\/08\/AS11-860x575.jpg 860w\" sizes=\"auto, (max-width: 960px) 100vw, 960px\" \/> <img loading=\"lazy\" loading=\"lazy\" decoding=\"async\" class=\"alignnone size-large wp-image-6333\" src=\"https:\/\/syri.tv\/wp-content\/uploads\/2024\/08\/AS12.jpg\" alt=\"\" width=\"960\" height=\"642\" srcset=\"https:\/\/syri.tv\/wp-content\/uploads\/2024\/08\/AS12.jpg 960w, https:\/\/syri.tv\/wp-content\/uploads\/2024\/08\/AS12-300x201.jpg 300w, https:\/\/syri.tv\/wp-content\/uploads\/2024\/08\/AS12-768x514.jpg 768w, https:\/\/syri.tv\/wp-content\/uploads\/2024\/08\/AS12-330x220.jpg 330w, https:\/\/syri.tv\/wp-content\/uploads\/2024\/08\/AS12-420x280.jpg 420w, https:\/\/syri.tv\/wp-content\/uploads\/2024\/08\/AS12-615x410.jpg 615w, https:\/\/syri.tv\/wp-content\/uploads\/2024\/08\/AS12-860x575.jpg 860w\" sizes=\"auto, (max-width: 960px) 100vw, 960px\" \/> <img loading=\"lazy\" loading=\"lazy\" decoding=\"async\" class=\"alignnone size-large wp-image-6334\" src=\"https:\/\/syri.tv\/wp-content\/uploads\/2024\/08\/AS13.jpg\" alt=\"\" width=\"960\" height=\"642\" srcset=\"https:\/\/syri.tv\/wp-content\/uploads\/2024\/08\/AS13.jpg 960w, https:\/\/syri.tv\/wp-content\/uploads\/2024\/08\/AS13-300x201.jpg 300w, https:\/\/syri.tv\/wp-content\/uploads\/2024\/08\/AS13-768x514.jpg 768w, https:\/\/syri.tv\/wp-content\/uploads\/2024\/08\/AS13-330x220.jpg 330w, https:\/\/syri.tv\/wp-content\/uploads\/2024\/08\/AS13-420x280.jpg 420w, https:\/\/syri.tv\/wp-content\/uploads\/2024\/08\/AS13-615x410.jpg 615w, https:\/\/syri.tv\/wp-content\/uploads\/2024\/08\/AS13-860x575.jpg 860w\" sizes=\"auto, (max-width: 960px) 100vw, 960px\" \/> <img loading=\"lazy\" loading=\"lazy\" decoding=\"async\" class=\"alignnone size-large wp-image-6335\" src=\"https:\/\/syri.tv\/wp-content\/uploads\/2024\/08\/AS14.jpg\" alt=\"\" width=\"960\" height=\"720\" srcset=\"https:\/\/syri.tv\/wp-content\/uploads\/2024\/08\/AS14.jpg 960w, https:\/\/syri.tv\/wp-content\/uploads\/2024\/08\/AS14-300x225.jpg 300w, https:\/\/syri.tv\/wp-content\/uploads\/2024\/08\/AS14-768x576.jpg 768w, https:\/\/syri.tv\/wp-content\/uploads\/2024\/08\/AS14-860x645.jpg 860w\" sizes=\"auto, (max-width: 960px) 100vw, 960px\" \/><\/div>\n<\/div>\n","protected":false},"excerpt":{"rendered":"<p>Shkruan Ardita Sinani ne profilin e saj FB N\u00eb Sheshin Skenderbeu, em\u00ebrtimin e t\u00eb cilit nuk e pranoi Qeveria e Serbis\u00eb. Shqiptar\u00ebt e Lugin\u00ebs s\u00eb Preshev\u00ebs kan\u00eb protestuar sot n\u00eb sheshin e Bujanocit kund\u00ebr shtypjes dhe diskriminimit q\u00eb po ushtrohet ndaj shqiptar\u00ebve nga autoritetet serbe. \u201cKthema adres\u00ebn\u201d, \u201cDuam libra shqip\u201d, \u201cDija nuk nostrifikohet\u201d, \u201cT\u00eb shtypur [&hellip;]<\/p>\n","protected":false},"author":1,"featured_media":6323,"comment_status":"closed","ping_status":"closed","sticky":false,"template":"","format":"standard","meta":{"footnotes":""},"categories":[9],"tags":[],"class_list":{"0":"post-6322","1":"post","2":"type-post","3":"status-publish","4":"format-standard","5":"has-post-thumbnail","7":"category-vendi"},"_links":{"self":[{"href":"https:\/\/syri.tv\/index.php?rest_route=\/wp\/v2\/posts\/6322","targetHints":{"allow":["GET"]}}],"collection":[{"href":"https:\/\/syri.tv\/index.php?rest_route=\/wp\/v2\/posts"}],"about":[{"href":"https:\/\/syri.tv\/index.php?rest_route=\/wp\/v2\/types\/post"}],"author":[{"embeddable":true,"href":"https:\/\/syri.tv\/index.php?rest_route=\/wp\/v2\/users\/1"}],"replies":[{"embeddable":true,"href":"https:\/\/syri.tv\/index.php?rest_route=%2Fwp%2Fv2%2Fcomments&post=6322"}],"version-history":[{"count":3,"href":"https:\/\/syri.tv\/index.php?rest_route=\/wp\/v2\/posts\/6322\/revisions"}],"predecessor-version":[{"id":6339,"href":"https:\/\/syri.tv\/index.php?rest_route=\/wp\/v2\/posts\/6322\/revisions\/6339"}],"wp:featuredmedia":[{"embeddable":true,"href":"https:\/\/syri.tv\/index.php?rest_route=\/wp\/v2\/media\/6323"}],"wp:attachment":[{"href":"https:\/\/syri.tv\/index.php?rest_route=%2Fwp%2Fv2%2Fmedia&parent=6322"}],"wp:term":[{"taxonomy":"category","embeddable":true,"href":"https:\/\/syri.tv\/index.php?rest_route=%2Fwp%2Fv2%2Fcategories&post=6322"},{"taxonomy":"post_tag","embeddable":true,"href":"https:\/\/syri.tv\/index.php?rest_route=%2Fwp%2Fv2%2Ftags&post=6322"}],"curies":[{"name":"wp","href":"https:\/\/api.w.org\/{rel}","templated":true}]}}