{"id":6314,"date":"2024-08-12T06:07:52","date_gmt":"2024-08-12T06:07:52","guid":{"rendered":"https:\/\/syri.tv\/?p=6314"},"modified":"2024-08-12T06:07:52","modified_gmt":"2024-08-12T06:07:52","slug":"nxenes-te-dashur-mire-se-vini-ne-shkollen-shqipe-ne-zvicer","status":"publish","type":"post","link":"https:\/\/syri.tv\/?p=6314","title":{"rendered":"Nx\u00ebn\u00ebs t\u00eb dashur mir\u00eb se vini n\u00eb Shkoll\u00ebn Shqipe n\u00eb Zvic\u00ebr!"},"content":{"rendered":"<div class=\"xdj266r x11i5rnm xat24cr x1mh8g0r x1vvkbs x126k92a\">\n<div dir=\"auto\"><img loading=\"lazy\" loading=\"lazy\" decoding=\"async\" class=\"alignnone  wp-image-6104\" src=\"https:\/\/syri.tv\/wp-content\/uploads\/2024\/06\/v.jpg\" alt=\"\" width=\"170\" height=\"170\" srcset=\"https:\/\/syri.tv\/wp-content\/uploads\/2024\/06\/v.jpg 753w, https:\/\/syri.tv\/wp-content\/uploads\/2024\/06\/v-300x300.jpg 300w, https:\/\/syri.tv\/wp-content\/uploads\/2024\/06\/v-150x150.jpg 150w\" sizes=\"auto, (max-width: 170px) 100vw, 170px\" \/><\/div>\n<div dir=\"auto\">Vaxhid Sejdiu<\/div>\n<div dir=\"auto\">\u00a0 \u00a0 \u00a0 \u00a0 \u00a0 \u00a0 \u00a0 \u00a0 \u00a0 \u00a0 \u00a0 \u00a0 \u00a0 \u00a0 \u00a0 \u00a0 \u00a0 \u00a0 \u00a0 \u00a0 \u00a0 \u00a0 \u00a0 \u00a0 \u00a0 \u00a0 \u00a0 \u00a0 \u00a0 \u00a0 \u00a0 \u00a0 \u00a0 \u00a0 \u00a0 \u00a0 \u00a0 \u00a0 \u00a0 \u00a0 \u00a0 \u00a0 \u00a0 \u00a0 \u00a0 \u00a0 \u00a0 \u00a0 M\u00cbSO SHQIP!<\/div>\n<\/div>\n<div class=\"x11i5rnm xat24cr x1mh8g0r x1vvkbs xtlvy1s x126k92a\">\n<div dir=\"auto\"><\/div>\n<div dir=\"auto\">Nx\u00ebn\u00ebs t\u00eb dashur mir\u00eb se vini n\u00eb Shkoll\u00ebn Shqipe n\u00eb Zvic\u00ebr!<\/div>\n<\/div>\n<div class=\"x11i5rnm xat24cr x1mh8g0r x1vvkbs xtlvy1s x126k92a\">\n<div dir=\"auto\">Tani m\u00eb besoj se pjesa m\u00eb e madhe e juaj s\u00eb bashku me prind\u00ebrit jeni kthyer n\u00eb vendet ku jetoni n\u00eb Zvic\u00ebr dhe nga nes\u00ebr fillon Viti i Ri shkollor 2024\/25. Dhe ne, t\u00eb gjith\u00eb s\u00eb bashku, ashtu si vitin e kaluar shkollor nx\u00ebn\u00ebs, prind\u00ebr, m\u00ebsues&#8230; do t\u00eb vazhdojm\u00eb betej\u00ebn n\u00eb ruajtjen e gjuh\u00ebs shqipe, n\u00eb p\u00ebrhapjen e drit\u00ebs s\u00eb dituris\u00eb n\u00eb gjuh\u00ebn amtare. Kemi shum\u00eb pun\u00eb p\u00ebr t\u00eb b\u00ebr\u00eb me q\u00ebllim q\u00eb t\u00eb p\u00ebrfshijm\u00eb sa m\u00eb shum\u00eb nx\u00ebn\u00ebs n\u00eb or\u00ebt m\u00ebsimore t\u00eb gjuh\u00ebs dhe kultur\u00ebs komb\u00ebtare, me q\u00ebllim q\u00eb ju ta m\u00ebsoni sa m\u00eb mir\u00eb gjuh\u00ebn shqipe.<\/div>\n<div dir=\"auto\">Jemi t\u00eb bindur se dit\u00ebt n\u00eb atdhe kan\u00eb kaluar shum\u00eb shpejt sa q\u00eb shumica prej jush, b\u00ebjn\u00eb t\u00eb nj\u00ebjt\u00ebn pyetje, t\u00eb cil\u00ebn shpesh ne t\u00eb rriturit ia parashtrojm\u00eb vetes : \u201cA thua a ishim n\u00eb vendlindje?\u201d.<\/div>\n<div dir=\"auto\">Por, megjithat\u00eb jemi t\u00eb bindur se tani keni m\u00eb shum\u00eb forc\u00eb se n\u00eb Qershorin q\u00eb e lam\u00eb pas. Bankat shkollore po ju presin dhe m\u00ebsueset e m\u00ebsuesit i kan\u00eb b\u00ebr\u00eb t\u00eb gjitha p\u00ebrgatitjet, q\u00eb ju ta ndjeni veten si n\u00eb vendlindje.<\/div>\n<\/div>\n<div class=\"x11i5rnm xat24cr x1mh8g0r x1vvkbs xtlvy1s x126k92a\">\n<div dir=\"auto\">Mir\u00eb se vini!<\/div>\n<div dir=\"auto\">Edhe sivjet ju presin shkronjat e shqipes, m\u00ebsimet n\u00eb l\u00ebmin e let\u00ebrsis\u00eb, historis\u00eb, gjeografis\u00eb dhe kultur\u00ebs shqiptare. Sa shum\u00eb keni p\u00ebr t\u00eb m\u00ebsuar sepse gjuha shqipe krahasohet me val\u00ebt e detit. Ashtu si val\u00ebt e detit q\u00eb nuk p\u00ebrfundojn\u00eb edhe m\u00ebsimet n\u00eb gjuh\u00ebn shqipe nuk p\u00ebrfundojn\u00eb kurr\u00eb. Prandaj, ju t\u00eb gjith\u00eb duhet t\u00eb p\u00ebrgatiteni q\u00eb t\u00eb \u201cnotoni\u201d sa m\u00eb mir\u00eb n\u00eb val\u00ebt e saj, sepse nuk ka m\u00eb keq se kur nj\u00eb f\u00ebmij\u00eb nuk e njeh gjuh\u00ebn e n\u00ebn\u00ebs &#8211; gjuh\u00ebn amtare. Ju e ndjeni fare mire nganj\u00ebher\u00eb kur ju mungojn\u00eb fjal\u00ebt dhe se si mundoheni t\u00eb gjeni rrug\u00ebdalje me ndonj\u00eb fjal\u00eb tjet\u00ebr p\u00ebr ta treguar kuptimin e mendimit. Por, p\u00ebr t\u00eb gjitha ka zgjidhje. Prind\u00ebrit e juaj e kan\u00eb p\u00ebr obligim q\u00eb t`iu regjstrojn\u00eb n\u00eb or\u00ebt e gjuh\u00ebs shqipe, kurse ne bashk\u00eb me ju t\u00eb \u201cnotojm\u00eb\u201d gjat\u00eb t\u00ebr\u00eb vitit n\u00eb dallg\u00ebt e gjuh\u00ebs shqipe, dallg\u00eb t\u00eb cilat padyshim se do t`iu p\u00eblqejn\u00eb shum\u00eb.<\/div>\n<div dir=\"auto\">Sivjet na kan\u00eb ardhur librat me koh\u00eb jo vet\u00ebm t\u00eb nivelit t\u00eb par\u00eb por edhe t\u00eb nivelit t\u00eb dyt\u00eb dhe p\u00ebr k\u00ebt\u00eb fal\u00ebnderojm\u00eb nga zemra Qendr\u00ebn e Botimeve p\u00ebr Diaspor\u00ebn!<\/div>\n<div dir=\"auto\">Dhe fare n\u00eb fund ju p\u00ebrkujtojm\u00eb edhe pse ua kemi th\u00ebn\u00eb vazhdimisht se gjuha e n\u00ebn\u00ebs \u00ebsht\u00eb themel i identitetit komb\u00ebtar, ajo mbron flamurin, identitetin, atdheun. Nuk mjafton t\u00eb thuash jam shqiptar n\u00ebse nuk e di edhe gjuh\u00ebn shqipe.<\/div>\n<div dir=\"auto\">Ato, duart e juaja, t\u00eb bukura q\u00eb p\u00ebr mrekulli e b\u00ebjn\u00eb shqiponj\u00ebn, nuk do t\u00eb ken\u00eb kuptim t\u00eb mjaftuesh\u00ebm pa njohjen e gjuh\u00ebs shqipe.<\/div>\n<\/div>\n<div class=\"x11i5rnm xat24cr x1mh8g0r x1vvkbs xtlvy1s x126k92a\">\n<div dir=\"auto\">Mir\u00eb se vini!<\/div>\n<\/div>\n","protected":false},"excerpt":{"rendered":"<p>Vaxhid Sejdiu \u00a0 \u00a0 \u00a0 \u00a0 \u00a0 \u00a0 \u00a0 \u00a0 \u00a0 \u00a0 \u00a0 \u00a0 \u00a0 \u00a0 \u00a0 \u00a0 \u00a0 \u00a0 \u00a0 \u00a0 \u00a0 \u00a0 \u00a0 \u00a0 \u00a0 \u00a0 \u00a0 \u00a0 \u00a0 \u00a0 \u00a0 \u00a0 \u00a0 \u00a0 \u00a0 \u00a0 \u00a0 \u00a0 \u00a0 \u00a0 \u00a0 \u00a0 \u00a0 \u00a0 \u00a0 \u00a0 \u00a0 \u00a0 M\u00cbSO SHQIP! Nx\u00ebn\u00ebs t\u00eb dashur [&hellip;]<\/p>\n","protected":false},"author":1,"featured_media":6315,"comment_status":"closed","ping_status":"closed","sticky":false,"template":"","format":"standard","meta":{"footnotes":""},"categories":[2],"tags":[],"class_list":{"0":"post-6314","1":"post","2":"type-post","3":"status-publish","4":"format-standard","5":"has-post-thumbnail","7":"category-zvicer"},"_links":{"self":[{"href":"https:\/\/syri.tv\/index.php?rest_route=\/wp\/v2\/posts\/6314","targetHints":{"allow":["GET"]}}],"collection":[{"href":"https:\/\/syri.tv\/index.php?rest_route=\/wp\/v2\/posts"}],"about":[{"href":"https:\/\/syri.tv\/index.php?rest_route=\/wp\/v2\/types\/post"}],"author":[{"embeddable":true,"href":"https:\/\/syri.tv\/index.php?rest_route=\/wp\/v2\/users\/1"}],"replies":[{"embeddable":true,"href":"https:\/\/syri.tv\/index.php?rest_route=%2Fwp%2Fv2%2Fcomments&post=6314"}],"version-history":[{"count":1,"href":"https:\/\/syri.tv\/index.php?rest_route=\/wp\/v2\/posts\/6314\/revisions"}],"predecessor-version":[{"id":6316,"href":"https:\/\/syri.tv\/index.php?rest_route=\/wp\/v2\/posts\/6314\/revisions\/6316"}],"wp:featuredmedia":[{"embeddable":true,"href":"https:\/\/syri.tv\/index.php?rest_route=\/wp\/v2\/media\/6315"}],"wp:attachment":[{"href":"https:\/\/syri.tv\/index.php?rest_route=%2Fwp%2Fv2%2Fmedia&parent=6314"}],"wp:term":[{"taxonomy":"category","embeddable":true,"href":"https:\/\/syri.tv\/index.php?rest_route=%2Fwp%2Fv2%2Fcategories&post=6314"},{"taxonomy":"post_tag","embeddable":true,"href":"https:\/\/syri.tv\/index.php?rest_route=%2Fwp%2Fv2%2Ftags&post=6314"}],"curies":[{"name":"wp","href":"https:\/\/api.w.org\/{rel}","templated":true}]}}