{"id":6246,"date":"2024-07-26T20:07:58","date_gmt":"2024-07-26T20:07:58","guid":{"rendered":"https:\/\/syri.tv\/?p=6246"},"modified":"2024-07-26T20:07:58","modified_gmt":"2024-07-26T20:07:58","slug":"ekziston-nje-vullnet-dhe-gatishmeri-per-proteste-gjithe-popullore","status":"publish","type":"post","link":"https:\/\/syri.tv\/?p=6246","title":{"rendered":"Ekziston nj\u00eb vullnet dhe gatishm\u00ebri p\u00ebr protest\u00eb gjith\u00eb popullore"},"content":{"rendered":"<p>Nevzad Halili thot se egziston vullneti p\u00ebr protesta gjith\u00eb popullore kunder diskriminimit t\u00eb Serbis\u00eb ndaj shqiptar\u00ebve :deklaron Nevzad Lutfiu, kryetari i KNSH-s\u00eb n\u00eb konsulta me lider\u00ebt politik\u00eb<br class=\"html-br\" \/><br class=\"html-br\" \/>\u201cP\u00ebr k\u00ebto dy jav\u00eb kam pasur takime me lider\u00ebt politik t\u00eb Lugin\u00ebs p\u00ebr t\u00eb diskutuar p\u00ebr situat\u00ebn e shqiptar\u00ebve n\u00eb Lugin\u00eb t\u00eb Preshev\u00ebs, me theks t\u00eb ve\u00e7ant\u00eb, diskriminim e shtetit t\u00eb Serbis\u00eb ndaj shqiptar\u00ebve.<br class=\"html-br\" \/>Dit\u00ebve n\u00eb vijim do t&#8217;i intensifikoj takimet dhe me disa p\u00ebrfaq\u00ebsues t\u00eb tjer\u00eb.<br class=\"html-br\" \/>Ekziston nj\u00eb vullnet dhe gatishm\u00ebri p\u00ebr protest\u00eb gjith\u00eb popullore, dhe p\u00ebr k\u00ebt\u00eb po punojm\u00eb.<br class=\"html-br\" \/>Ka vite e vite q\u00eb jemi munduar q\u00eb p\u00ebrmes dialogut t&#8217;i fitojm\u00eb t\u00eb drejtat e tona, por asgj\u00eb nuk ka ndryshuar, p\u00ebrkundrazi gj\u00ebrat sa vijn\u00eb e b\u00ebhen edhe m\u00eb keq.\u201d ka deklaruar Nevzad Lutfiu, kryetari i K\u00ebshillit Komb\u00ebtar Shqiptar<\/p>\n","protected":false},"excerpt":{"rendered":"<p>Nevzad Halili thot se egziston vullneti p\u00ebr protesta gjith\u00eb popullore kunder diskriminimit t\u00eb Serbis\u00eb ndaj shqiptar\u00ebve :deklaron Nevzad Lutfiu, kryetari i KNSH-s\u00eb n\u00eb konsulta me lider\u00ebt politik\u00eb\u201cP\u00ebr k\u00ebto dy jav\u00eb kam pasur takime me lider\u00ebt politik t\u00eb Lugin\u00ebs p\u00ebr t\u00eb diskutuar p\u00ebr situat\u00ebn e shqiptar\u00ebve n\u00eb Lugin\u00eb t\u00eb Preshev\u00ebs, me theks t\u00eb ve\u00e7ant\u00eb, diskriminim e [&hellip;]<\/p>\n","protected":false},"author":1,"featured_media":6247,"comment_status":"closed","ping_status":"closed","sticky":false,"template":"","format":"standard","meta":{"footnotes":""},"categories":[9],"tags":[],"class_list":{"0":"post-6246","1":"post","2":"type-post","3":"status-publish","4":"format-standard","5":"has-post-thumbnail","7":"category-vendi"},"_links":{"self":[{"href":"https:\/\/syri.tv\/index.php?rest_route=\/wp\/v2\/posts\/6246","targetHints":{"allow":["GET"]}}],"collection":[{"href":"https:\/\/syri.tv\/index.php?rest_route=\/wp\/v2\/posts"}],"about":[{"href":"https:\/\/syri.tv\/index.php?rest_route=\/wp\/v2\/types\/post"}],"author":[{"embeddable":true,"href":"https:\/\/syri.tv\/index.php?rest_route=\/wp\/v2\/users\/1"}],"replies":[{"embeddable":true,"href":"https:\/\/syri.tv\/index.php?rest_route=%2Fwp%2Fv2%2Fcomments&post=6246"}],"version-history":[{"count":1,"href":"https:\/\/syri.tv\/index.php?rest_route=\/wp\/v2\/posts\/6246\/revisions"}],"predecessor-version":[{"id":6248,"href":"https:\/\/syri.tv\/index.php?rest_route=\/wp\/v2\/posts\/6246\/revisions\/6248"}],"wp:featuredmedia":[{"embeddable":true,"href":"https:\/\/syri.tv\/index.php?rest_route=\/wp\/v2\/media\/6247"}],"wp:attachment":[{"href":"https:\/\/syri.tv\/index.php?rest_route=%2Fwp%2Fv2%2Fmedia&parent=6246"}],"wp:term":[{"taxonomy":"category","embeddable":true,"href":"https:\/\/syri.tv\/index.php?rest_route=%2Fwp%2Fv2%2Fcategories&post=6246"},{"taxonomy":"post_tag","embeddable":true,"href":"https:\/\/syri.tv\/index.php?rest_route=%2Fwp%2Fv2%2Ftags&post=6246"}],"curies":[{"name":"wp","href":"https:\/\/api.w.org\/{rel}","templated":true}]}}