{"id":6178,"date":"2024-07-10T16:44:39","date_gmt":"2024-07-10T16:44:39","guid":{"rendered":"https:\/\/syri.tv\/?p=6178"},"modified":"2024-07-10T16:44:39","modified_gmt":"2024-07-10T16:44:39","slug":"ardita-sinani-falenderon-qeverine-e-republikes-se-kosoves-per-perkrahje-te-lugines-se-presheves","status":"publish","type":"post","link":"https:\/\/syri.tv\/?p=6178","title":{"rendered":"Ardita Sinani falenderon Qeverin\u00eb e Republik\u00ebs s\u00eb Kosov\u00ebs p\u00ebr p\u00ebrkrahje t\u00eb Lugin\u00ebs s\u00eb Preshev\u00ebs"},"content":{"rendered":"<div class=\"xdj266r x11i5rnm xat24cr x1mh8g0r x1vvkbs x126k92a\">\n<div dir=\"auto\">N\u00eb mbledhjen e saj t\u00eb 212-t\u00eb, sot Qeveria e Republik\u00ebs s\u00eb Kosov\u00ebs aprovoi Vendimin p\u00ebr ndarjen e mjeteve p\u00ebr p\u00ebrkrahje t\u00eb Lugin\u00ebs s\u00eb Preshev\u00ebs <span class=\"html-span xexx8yu x4uap5 x18d9i69 xkhd6sd x1hl2dhg x16tdsg8 x1vvkbs x3nfvp2 x1j61x8r x1fcty0u xdj266r xat24cr xgzva0m xhhsvwb xxymvpz xlup9mm x1kky2od\"><img loading=\"lazy\" loading=\"lazy\" decoding=\"async\" class=\"xz74otr\" src=\"https:\/\/static.xx.fbcdn.net\/images\/emoji.php\/v9\/tce\/1\/16\/1f1fd_1f1f0.png\" alt=\"\ud83c\uddfd\ud83c\uddf0\" width=\"16\" height=\"16\" \/><\/span><\/div>\n<\/div>\n<div class=\"x11i5rnm xat24cr x1mh8g0r x1vvkbs xtlvy1s x126k92a\">\n<div dir=\"auto\">Shuma prej 731.916,oo euro do t\u00eb ndahet si m\u00eb posht\u00eb:<\/div>\n<\/div>\n<div class=\"x11i5rnm xat24cr x1mh8g0r x1vvkbs xtlvy1s x126k92a\">\n<div dir=\"auto\">&#8211; 208 student\u00ebve t\u00eb vitit t\u00eb par\u00eb nga 500,oo Euro <span class=\"html-span xexx8yu x4uap5 x18d9i69 xkhd6sd x1hl2dhg x16tdsg8 x1vvkbs x3nfvp2 x1j61x8r x1fcty0u xdj266r xat24cr xgzva0m xhhsvwb xxymvpz xlup9mm x1kky2od\"><img loading=\"lazy\" loading=\"lazy\" decoding=\"async\" class=\"xz74otr\" src=\"https:\/\/static.xx.fbcdn.net\/images\/emoji.php\/v9\/t25\/1\/16\/1f393.png\" alt=\"\ud83c\udf93\" width=\"16\" height=\"16\" \/><\/span><\/div>\n<div dir=\"auto\">&#8211; 291 student\u00ebve me not\u00eb mesatare deri n\u00eb 8,oo nga 600,oo Euro <span class=\"html-span xexx8yu x4uap5 x18d9i69 xkhd6sd x1hl2dhg x16tdsg8 x1vvkbs x3nfvp2 x1j61x8r x1fcty0u xdj266r xat24cr xgzva0m xhhsvwb xxymvpz xlup9mm x1kky2od\"><img loading=\"lazy\" loading=\"lazy\" decoding=\"async\" class=\"xz74otr\" src=\"https:\/\/static.xx.fbcdn.net\/images\/emoji.php\/v9\/t49\/1\/16\/1f4da.png\" alt=\"\ud83d\udcda\" width=\"16\" height=\"16\" \/><\/span><\/div>\n<div dir=\"auto\">&#8211; 158 student\u00ebve me not\u00eb mesatare mbi 8,oo nga 700 Euro <span class=\"html-span xexx8yu x4uap5 x18d9i69 xkhd6sd x1hl2dhg x16tdsg8 x1vvkbs x3nfvp2 x1j61x8r x1fcty0u xdj266r xat24cr xgzva0m xhhsvwb xxymvpz xlup9mm x1kky2od\"><img loading=\"lazy\" loading=\"lazy\" decoding=\"async\" class=\"xz74otr\" src=\"https:\/\/static.xx.fbcdn.net\/images\/emoji.php\/v9\/t3d\/1\/16\/1f3c5.png\" alt=\"\ud83c\udfc5\" width=\"16\" height=\"16\" \/><\/span><\/div>\n<div dir=\"auto\">&#8211; 577 familjeve me nga 3 apo m\u00eb shum\u00eb f\u00ebmij\u00eb n\u00eb procesin edukativo-arsimor, dhe f\u00ebmij\u00ebve pa asnj\u00eb prind ose vet\u00ebm me nj\u00eb prind nga 500,oo euro.<\/div>\n<\/div>\n<div class=\"x11i5rnm xat24cr x1mh8g0r x1vvkbs xtlvy1s x126k92a\">\n<div dir=\"auto\">Ky Vendim i sot\u00ebm \u00ebsht\u00eb d\u00ebshmia e radh\u00ebs e p\u00ebrkushtimit t\u00eb Qeveris\u00eb s\u00eb Republik\u00ebs s\u00eb Kosov\u00ebs p\u00ebr p\u00ebrkrahjen e shqiptar\u00ebve t\u00eb Lugin\u00ebs s\u00eb Preshev\u00ebs.<\/div>\n<\/div>\n<div class=\"x11i5rnm xat24cr x1mh8g0r x1vvkbs xtlvy1s x126k92a\">\n<div dir=\"auto\">E q\u00eb \u00ebsht\u00eb m\u00eb e r\u00ebnd\u00ebsishmja, kjo p\u00ebrkrahje vjen p\u00ebrmes linj\u00ebs s\u00eb rregullt buxhetore t\u00eb Republik\u00ebs s\u00eb Kosov\u00ebs.<\/div>\n<\/div>\n<div class=\"x11i5rnm xat24cr x1mh8g0r x1vvkbs xtlvy1s x126k92a\">\n<div dir=\"auto\">Urime p\u00ebrfituesve t\u00eb k\u00ebtyre mjeteve dhe fal\u00ebnderim p\u00ebr Qeverin\u00eb e Republik\u00ebs s\u00eb Kosov\u00ebs, n\u00eb ve\u00e7anti Kryeministrit, z. Albin Kurti shkruan ne profilin e saj\u00eb n\u00eb FB z. Ardita Sinani.<\/div>\n<\/div>\n","protected":false},"excerpt":{"rendered":"<p>N\u00eb mbledhjen e saj t\u00eb 212-t\u00eb, sot Qeveria e Republik\u00ebs s\u00eb Kosov\u00ebs aprovoi Vendimin p\u00ebr ndarjen e mjeteve p\u00ebr p\u00ebrkrahje t\u00eb Lugin\u00ebs s\u00eb Preshev\u00ebs Shuma prej 731.916,oo euro do t\u00eb ndahet si m\u00eb posht\u00eb: &#8211; 208 student\u00ebve t\u00eb vitit t\u00eb par\u00eb nga 500,oo Euro &#8211; 291 student\u00ebve me not\u00eb mesatare deri n\u00eb 8,oo nga 600,oo [&hellip;]<\/p>\n","protected":false},"author":1,"featured_media":6179,"comment_status":"closed","ping_status":"closed","sticky":false,"template":"","format":"standard","meta":{"footnotes":""},"categories":[9],"tags":[],"class_list":{"0":"post-6178","1":"post","2":"type-post","3":"status-publish","4":"format-standard","5":"has-post-thumbnail","7":"category-vendi"},"_links":{"self":[{"href":"https:\/\/syri.tv\/index.php?rest_route=\/wp\/v2\/posts\/6178","targetHints":{"allow":["GET"]}}],"collection":[{"href":"https:\/\/syri.tv\/index.php?rest_route=\/wp\/v2\/posts"}],"about":[{"href":"https:\/\/syri.tv\/index.php?rest_route=\/wp\/v2\/types\/post"}],"author":[{"embeddable":true,"href":"https:\/\/syri.tv\/index.php?rest_route=\/wp\/v2\/users\/1"}],"replies":[{"embeddable":true,"href":"https:\/\/syri.tv\/index.php?rest_route=%2Fwp%2Fv2%2Fcomments&post=6178"}],"version-history":[{"count":1,"href":"https:\/\/syri.tv\/index.php?rest_route=\/wp\/v2\/posts\/6178\/revisions"}],"predecessor-version":[{"id":6180,"href":"https:\/\/syri.tv\/index.php?rest_route=\/wp\/v2\/posts\/6178\/revisions\/6180"}],"wp:featuredmedia":[{"embeddable":true,"href":"https:\/\/syri.tv\/index.php?rest_route=\/wp\/v2\/media\/6179"}],"wp:attachment":[{"href":"https:\/\/syri.tv\/index.php?rest_route=%2Fwp%2Fv2%2Fmedia&parent=6178"}],"wp:term":[{"taxonomy":"category","embeddable":true,"href":"https:\/\/syri.tv\/index.php?rest_route=%2Fwp%2Fv2%2Fcategories&post=6178"},{"taxonomy":"post_tag","embeddable":true,"href":"https:\/\/syri.tv\/index.php?rest_route=%2Fwp%2Fv2%2Ftags&post=6178"}],"curies":[{"name":"wp","href":"https:\/\/api.w.org\/{rel}","templated":true}]}}