{"id":6159,"date":"2024-07-08T10:51:25","date_gmt":"2024-07-08T10:51:25","guid":{"rendered":"https:\/\/syri.tv\/?p=6159"},"modified":"2024-07-08T10:51:25","modified_gmt":"2024-07-08T10:51:25","slug":"kombi-yne-kujdes-nga-serbet-posaqerisht-udheheqesit-shqiptar","status":"publish","type":"post","link":"https:\/\/syri.tv\/?p=6159","title":{"rendered":"KOMBI YNE KUJDES NGA SERBET POSAQERISHT UDHEHEQESIT SHQIPTAR!?"},"content":{"rendered":"<p>\u015aiptari i Islam &#8211; SHQIPTAR\u00cbT DHE ISLAMI<\/p>\n<p>*Miroljub Jevti\u00e7i \u00ebsht\u00eb profesor doktor i politik\u00ebs dhe sociologjis\u00eb n\u00eb Universitetin e Beogradit, \u00ebsht\u00eb shum\u00eb i njohur n\u00eb Serbi dhe nd\u00ebr shqiptar\u00ebt n\u00eb ish Jugosllavi.<\/p>\n<p>Prof Dr Miroljub Jevti\u00e7i ekspert i mentalitetit shqiptar\u00eb. Miroljub Jevti\u00e7i e njeh shum\u00eb mir\u00eb mentalitetin e shqiptar\u00ebve, sepse ka lindur n\u00eb Vranje m\u00eb 1955, Vranje ndodhet vet\u00ebm 17 kiometra nga Bujanovci, ai ka shkruar nj\u00eb lib\u00ebr ISLAMI DHE SHQIPTAR\u00cbT.<\/p>\n<p>Ne faqen 150 te librit t\u00eb tij &#171;\u015aiptari i Islam\u201c<\/p>\n<p>Shkruan:<\/p>\n<p>&#171;Lider\u00ebt shqiptar\u00eb e urrejn\u00eb popullin e tyre dhe \u00e7do gj\u00eb shpirt\u00ebrore si\u00e7 \u00ebsht\u00eb feja Islame, ve\u00e7 q\u00eb t\u00eb duken sa m\u00eb evropian.<\/p>\n<p>Lider\u00ebt kosovar\u00eb jan\u00eb barinj me rroba evropiane, t\u00eb cil\u00ebt termin ateiz\u00ebm e m\u00ebsuan nga Serbia.<\/p>\n<p>T\u00eb ashquajturit lider t\u00eb shqiptar\u00ebve p\u00ebrshkak t\u00eb kompleksit evropian e urrejn\u00eb popullin e vet dhe \u00e7do gj\u00eb shpirt\u00ebrore si\u00e7 \u00ebsht\u00eb Islami tek ta, prandaj ne jemi fitues kur kjo ndodh\u00eb, ngase \u00e7do her\u00eb kur populli shqiptar\u00eb pret di\u00e7ka m\u00eb shum\u00eb nga lider\u00ebt e tyre, at\u00ebher\u00eb zhg\u00ebnjehen nga ta sepse t\u00eb gjith\u00eb jan\u00eb pa moral dhe jan\u00eb pjell\u00eb e ateizmit q\u00eb arrita personalisht t\u00eb ua imponoj n\u00eb literatur\u00ebn e tyre, dhe krenohem me k\u00ebt\u00eb gj\u00eb ngase jan\u00eb patriot, q\u00eb si term e m\u00ebsuan k\u00ebta \u00e7oban nga ne serb\u00ebt.<\/p>\n<p>Ne arrit\u00ebm deri n\u00eb at\u00eb shkall\u00eb saq\u00eb lider\u00ebt laik shqiptar\u00eb t\u00eb krenohen me ortodoksizmin ton\u00eb apo kryqin katolik n\u00eb Kosov\u00eb, n\u00eb koh\u00ebn kur atje ortodoksia dhe katolicizmi jan\u00eb pakic\u00eb ( MANJINA).<\/p>\n<p>\u00c7do gj\u00eb autoktone shqiptare q\u00eb i ruajti si shumic\u00eb shqiptar\u00ebt nga sllavizmi ishte Islami.<\/p>\n<p>Dhe shum\u00eb shpejt duke mos e v\u00ebrejtur shqiptar\u00ebt, do t\u00eb han\u00eb si ne, pin\u00eb si ne, flen dhe arg\u00ebtohen si ne dhe mbrenda njezet vitesh Serbia do ta ket\u00eb k\u00ebt\u00eb krahin\u00eb pjes\u00eb t\u00eb saj\u00ebn duke llogaritur edhe Shqip\u00ebrin\u00eb.\u201c<\/p>\n<p>*keni kujdes nga keto doktrina perqarese!<\/p>\n<p>https:\/\/www.facebook.com\/share\/p\/ZXVLEqgsY7iQTZnx\/<\/p>\n<p>&nbsp;<\/p>\n","protected":false},"excerpt":{"rendered":"<p>\u015aiptari i Islam &#8211; SHQIPTAR\u00cbT DHE ISLAMI *Miroljub Jevti\u00e7i \u00ebsht\u00eb profesor doktor i politik\u00ebs dhe sociologjis\u00eb n\u00eb Universitetin e Beogradit, \u00ebsht\u00eb shum\u00eb i njohur n\u00eb Serbi dhe nd\u00ebr shqiptar\u00ebt n\u00eb ish Jugosllavi. Prof Dr Miroljub Jevti\u00e7i ekspert i mentalitetit shqiptar\u00eb. Miroljub Jevti\u00e7i e njeh shum\u00eb mir\u00eb mentalitetin e shqiptar\u00ebve, sepse ka lindur n\u00eb Vranje m\u00eb [&hellip;]<\/p>\n","protected":false},"author":1,"featured_media":6160,"comment_status":"closed","ping_status":"closed","sticky":false,"template":"","format":"standard","meta":{"footnotes":""},"categories":[9],"tags":[],"class_list":{"0":"post-6159","1":"post","2":"type-post","3":"status-publish","4":"format-standard","5":"has-post-thumbnail","7":"category-vendi"},"_links":{"self":[{"href":"https:\/\/syri.tv\/index.php?rest_route=\/wp\/v2\/posts\/6159","targetHints":{"allow":["GET"]}}],"collection":[{"href":"https:\/\/syri.tv\/index.php?rest_route=\/wp\/v2\/posts"}],"about":[{"href":"https:\/\/syri.tv\/index.php?rest_route=\/wp\/v2\/types\/post"}],"author":[{"embeddable":true,"href":"https:\/\/syri.tv\/index.php?rest_route=\/wp\/v2\/users\/1"}],"replies":[{"embeddable":true,"href":"https:\/\/syri.tv\/index.php?rest_route=%2Fwp%2Fv2%2Fcomments&post=6159"}],"version-history":[{"count":1,"href":"https:\/\/syri.tv\/index.php?rest_route=\/wp\/v2\/posts\/6159\/revisions"}],"predecessor-version":[{"id":6161,"href":"https:\/\/syri.tv\/index.php?rest_route=\/wp\/v2\/posts\/6159\/revisions\/6161"}],"wp:featuredmedia":[{"embeddable":true,"href":"https:\/\/syri.tv\/index.php?rest_route=\/wp\/v2\/media\/6160"}],"wp:attachment":[{"href":"https:\/\/syri.tv\/index.php?rest_route=%2Fwp%2Fv2%2Fmedia&parent=6159"}],"wp:term":[{"taxonomy":"category","embeddable":true,"href":"https:\/\/syri.tv\/index.php?rest_route=%2Fwp%2Fv2%2Fcategories&post=6159"},{"taxonomy":"post_tag","embeddable":true,"href":"https:\/\/syri.tv\/index.php?rest_route=%2Fwp%2Fv2%2Ftags&post=6159"}],"curies":[{"name":"wp","href":"https:\/\/api.w.org\/{rel}","templated":true}]}}