{"id":6149,"date":"2024-07-02T09:16:52","date_gmt":"2024-07-02T09:16:52","guid":{"rendered":"https:\/\/syri.tv\/?p=6149"},"modified":"2024-07-02T09:16:52","modified_gmt":"2024-07-02T09:16:52","slug":"ismail-kadare-flet-per-shqiptaret-ne-presheve-ka-nje-porosi-per-tiranen-dhe-prishtinen-intervista-e-fundit-me-ismajl-kadarene","status":"publish","type":"post","link":"https:\/\/syri.tv\/?p=6149","title":{"rendered":"Ismail Kadare flet p\u00ebr shqiptar\u00ebt n\u00eb Preshev\u00eb, ka nj\u00eb porosi p\u00ebr Tiran\u00ebn dhe Prishtin\u00ebn- Intervista e fundit me Ismajl Kadaren\u00eb"},"content":{"rendered":"<p><em>Shkrimtari yne i madh me renome bot\u00ebrore, Ismail Kadare ne bisede me gazetari nga\u00a0 Gjeneva Nefail Maliqin kryredaktor i gazet\u00ebs zvicerane Le Canton27.ch\u00a0<\/em><\/p>\n<p>Shkrimtari i njohur shqiptar me renome bot\u00ebrore, Ismail Kadare, s\u00eb fundmi mori pjes\u00eb n\u00eb edicionin e 23-t\u00eb t\u00eb Panairit t\u00eb Librit n\u00eb Prishtin\u00eb. P\u00ebrve\u00e7 Kadares\u00eb, n\u00eb ceremonin\u00eb e hapjes s\u00eb Panarit t\u00eb Librit kan\u00eb marr\u00eb pjes\u00eb edhe kryeministri i Kosov\u00ebs, Albin Kurti, kryeparlamentari Glauk Konjufca, si dhe kryetari i Prishtin\u00ebs, P\u00ebrparim Rama, t\u00eb cil\u00ebt mbajt\u00ebn edhe nga nj\u00eb fjal\u00eb rasti.<\/p>\n<p>Shkrimtari yn\u00eb i madh i letrave shqipe, Ismail Kadare, n\u00eb fjal\u00ebn e tij ftoi p\u00ebr unitet lider\u00ebt shqiptar\u00eb n\u00eb Kosov\u00eb dhe Ballkan, n\u00eb k\u00ebto momente kur e t\u00ebr\u00eb bota i ka syt\u00eb kah Kosova!<\/p>\n<p>Kryeministri Albin Kurti ka pritur n\u00eb takim shkrimtarin e madh shqiptar me renome nd\u00ebrkomb\u00ebtare, Ismail Kadaren. N\u00eb komunikat\u00ebn p\u00ebr media b\u00ebhet e ditur se Kurti dhe Kadare kan\u00eb diskutuar p\u00ebr let\u00ebrsin\u00eb, historin\u00eb dhe kultur\u00ebn e popullit shqiptar.<\/p>\n<p>Pas kryeministrit Kurti dhe ministrit t\u00eb Kultur\u00ebs, Hajrullah Cekut, Kadare, i shoq\u00ebruar nga bashk\u00ebshortja dhe kolegia e tij (shkrimtare), Elena Kadare, ka takuar edhe redaktorin e gazet\u00ebs zvicerane n\u00eb shqip, Le Canton27.ch, Nefail Maliqi, me t\u00eb cilin kan\u00eb biseduar p\u00ebr librat, lexuesit shqiptar\u00eb dhe situat\u00ebn aktuale n\u00eb Kosov\u00eb, p\u00ebr shqiptar\u00ebt t\u00eb l\u00ebn\u00eb pas dore n\u00eb Serbi (Lugin\u00ebn e Preshev\u00ebs) dhe diaspor\u00ebn shqiptare.<\/p>\n<p><strong>Kadare: T\u00eb mos preken kufijt\u00eb e Kosov\u00ebs!<\/strong><\/p>\n<p>Shkrimtari i njohur Ismail Kadare \u00ebsht\u00eb shprehur kund\u00ebr rishikimit t\u00eb kufijve mes Kosov\u00ebs dhe Serbis\u00eb. Ai ka rip\u00ebrs\u00ebritur p\u00ebr gazet\u00ebn zvicerane n\u00eb shqip, Le Canton27.ch, se \u201cnj\u00eb l\u00ebvizje e till\u00eb do t\u00eb cenonte stabilitetin n\u00eb Ballkan\u201d.<\/p>\n<p>Duke komentuar situat\u00ebn n\u00eb Kosov\u00eb dhe Lugin\u00ebn e Preshev\u00ebs, Kadare tha se Tirana dhe Prishtina nuk duhet vet\u00ebm t\u00eb shqet\u00ebsohen, por t\u00eb veprojn\u00eb m\u00eb shum\u00eb p\u00ebr shqiptar\u00ebt e diskriminuar n\u00eb at\u00eb pjes\u00eb.<\/p>\n<p>\u201cSituata n\u00eb Lugin\u00ebn e Preshev\u00ebs \u00ebsht\u00eb shum\u00eb e v\u00ebshtir\u00eb, ku popullata e asaj zone, shqiptar\u00ebt n\u00eb trojet e tyre etnike, n\u00eb k\u00ebt\u00eb shekull ballafaqohen me diskriminimin e t\u00eb drejtave t\u00eb tyre elementare, si dikur, para vitit 1999 n\u00eb Kosov\u00eb. Prandaj, perspektiva e Lugin\u00ebs s\u00eb Preshev\u00ebs, sikurse viset e tjera t\u00eb Ballkanit, duhet t\u00eb jet\u00eb drejt Evrop\u00ebs, gj\u00eb kjo e cila mund t\u00eb b\u00ebhet me nj\u00eb angazhim m\u00eb t\u00eb madh t\u00eb p\u00ebrfaq\u00ebsuesve t\u00eb Lugin\u00ebs n\u00eb bashk\u00ebpunim me faktorin nd\u00ebrkomb\u00ebtar. N\u00eb k\u00ebt\u00eb drejtim, Tirana dhe Prishtina duhet jo vet\u00ebm t\u00eb shqet\u00ebsohen, por edhe t\u00eb veprojn\u00eb m\u00eb shum\u00eb p\u00ebr shqiptar\u00ebt e diskriminuar n\u00eb Lugin\u00ebn e Preshev\u00ebs, sepse p\u00ebr t\u00eb drejt\u00eb, kjo pjes\u00eb e popullsis\u00eb son\u00eb \u00ebsht\u00eb m\u00eb e diskriminuar sot n\u00eb Ballkan dhe Evrop\u00eb\u201d, ka theksuar Kadare.<\/p>\n<p>Kadare tha dy shtetet tona t\u00eb kujdesen po ashtu edhe p\u00ebr diaspor\u00ebn shqiptare, q\u00eb po mban \u201cgjall\u00eb\u201d atdhun.<\/p>\n<p>\u201cNuk mjafton t\u00eb luftohet asimilimi i t\u00eb rinjve tan\u00eb n\u00ebp\u00ebrmjet deklaratave, n\u00ebse nuk veprojm\u00eb n\u00eb rregull. K\u00ebtu e kam fjal\u00ebn q\u00eb qeverit\u00eb tona t\u00eb d\u00ebrgojn\u00eb sa m\u00eb shum\u00eb literatur\u00eb, libra n\u00eb shqip, sidomos Abetare dhe libra t\u00eb tjer\u00eb mbi kultur\u00ebn, tradit\u00ebn dhe historin\u00eb ton\u00eb t\u00eb lavdishme\u201d, ka th\u00ebn\u00eb Kadare.<\/p>\n","protected":false},"excerpt":{"rendered":"<p>Shkrimtari yne i madh me renome bot\u00ebrore, Ismail Kadare ne bisede me gazetari nga\u00a0 Gjeneva Nefail Maliqin kryredaktor i gazet\u00ebs zvicerane Le Canton27.ch\u00a0 Shkrimtari i njohur shqiptar me renome bot\u00ebrore, Ismail Kadare, s\u00eb fundmi mori pjes\u00eb n\u00eb edicionin e 23-t\u00eb t\u00eb Panairit t\u00eb Librit n\u00eb Prishtin\u00eb. P\u00ebrve\u00e7 Kadares\u00eb, n\u00eb ceremonin\u00eb e hapjes s\u00eb Panarit t\u00eb [&hellip;]<\/p>\n","protected":false},"author":1,"featured_media":6150,"comment_status":"closed","ping_status":"closed","sticky":false,"template":"","format":"standard","meta":{"footnotes":""},"categories":[108],"tags":[],"class_list":{"0":"post-6149","1":"post","2":"type-post","3":"status-publish","4":"format-standard","5":"has-post-thumbnail","7":"category-kulture-2"},"_links":{"self":[{"href":"https:\/\/syri.tv\/index.php?rest_route=\/wp\/v2\/posts\/6149","targetHints":{"allow":["GET"]}}],"collection":[{"href":"https:\/\/syri.tv\/index.php?rest_route=\/wp\/v2\/posts"}],"about":[{"href":"https:\/\/syri.tv\/index.php?rest_route=\/wp\/v2\/types\/post"}],"author":[{"embeddable":true,"href":"https:\/\/syri.tv\/index.php?rest_route=\/wp\/v2\/users\/1"}],"replies":[{"embeddable":true,"href":"https:\/\/syri.tv\/index.php?rest_route=%2Fwp%2Fv2%2Fcomments&post=6149"}],"version-history":[{"count":1,"href":"https:\/\/syri.tv\/index.php?rest_route=\/wp\/v2\/posts\/6149\/revisions"}],"predecessor-version":[{"id":6151,"href":"https:\/\/syri.tv\/index.php?rest_route=\/wp\/v2\/posts\/6149\/revisions\/6151"}],"wp:featuredmedia":[{"embeddable":true,"href":"https:\/\/syri.tv\/index.php?rest_route=\/wp\/v2\/media\/6150"}],"wp:attachment":[{"href":"https:\/\/syri.tv\/index.php?rest_route=%2Fwp%2Fv2%2Fmedia&parent=6149"}],"wp:term":[{"taxonomy":"category","embeddable":true,"href":"https:\/\/syri.tv\/index.php?rest_route=%2Fwp%2Fv2%2Fcategories&post=6149"},{"taxonomy":"post_tag","embeddable":true,"href":"https:\/\/syri.tv\/index.php?rest_route=%2Fwp%2Fv2%2Ftags&post=6149"}],"curies":[{"name":"wp","href":"https:\/\/api.w.org\/{rel}","templated":true}]}}