{"id":6141,"date":"2024-07-01T16:35:43","date_gmt":"2024-07-01T16:35:43","guid":{"rendered":"https:\/\/syri.tv\/?p=6141"},"modified":"2024-07-01T16:35:43","modified_gmt":"2024-07-01T16:35:43","slug":"ka-nderruar-jete-shkrimtari-shqiptar-me-i-njohur-ne-70-vitet-e-fundit-ismail-kadare","status":"publish","type":"post","link":"https:\/\/syri.tv\/?p=6141","title":{"rendered":"Ka nd\u00ebrruar jet\u00eb shkrimtari shqiptar m\u00eb i njohur n\u00eb 70 vitet e fundit, Ismail Kadare!"},"content":{"rendered":"<div class=\"xdj266r x11i5rnm xat24cr x1mh8g0r x1vvkbs x126k92a\">\n<div dir=\"auto\">Ishte shkrimtar shum\u00eb i madh! Stilist i p\u00ebrsosur! Gdhend\u00ebs i fjal\u00ebs dhe i mendimit! Nuk jam pajtuar me inteferimet e tij t\u00eb politik\u00ebs e sidomos t\u00eb politik\u00ebs ditore. Nuk e kam takuar asnj\u00ebher\u00eb. Megjithat\u00eb disa miq t\u00eb mi m\u00eb quanin fans t\u00eb tij. Por nuk e di gjithashtu, n\u00ebse isha ose jo v\u00ebrtet fans i tij. Megjithat\u00eb mbetem fans i veprave t\u00eb tij m\u00eb t\u00eb shumta. Por kjo nuk e zhvleft\u00ebson aspak figur\u00ebn e tij t\u00eb ndritshme.<\/div>\n<\/div>\n<div class=\"x11i5rnm xat24cr x1mh8g0r x1vvkbs xtlvy1s x126k92a\">\n<div dir=\"auto\">Pas Sk\u00ebnderbeut, N\u00ebn\u00eb Terez\u00ebs dhe Ibrahim Rugov\u00ebs, ishte Kadareja q\u00eb m\u00eb b\u00ebnte krenar kur isha emigrant politik n\u00eb Gjermani. Nj\u00ebher\u00eb shkova n\u00eb librarin\u00eb m\u00eb t\u00eb madhe t\u00eb qytetit t\u00eb Goettingenit dhe libarari kur mori vesh se jam shqiptar, m\u00eb mori e m\u00eb \u00e7oi te k\u00ebndi i librave t\u00eb Kadares\u00eb t\u00eb botuara gjermanisht. U mrekullova edhe p\u00ebr faktin se k\u00ebrkoja n\u00eb bibliotekat universitare e shtet\u00ebrore ndonj\u00eb autor shqiptar e nuk munda t\u00eb gjej asnj\u00eb prej tyre. Kadareja na prezantonte me setin e krijimeve t\u00eb tij n\u00eb librarin\u00eb e atij qyteti e t\u00eb shum\u00eb qyteteve t\u00eb tjera, i p\u00ebrkthyer gjermanisht.<\/div>\n<\/div>\n<div class=\"x11i5rnm xat24cr x1mh8g0r x1vvkbs xtlvy1s x126k92a\">\n<div dir=\"auto\">Vepra e tij \u00ebsht\u00eb p\u00ebrkthyer n\u00eb 45 gjuh\u00eb t\u00eb huaja t\u00eb bot\u00ebs dhe gjendet n\u00eb 27 mij\u00eb biblioteka t\u00eb shteteve dhe universiteteve t\u00eb globit! Mjafton kjo arritje q\u00eb ai t\u00eb konsiderohet nj\u00eb gjeni!<\/div>\n<\/div>\n<div class=\"x11i5rnm xat24cr x1mh8g0r x1vvkbs xtlvy1s x126k92a\">\n<div dir=\"auto\">I p\u00ebrjetsh\u00ebm qoft\u00eb emri dhe kujtimi p\u00ebr t\u00eb!<\/div>\n<\/div>\n<div class=\"x11i5rnm xat24cr x1mh8g0r x1vvkbs xtlvy1s x126k92a\">\n<div dir=\"auto\">U preht\u00eb n\u00eb paqe dhe i parajs\u00ebs qoft\u00eb!<\/div>\n<\/div>\n","protected":false},"excerpt":{"rendered":"<p>Ishte shkrimtar shum\u00eb i madh! Stilist i p\u00ebrsosur! Gdhend\u00ebs i fjal\u00ebs dhe i mendimit! Nuk jam pajtuar me inteferimet e tij t\u00eb politik\u00ebs e sidomos t\u00eb politik\u00ebs ditore. Nuk e kam takuar asnj\u00ebher\u00eb. Megjithat\u00eb disa miq t\u00eb mi m\u00eb quanin fans t\u00eb tij. Por nuk e di gjithashtu, n\u00ebse isha ose jo v\u00ebrtet fans i [&hellip;]<\/p>\n","protected":false},"author":1,"featured_media":6142,"comment_status":"closed","ping_status":"closed","sticky":false,"template":"","format":"standard","meta":{"footnotes":""},"categories":[9],"tags":[],"class_list":{"0":"post-6141","1":"post","2":"type-post","3":"status-publish","4":"format-standard","5":"has-post-thumbnail","7":"category-vendi"},"_links":{"self":[{"href":"https:\/\/syri.tv\/index.php?rest_route=\/wp\/v2\/posts\/6141","targetHints":{"allow":["GET"]}}],"collection":[{"href":"https:\/\/syri.tv\/index.php?rest_route=\/wp\/v2\/posts"}],"about":[{"href":"https:\/\/syri.tv\/index.php?rest_route=\/wp\/v2\/types\/post"}],"author":[{"embeddable":true,"href":"https:\/\/syri.tv\/index.php?rest_route=\/wp\/v2\/users\/1"}],"replies":[{"embeddable":true,"href":"https:\/\/syri.tv\/index.php?rest_route=%2Fwp%2Fv2%2Fcomments&post=6141"}],"version-history":[{"count":1,"href":"https:\/\/syri.tv\/index.php?rest_route=\/wp\/v2\/posts\/6141\/revisions"}],"predecessor-version":[{"id":6143,"href":"https:\/\/syri.tv\/index.php?rest_route=\/wp\/v2\/posts\/6141\/revisions\/6143"}],"wp:featuredmedia":[{"embeddable":true,"href":"https:\/\/syri.tv\/index.php?rest_route=\/wp\/v2\/media\/6142"}],"wp:attachment":[{"href":"https:\/\/syri.tv\/index.php?rest_route=%2Fwp%2Fv2%2Fmedia&parent=6141"}],"wp:term":[{"taxonomy":"category","embeddable":true,"href":"https:\/\/syri.tv\/index.php?rest_route=%2Fwp%2Fv2%2Fcategories&post=6141"},{"taxonomy":"post_tag","embeddable":true,"href":"https:\/\/syri.tv\/index.php?rest_route=%2Fwp%2Fv2%2Ftags&post=6141"}],"curies":[{"name":"wp","href":"https:\/\/api.w.org\/{rel}","templated":true}]}}