{"id":6078,"date":"2024-06-19T11:29:04","date_gmt":"2024-06-19T11:29:04","guid":{"rendered":"https:\/\/syri.tv\/?p=6078"},"modified":"2024-06-19T11:29:04","modified_gmt":"2024-06-19T11:29:04","slug":"jubileu-qe-nuk-i-beri-bashke-dy-kryeministrat-albin-kurtin-dhe-edi-ramen","status":"publish","type":"post","link":"https:\/\/syri.tv\/?p=6078","title":{"rendered":"JUBILEU Q\u00cb NUK I B\u00cbRI BASHK\u00cb DY KRYEMINISTRAT ALBIN KURTIN DHE EDI RAM\u00cbN"},"content":{"rendered":"<p><img loading=\"lazy\" loading=\"lazy\" decoding=\"async\" class=\"alignnone  wp-image-5997\" src=\"https:\/\/syri.tv\/wp-content\/uploads\/2024\/06\/WhatsApp-Image-2024-06-01-at-20.30.01-1024x768.jpeg\" alt=\"\" width=\"235\" height=\"176\" srcset=\"https:\/\/syri.tv\/wp-content\/uploads\/2024\/06\/WhatsApp-Image-2024-06-01-at-20.30.01-1024x768.jpeg 1024w, https:\/\/syri.tv\/wp-content\/uploads\/2024\/06\/WhatsApp-Image-2024-06-01-at-20.30.01-300x225.jpeg 300w, https:\/\/syri.tv\/wp-content\/uploads\/2024\/06\/WhatsApp-Image-2024-06-01-at-20.30.01-768x576.jpeg 768w, https:\/\/syri.tv\/wp-content\/uploads\/2024\/06\/WhatsApp-Image-2024-06-01-at-20.30.01-1536x1152.jpeg 1536w, https:\/\/syri.tv\/wp-content\/uploads\/2024\/06\/WhatsApp-Image-2024-06-01-at-20.30.01-860x645.jpeg 860w, https:\/\/syri.tv\/wp-content\/uploads\/2024\/06\/WhatsApp-Image-2024-06-01-at-20.30.01.jpeg 1824w\" sizes=\"auto, (max-width: 235px) 100vw, 235px\" \/><\/p>\n<p>Bashkim Aliu<\/p>\n<p>P\u00ebrvjetori i 25-t\u00eb i \u00e7lirimit t\u00eb Kosov\u00ebs, pa dyshim ishte nj\u00eb nga ngjarjet m\u00eb t\u00eb r\u00ebnd\u00ebsishme q\u00eb e sh\u00ebnuan mesin e Qershorit, dhe q\u00eb u sh\u00ebnuan me nj\u00eb varg aktivitetesh dhe ceremonish\u00eb, si n\u00eb nivel qeveritar, ashtu edhe n\u00eb nivele t\u00eb tjera. N\u00eb mesin e ngjarjeve t\u00eb r\u00ebnd\u00ebsishme p\u00ebr k\u00ebt\u00eb jubile t\u00eb 25-t\u00eb t\u00eb \u00e7lirimit t\u00eb Kosov\u00ebs, ishte edhe ardhja e kryeministrit t\u00eb Shqip\u00ebris\u00eb, Edi Rama n\u00eb Kosov\u00eb, i cili mori pjes\u00eb n\u00eb nj\u00eb konferenc\u00eb kushtuar personalitetit dhe veprimtaris\u00eb s\u00eb ish presidentit t\u00eb Kosov\u00ebs, Ibrahim Rugova e q\u00eb u titullua: \u201cIbrahim Rugova dhe Per\u00ebndimi\u201d. Kjo ra n\u00eb sy n\u00eb ve\u00e7anti, pasi m\u00eb par\u00eb nuk kishte qen\u00eb tradit\u00eb p\u00ebr kryeministrin e Shqip\u00ebris\u00eb q\u00eb ta lavd\u00ebroj kaq shum\u00eb figur\u00ebn dhe veprimtarin\u00eb e Ibrahim Rugov\u00ebs, sa q\u00eb arriti deri atje q\u00eb t\u00eb thot\u00eb se sikur mos t\u00eb kishte qen\u00eb Ibrahim Rugova, nuk do t\u00eb ishte edhe U\u00c7K-ja. Bile, n\u00eb fjalimin e tij t\u00eb par\u00eb n\u00eb parlamentin e Kosov\u00ebs si kryeminist\u00ebr i Shqip\u00ebris\u00eb, Edi Rama e kishte neglizhuar\u00a0 krejt\u00ebsisht Ibrahim Rugov\u00ebn, gj\u00eb q\u00eb kishte shkaktuar pezmin e deputet\u00ebve t\u00eb LDK-s\u00eb, t\u00eb cil\u00ebt n\u00eb shenj\u00eb revolte e kishin l\u00ebshuar seanc\u00ebn e parlamentit. Po ashtu, as q\u00eb kishte qen\u00eb tradit\u00eb e Lidhjes Demokratike t\u00eb Kosov\u00ebs q\u00eb ta thirr n\u00eb eventet e saj apo t\u00eb mbaj\u00eb raporte t\u00eb af\u00ebrta me Edi Ram\u00ebn dhe politikan\u00ebt e spektrit t\u00eb majt\u00eb. P\u00ebr at\u00eb, nuk don shum\u00eb analiz\u00eb p\u00ebr t\u00eb kuptuar se prezenca e Ram\u00ebs n\u00eb konferenc\u00ebn kushtuar Ibrahim Rugov\u00ebs dhe Per\u00ebndimit, n\u00eb fakt, e thumbon at\u00eb q\u00eb profilizohet si figur\u00eb politike i cili, jo vet\u00ebm q\u00eb e largoi Kosov\u00ebn nga Per\u00ebndimi dhe e p\u00ebrplasi me nd\u00ebrkomb\u00ebtar\u00ebt, por edhe e vuri p\u00ebr her\u00eb t\u00eb par\u00eb pas \u00e7lirimit nga pushtimi serb, n\u00ebn masa, apo me fjal\u00eb t\u00eb tjera n\u00ebn sanksione nga Per\u00ebndimi, gjegj\u00ebsisht kryeministrin e Kosov\u00ebs. \u00cbsht\u00eb m\u00eb se e qart\u00eb se mesazhet e koduara t\u00eb Ram\u00ebs nga konferenca nd\u00ebrkomb\u00ebtare \u201cIbrahim Rugova dhe Per\u00ebndimi\u201d ishin t\u00eb drejtuara n\u00eb adres\u00eb t\u00eb kryeministrit t\u00eb Kosov\u00ebs, n\u00eb terrenin e vet. Duke e lavd\u00ebruar Rugov\u00ebn, ai e goditi Kurtin.<\/p>\n<p>Edi Rama erdhi n Kosov\u00eb p\u00ebr p\u00ebrvjetorin e 25-t\u00eb t\u00eb \u00e7lirimit t\u00eb Kosov\u00ebs, ngjarje kjo e cila i b\u00ebri bashk\u00eb disa shtete p\u00ebr ta ndaluar terrorin e pushtetit\u00a0 t\u00eb Millosheviqit mbi shqiptar\u00ebt e Kosov\u00ebs duke e bombarduar \u00a0Serbin\u00eb, ngjarje dhe dit\u00eb me simbolik\u00eb t\u00eb fort\u00eb, por ja q\u00eb nuk arriti ta b\u00ebj\u00eb bashk\u00eb kryeministrin e Kosov\u00ebs me kryeministrin e Shqip\u00ebris\u00eb. Th\u00ebn\u00eb shkurt, \u00e7lirimi i Kosov\u00ebs nga dhuna dhe terrori shtet\u00ebror serb e b\u00ebri bashk\u00eb bot\u00ebn, por sh\u00ebnimi i k\u00ebsaj dite n\u00eb p\u00ebrvjetorin e 25-t\u00eb t\u00eb saj, nuk arriti t\u2019i b\u00ebj\u00eb bashk\u00eb dy kryeministrat shqiptar\u00eb: Rama dhe Kurti. K\u00ebta dy kryeministra, edhe nj\u00eb \u00e7erek shekulli pas \u00e7lirimit t\u00eb Kosov\u00ebs nuk arrit\u00ebn t\u2019i l\u00ebn\u00eb anash mospajtimet dhe t\u00eb dalin s\u00eb bashku n\u00eb k\u00ebt\u00eb dit\u00eb t\u00eb sh\u00ebnuar p\u00ebr Kosov\u00ebn q\u00eb t\u00eb p\u00ebr\u00e7ojn\u00eb mesazh t\u00eb fort\u00eb uniteti p\u00ebr shqiptar\u00ebt gjithandej n\u00eb bot\u00eb, por e betonuan mospajtimin e tyre duke i d\u00ebrguar nj\u00ebri-tjetrit mesazhe ndasish\u00eb q\u00eb vazhdojn\u00eb t\u00eb thellohen mes tyre. Bile, edhe p\u00ebrtej k\u00ebsaj, agjenda e kryeministrit Rama n\u00eb vizit\u00ebn e tij n\u00eb Kosov\u00eb, m\u00eb tep\u00ebr t\u00eb krijon p\u00ebrshtypjen se Kosova dhe p\u00ebrvjetori i 25-t\u00eb i \u00e7lirimit, u p\u00ebrcaktuan mejdan ku do t\u2019i matin forcat e ndikimit dhe do t\u00eb tregojn\u00eb se kush \u00ebsht\u00eb m\u00eb i madhi i shqiptar\u00ebve. Rama nuk pranoi t\u00eb jet\u00eb thjesht\u00eb si i ftuar, por me mesazhet e d\u00ebrguara n\u00eb adres\u00eb t\u00eb Kurtit dhe me takimet q\u00eb i realizoi me pal\u00eb t\u00eb ndryshme, u imponua si protagonist q\u00eb e udh\u00ebheq agjend\u00ebn. Nga ana tjet\u00ebr, kryeministri i Kosov\u00ebs vazhdoi me agjend\u00ebn e tij ku nuk kishte pasur vend p\u00ebr takim me Ram\u00ebn, dhe e nxorri z\u00ebdh\u00ebn\u00ebsin e tij t\u00eb prononcohet p\u00ebr mediumet n\u00eb m\u00ebnyr\u00eb ironike se kryeministri Rama ndoshta ka shkuar t\u00eb takohet me ata q\u00eb ka nevoj\u00eb t\u2019i forcoj\u00eb marr\u00ebdh\u00ebniet.<\/p>\n<p>Lind pyetja se a thua kemi t\u00eb b\u00ebjm\u00eb me arsye parimore p\u00ebr ndarje, apo me grindje, protagoniz\u00ebm dhe kapri\u00e7o personale, t\u00eb cilat do t\u00eb p\u00ebrfundonin n\u00eb vler\u00ebsime se kemi t\u00eb b\u00ebjm\u00eb me inate infantile t\u00eb dy protagonist\u00ebve t\u00eb sken\u00ebs politike shqiptare n\u00eb Ballkan, e jo vet\u00ebm n\u00eb Shqip\u00ebri dhe Kosov\u00eb? T\u00eb gjitha k\u00ebto dukuri e thellojn\u00eb edhe m\u00eb tep\u00ebr ndasin\u00eb e cila u sh\u00ebnua nga afrimi me Vu\u00e7iqin, \u201cBallkani i hapur\u201d, anulimi i mbledhjes s\u00eb p\u00ebrbashk\u00ebt t\u00eb dy qeverive, propozim statuti p\u00ebr asociacionin, deklaratat se politika e Kurtit e shnd\u00ebrron Kosov\u00ebn n\u00eb tok\u00eb t\u00eb askujt, etj.<\/p>\n<p>Sado q\u00eb t\u00eb jen\u00eb t\u00eb m\u00ebdha dallimet nd\u00ebrmjet tyre p\u00ebr agjenda komb\u00ebtare, dhe sado t\u00eb ken\u00eb qasje t\u00eb ndryshme p\u00ebr \u00e7\u00ebshtje q\u00eb kan\u00eb t\u00eb b\u00ebjn\u00eb me kauz\u00ebn komb\u00ebtare shqiptare dhe marr\u00ebdh\u00ebniet nd\u00ebkomb\u00ebtare, dalja t\u00eb ndar\u00eb para popullit edhe n\u00eb k\u00ebt\u00eb dit\u00eb kur bota u b\u00eb bashk\u00eb p\u00ebr Kosov\u00ebn, nuk p\u00ebr\u00e7on nj\u00eb mesazh t\u00eb mir\u00eb dhe frym\u00ebzues p\u00ebr shqiptar\u00ebt, nuk jep shembull t\u00eb mir\u00eb, nuk i ndihmon afrimit dhe unitetit, pasi u d\u00ebrgua mesazh se dy kryeministrat shqiptar\u00eb nuk mund t\u00eb b\u00ebhen bashk\u00eb dhe nuk i l\u00ebshojn\u00eb rrug\u00eb nj\u00ebri-tjetrit as n\u00eb k\u00ebt\u00eb dit\u00eb madh\u00ebshtore p\u00ebr t\u00eb gjith\u00eb shqiptar\u00ebt.<\/p>\n<p>Me keqardhje, p\u00ebrvjetori i 25-t\u00eb i \u00e7lirimit t\u00eb Kosov\u00ebs nuk i b\u00ebri bashk\u00eb dy kryeministrat shqiptar\u00eb, nuk i mbylli hendeqet dhe \u00e7arjet nd\u00ebrmjet tyre, si dhe nuk u arrit t\u00eb p\u00ebr\u00e7ohet mesazh i pajtimit dhe unitetit. Th\u00ebn\u00eb shkurt, nga kjo dit\u00eb e madhe e jubileut t\u00eb 25-t\u00eb t\u00eb \u00e7lirimit t\u00eb Kosov\u00ebs, u dha nj\u00eb mesazh i zymt\u00eb nga krer\u00ebt e dy shteteve t\u00eb shqiptar\u00ebve n\u00eb Ballkan, Edi Rama dhe Albin Kurti.<\/p>\n","protected":false},"excerpt":{"rendered":"<p>Bashkim Aliu P\u00ebrvjetori i 25-t\u00eb i \u00e7lirimit t\u00eb Kosov\u00ebs, pa dyshim ishte nj\u00eb nga ngjarjet m\u00eb t\u00eb r\u00ebnd\u00ebsishme q\u00eb e sh\u00ebnuan mesin e Qershorit, dhe q\u00eb u sh\u00ebnuan me nj\u00eb varg aktivitetesh dhe ceremonish\u00eb, si n\u00eb nivel qeveritar, ashtu edhe n\u00eb nivele t\u00eb tjera. N\u00eb mesin e ngjarjeve t\u00eb r\u00ebnd\u00ebsishme p\u00ebr k\u00ebt\u00eb jubile t\u00eb 25-t\u00eb [&hellip;]<\/p>\n","protected":false},"author":1,"featured_media":6079,"comment_status":"closed","ping_status":"closed","sticky":false,"template":"","format":"standard","meta":{"footnotes":""},"categories":[9],"tags":[],"class_list":{"0":"post-6078","1":"post","2":"type-post","3":"status-publish","4":"format-standard","5":"has-post-thumbnail","7":"category-vendi"},"_links":{"self":[{"href":"https:\/\/syri.tv\/index.php?rest_route=\/wp\/v2\/posts\/6078","targetHints":{"allow":["GET"]}}],"collection":[{"href":"https:\/\/syri.tv\/index.php?rest_route=\/wp\/v2\/posts"}],"about":[{"href":"https:\/\/syri.tv\/index.php?rest_route=\/wp\/v2\/types\/post"}],"author":[{"embeddable":true,"href":"https:\/\/syri.tv\/index.php?rest_route=\/wp\/v2\/users\/1"}],"replies":[{"embeddable":true,"href":"https:\/\/syri.tv\/index.php?rest_route=%2Fwp%2Fv2%2Fcomments&post=6078"}],"version-history":[{"count":1,"href":"https:\/\/syri.tv\/index.php?rest_route=\/wp\/v2\/posts\/6078\/revisions"}],"predecessor-version":[{"id":6080,"href":"https:\/\/syri.tv\/index.php?rest_route=\/wp\/v2\/posts\/6078\/revisions\/6080"}],"wp:featuredmedia":[{"embeddable":true,"href":"https:\/\/syri.tv\/index.php?rest_route=\/wp\/v2\/media\/6079"}],"wp:attachment":[{"href":"https:\/\/syri.tv\/index.php?rest_route=%2Fwp%2Fv2%2Fmedia&parent=6078"}],"wp:term":[{"taxonomy":"category","embeddable":true,"href":"https:\/\/syri.tv\/index.php?rest_route=%2Fwp%2Fv2%2Fcategories&post=6078"},{"taxonomy":"post_tag","embeddable":true,"href":"https:\/\/syri.tv\/index.php?rest_route=%2Fwp%2Fv2%2Ftags&post=6078"}],"curies":[{"name":"wp","href":"https:\/\/api.w.org\/{rel}","templated":true}]}}