{"id":5982,"date":"2024-05-29T18:45:24","date_gmt":"2024-05-29T18:45:24","guid":{"rendered":"https:\/\/syri.tv\/?p=5982"},"modified":"2024-05-29T18:45:24","modified_gmt":"2024-05-29T18:45:24","slug":"skandaloze-mediat-e-beogradit-shkodren-e-quajne-skadar-dhe-kryeqytet-te-serbise-duke-ftuar-turistet-serbe-te-vizitojne-sa-me-shume-shkodren-dhe-shqiperine-cfare-po-fshihet-ketu","status":"publish","type":"post","link":"https:\/\/syri.tv\/?p=5982","title":{"rendered":"Skandaloze \/ Mediat e Beogradit Shkodr\u00ebn e quajn\u00eb \u00abSkadar\u00bb dhe kryeqytet t\u00eb Serbis\u00eb (?!) duke ftuar turist\u00ebt serb\u00eb t\u00eb vizitojn\u00eb sa m\u00eb shum\u00eb Shkodr\u00ebn dhe Shqip\u00ebrin\u00eb. Cfar\u00eb po fshihet k\u00ebtu?"},"content":{"rendered":"<p>Q\u00eb nga ardhja ne pushte e Edi Ram\u00ebs numri i turist\u00ebve sllav\u00eb nga Serbia (madje edhe nga Rusia) q\u00eb pushojn\u00eb n\u00eb vendin e shqiponjave \u00ebsht\u00eb rritur nga rreth 5 p\u00ebr qind n\u00eb m\u00eb shum\u00eb se 15 p\u00ebr qind vitet e fundit, dhe sipas t\u00eb dh\u00ebnave t\u00eb vitit t\u00eb kaluar, m\u00eb shum\u00eb se 60 mij\u00eb qytetar\u00eb tan\u00eb kan\u00eb pushuar n\u00eb at\u00eb vend n\u00eb dy vitet e fundit.<\/p>\n<p><strong>Mediat serbe: FLAMURI I SERBIS\u00cb VALONI N\u00cb MES T\u00cb SHQIP\u00cbRIS\u00cb: Durr\u00ebsi \u00ebsht\u00eb mbushur plot me turist\u00eb nga Serbia (ZASTAVA SRBIJE ZAVIJORILA SE USRED ALBANIJE: Dra\u010d pun turista iz Srbije)<\/strong><\/p>\n<p><img loading=\"lazy\" loading=\"lazy\" decoding=\"async\" class=\"wp-image-35698 alignleft entered litespeed-loaded\" src=\"https:\/\/lecanton27.ch\/wp-content\/uploads\/2024\/05\/serrbbff-279x300.png\" sizes=\"auto, (max-width: 445px) 100vw, 445px\" srcset=\"https:\/\/lecanton27.ch\/wp-content\/uploads\/2024\/05\/serrbbff-279x300.png 279w, https:\/\/lecanton27.ch\/wp-content\/uploads\/2024\/05\/serrbbff-150x161.png 150w, https:\/\/lecanton27.ch\/wp-content\/uploads\/2024\/05\/serrbbff-300x322.png 300w, https:\/\/lecanton27.ch\/wp-content\/uploads\/2024\/05\/serrbbff.png 395w\" alt=\"\" width=\"445\" height=\"478\" data-lazyloaded=\"1\" data-src=\"https:\/\/lecanton27.ch\/wp-content\/uploads\/2024\/05\/serrbbff-279x300.png\" data-srcset=\"https:\/\/lecanton27.ch\/wp-content\/uploads\/2024\/05\/serrbbff-279x300.png 279w, https:\/\/lecanton27.ch\/wp-content\/uploads\/2024\/05\/serrbbff-150x161.png 150w, https:\/\/lecanton27.ch\/wp-content\/uploads\/2024\/05\/serrbbff-300x322.png 300w, https:\/\/lecanton27.ch\/wp-content\/uploads\/2024\/05\/serrbbff.png 395w\" data-sizes=\"(max-width: 445px) 100vw, 445px\" data-ll-status=\"loaded\" \/>\u00ab\u00a0Shkodra si kryeqyteti i Serbis\u00eb\u00a0\u00bb, \u00a0\u00bb Shqip\u00ebria: Gjithnj\u00eb e m\u00eb shum\u00eb turist\u00eb nga Serbia\u00a0\u00bb, \u00ab\u00a0FLAMURI I SERBIS\u00cb VALONI N\u00cb MES T\u00cb SHQIP\u00cbRIS\u00cb: Durr\u00ebsi \u00ebsht\u00eb mbushur plot me turist\u00eb nga Serbia\u00a0\u00bb\u2026 (<em>\u00ab\u00a0Skadar kao prestonica Srbije\u00a0\u00bb, \u00ab\u00a0Albanija: Sve vi\u0161e turista iz Srbije\u00a0\u00bb, \u00ab\u00a0<\/em>ZASTAVA SRBIJE ZAVIJORILA SE USRED ALBANIJE: Dra\u010d pun turista iz Srbije \u00bb..) jane keta tituj qe gazeta zvicceran ne shqip ka shkpeutte ne mediat serbe te cilkat bejne fjale sa per turiz\u00ebm po aq edhe per politike dhe urrejtje, madje cenim te integritetit terriotrial te shteti shqiptar, nes ekujtjkojme at knegen efamshem serbe \u00ab Serbia deri ne Shkod\u00ebr\u2026 \u00bb<\/p>\n<p>Cka fishihet pas marktingut ne mediat serbe p\u00ebr Shkodr\u00ebn dhe ftesta per ta vizituar Shqip\u00ebrin\u00eb: P\u00ebr ta pushtuar nga brenda keshtjell\u00ebn apo droga me lire ne plazhet shqiptare?<\/p>\n<p>Gjithnj\u00eb e m\u00eb shum\u00eb turist\u00eb jan\u00eb t\u00eb interesuar t\u00eb kalojn\u00eb ver\u00ebn n\u00eb Shkod\u00ebs dhe Shqip\u00ebri<br \/>\nShqip\u00ebria u b\u00eb nj\u00eb nga destinacionet e goditura gjat\u00eb epidemis\u00eb s\u00eb koronavirusit dhe sipas Milan Lainovi\u0107 nga Shoqata Komb\u00ebtare e Agjencive t\u00eb Udh\u00ebtimit (JUTA), dhe pronarit t\u00eb agjencis\u00eb s\u00eb udh\u00ebtimeve \u00ab\u00a0Belvi\u00a0\u00bb, ka shum\u00eb interes p\u00ebr Shqip\u00ebrin\u00eb k\u00ebt\u00eb vit. , dhe madje interesi tani \u00ebsht\u00eb duksh\u00ebm m\u00eb i lart\u00eb se vitin e kaluar.<\/p>\n<p>\u2013 Nj\u00eb num\u00ebr i madh i udh\u00ebtar\u00ebve serbe drejt Shqip\u00ebris\u00eb d\u00ebshirojn\u00eb t\u00eb udh\u00ebtojn\u00eb me autobus dhe transportin e tyre, si dhe kan\u00eb mund\u00ebsin\u00eb e udh\u00ebtimit me avion. Shqip\u00ebria \u00ebsht\u00eb af\u00ebr nesh, nuk ke nevoj\u00eb t\u00eb kesh pasaport\u00eb, mjafton nj\u00eb kart\u00eb identiteti biometrike dhe e gjitha s\u00eb bashku ajo q\u00eb ofron t\u00ebrheq nj\u00eb num\u00ebr mjaft t\u00eb madh udh\u00ebtar\u00ebsh \u2013 thot\u00eb Lainovi\u0107.<\/p>\n<p>Kur p\u00ebrmendem pretendimet e Serbise ndaj Shqiperis\u00eb ju kujtojme se Beogradi ende \u00ab shef endrra me sy qel\u00eb \u00bb, siq e deshmojne mediat serbe t\u00eb cilat qytetit Shkodr\u00ebs e p\u00ebrdorin ende serbisht si \u00ab Skandar \u00bb, madje\u00a0 duke e konsideruar si \u00ab kyeqytet t\u00eb Serbis\u00eb \u00bb edhe pse regjimi i Beogradi ne krye me presidentin serb Aleksander Vucic vazhdoje te shtyp, te diskriminioj shqiptaret entik ne Luginen e Presheves, duek ju mohuar gjth\u00ebcka cfare eshte shqiptare nga simbolet deri tek papunesia duke ju mundesuar te vetem nj\u00eb t\u00eb \u00ab drejt\u00eb \u00bb, ate q\u00eb leshojne Serbin\u00eb?!<\/p>\n<p>Stefan Prvoven\u010dani Nemanji\u0107 \u00ebsht\u00eb vet\u00ebm sundimtari i par\u00eb i kuror\u00ebzuar n\u00eb dinastin\u00eb Nemanji\u0107, dhe aspak mbreti i par\u00eb serb i kuror\u00ebzuar i mesjet\u00ebs. Sepse Serbia u themelua n\u00eb vitin 490 me kryeqytet n\u00eb Shkod\u00ebr dhe q\u00eb nga ajo koh\u00eb deri n\u00eb vitin 1171, kur Nemanja mori pushtetin, Serbia zgjati rreth 700 vjet dhe kishte m\u00eb shum\u00eb se dyzet mbret\u00ebr t\u00eb kuror\u00ebzuar. (<em>Stefan Prvoven\u010dani Nemanji\u0107 je samo prvi krunisani vladar u dinastiji Nemanji\u0107a, a nikako prvi krunisani srpski kralj Srednjeg veka. Jer, Srbija je osnovana 490. godine s prestonicom u Skadru, a od tada \u2013 pa do 1171. godine, kad vlast preuzima Nemanja, Srbija je trajala oko 700 godina i imala je vi\u0161e od \u010detrdeset krunisanih kraljeva.<\/em>)<\/p>\n<p>Pas njoftimit t\u00eb kryeministrit t\u00eb Shqip\u00ebris\u00eb, Edi Rama, p\u00ebr p\u00ebrfundimin e Ballkanit t\u00eb Hapur, pushteti dhe opozita n\u00eb Shqip\u00ebri, por edhe diplomat\u00eb dhe e personalitete te vendeve fqinje dhe nderkomb\u00ebtare kane dalur me deklarata. Keshtu, Kryeministri i Republik\u00ebs s\u00eb Kosov\u00ebs, Albin Kurti, kishte th\u00ebn\u00eb m\u00eb her\u00ebt se nisma \u201cBallkani i Hapur\u201d m\u00eb shum\u00eb i ngjan nj\u00eb \u201cBallkani t\u00eb hapur p\u00ebr ndikimet nga Lindja\u201d, sesa nj\u00eb nisme p\u00ebr treg t\u00eb p\u00ebrbashk\u00ebt rajonal.<\/p>\n<p>Ndersa analistet shqipatr p\u00ebr \u00ab\u00a0Ballkanin e hapur\u00a0\u00bb kishin then\u00eb se \u00ab\u00a0ballkani i hapur\u00a0\u00bb\u00a0 ishte nje \u00ab\u00a0Ballkan i hapur p\u00ebr krim te orgnaizuar, kontabande dhe drog\u00eb pa kufinj..\u00a0\u00bb Sivjet ky i ashtuauajtur \u00ab\u00a0Ballkan i hapur \u00a0\u00bb i njohur si i Vucicit, deshtoi fiakso edhe me shume, ku u thye edhe nje hallke pas debimit nga pushteti te Ali Ahmetit ne RMV qe mbante \u00ab\u00a0gjalle\u00a0\u00bb hallken (Vucic-Rama-Ahmeti) e ish \u00ab\u00a0ballkanit t\u00eb\u00a0 hapur\u00a0\u00bb, shkruan gazeta Le Canton 27.ch<\/p>\n<p><img loading=\"lazy\" loading=\"lazy\" decoding=\"async\" class=\"alignnone wp-image-35697 entered litespeed-loaded\" src=\"https:\/\/lecanton27.ch\/wp-content\/uploads\/2024\/05\/serbiiaaf-300x200.jpg\" sizes=\"auto, (max-width: 1020px) 100vw, 1020px\" srcset=\"https:\/\/lecanton27.ch\/wp-content\/uploads\/2024\/05\/serbiiaaf-300x200.jpg 300w, https:\/\/lecanton27.ch\/wp-content\/uploads\/2024\/05\/serbiiaaf-768x511.jpg 768w, https:\/\/lecanton27.ch\/wp-content\/uploads\/2024\/05\/serbiiaaf-150x100.jpg 150w, https:\/\/lecanton27.ch\/wp-content\/uploads\/2024\/05\/serbiiaaf-696x464.jpg 696w, https:\/\/lecanton27.ch\/wp-content\/uploads\/2024\/05\/serbiiaaf.jpg 1000w\" alt=\"\" width=\"1020\" height=\"680\" data-lazyloaded=\"1\" data-src=\"https:\/\/lecanton27.ch\/wp-content\/uploads\/2024\/05\/serbiiaaf-300x200.jpg\" data-srcset=\"https:\/\/lecanton27.ch\/wp-content\/uploads\/2024\/05\/serbiiaaf-300x200.jpg 300w, https:\/\/lecanton27.ch\/wp-content\/uploads\/2024\/05\/serbiiaaf-768x511.jpg 768w, https:\/\/lecanton27.ch\/wp-content\/uploads\/2024\/05\/serbiiaaf-150x100.jpg 150w, https:\/\/lecanton27.ch\/wp-content\/uploads\/2024\/05\/serbiiaaf-696x464.jpg 696w, https:\/\/lecanton27.ch\/wp-content\/uploads\/2024\/05\/serbiiaaf.jpg 1000w\" data-sizes=\"(max-width: 1020px) 100vw, 1020px\" data-ll-status=\"loaded\" \/><img loading=\"lazy\" loading=\"lazy\" decoding=\"async\" class=\"alignnone wp-image-35705 entered litespeed-loaded\" src=\"https:\/\/lecanton27.ch\/wp-content\/uploads\/2024\/05\/shjkoddsdd-300x191.png\" sizes=\"auto, (max-width: 1291px) 100vw, 1291px\" srcset=\"https:\/\/lecanton27.ch\/wp-content\/uploads\/2024\/05\/shjkoddsdd-300x191.png 300w, https:\/\/lecanton27.ch\/wp-content\/uploads\/2024\/05\/shjkoddsdd-768x490.png 768w, https:\/\/lecanton27.ch\/wp-content\/uploads\/2024\/05\/shjkoddsdd-150x96.png 150w, https:\/\/lecanton27.ch\/wp-content\/uploads\/2024\/05\/shjkoddsdd-696x444.png 696w, https:\/\/lecanton27.ch\/wp-content\/uploads\/2024\/05\/shjkoddsdd.png 822w\" alt=\"\" width=\"1291\" height=\"822\" data-lazyloaded=\"1\" data-src=\"https:\/\/lecanton27.ch\/wp-content\/uploads\/2024\/05\/shjkoddsdd-300x191.png\" data-srcset=\"https:\/\/lecanton27.ch\/wp-content\/uploads\/2024\/05\/shjkoddsdd-300x191.png 300w, https:\/\/lecanton27.ch\/wp-content\/uploads\/2024\/05\/shjkoddsdd-768x490.png 768w, https:\/\/lecanton27.ch\/wp-content\/uploads\/2024\/05\/shjkoddsdd-150x96.png 150w, https:\/\/lecanton27.ch\/wp-content\/uploads\/2024\/05\/shjkoddsdd-696x444.png 696w, https:\/\/lecanton27.ch\/wp-content\/uploads\/2024\/05\/shjkoddsdd.png 822w\" data-sizes=\"(max-width: 1291px) 100vw, 1291px\" data-ll-status=\"loaded\" \/><\/p>\n<p>&nbsp;<\/p>\n","protected":false},"excerpt":{"rendered":"<p>Q\u00eb nga ardhja ne pushte e Edi Ram\u00ebs numri i turist\u00ebve sllav\u00eb nga Serbia (madje edhe nga Rusia) q\u00eb pushojn\u00eb n\u00eb vendin e shqiponjave \u00ebsht\u00eb rritur nga rreth 5 p\u00ebr qind n\u00eb m\u00eb shum\u00eb se 15 p\u00ebr qind vitet e fundit, dhe sipas t\u00eb dh\u00ebnave t\u00eb vitit t\u00eb kaluar, m\u00eb shum\u00eb se 60 mij\u00eb qytetar\u00eb [&hellip;]<\/p>\n","protected":false},"author":1,"featured_media":5983,"comment_status":"closed","ping_status":"closed","sticky":false,"template":"","format":"standard","meta":{"footnotes":""},"categories":[9],"tags":[],"class_list":{"0":"post-5982","1":"post","2":"type-post","3":"status-publish","4":"format-standard","5":"has-post-thumbnail","7":"category-vendi"},"_links":{"self":[{"href":"https:\/\/syri.tv\/index.php?rest_route=\/wp\/v2\/posts\/5982","targetHints":{"allow":["GET"]}}],"collection":[{"href":"https:\/\/syri.tv\/index.php?rest_route=\/wp\/v2\/posts"}],"about":[{"href":"https:\/\/syri.tv\/index.php?rest_route=\/wp\/v2\/types\/post"}],"author":[{"embeddable":true,"href":"https:\/\/syri.tv\/index.php?rest_route=\/wp\/v2\/users\/1"}],"replies":[{"embeddable":true,"href":"https:\/\/syri.tv\/index.php?rest_route=%2Fwp%2Fv2%2Fcomments&post=5982"}],"version-history":[{"count":1,"href":"https:\/\/syri.tv\/index.php?rest_route=\/wp\/v2\/posts\/5982\/revisions"}],"predecessor-version":[{"id":5984,"href":"https:\/\/syri.tv\/index.php?rest_route=\/wp\/v2\/posts\/5982\/revisions\/5984"}],"wp:featuredmedia":[{"embeddable":true,"href":"https:\/\/syri.tv\/index.php?rest_route=\/wp\/v2\/media\/5983"}],"wp:attachment":[{"href":"https:\/\/syri.tv\/index.php?rest_route=%2Fwp%2Fv2%2Fmedia&parent=5982"}],"wp:term":[{"taxonomy":"category","embeddable":true,"href":"https:\/\/syri.tv\/index.php?rest_route=%2Fwp%2Fv2%2Fcategories&post=5982"},{"taxonomy":"post_tag","embeddable":true,"href":"https:\/\/syri.tv\/index.php?rest_route=%2Fwp%2Fv2%2Ftags&post=5982"}],"curies":[{"name":"wp","href":"https:\/\/api.w.org\/{rel}","templated":true}]}}