{"id":5942,"date":"2024-05-24T11:37:43","date_gmt":"2024-05-24T11:37:43","guid":{"rendered":"https:\/\/syri.tv\/?p=5942"},"modified":"2024-05-24T11:37:43","modified_gmt":"2024-05-24T11:37:43","slug":"vaxhid-sejdiu-hapet-pika-shkollore-ne-romanshorn-te-kantonit-turgau","status":"publish","type":"post","link":"https:\/\/syri.tv\/?p=5942","title":{"rendered":"Vaxhid Sejdiu: Hapet pika shkollore n\u00eb Romanshorn t\u00eb kantonit Turgau"},"content":{"rendered":"<div class=\"social-icons ed-social-share-icons\"><\/div>\n<div class=\"post-content entry-content\">\n<p>Nga prof.dr.Vaxhid Sejdiu<\/p>\n<p>Hapet pika shkollore n\u00eb Romanshorn t\u00eb kantonit Turgau<\/p>\n<p>Jemi n\u00eb fillim apo n\u00eb fundin e viti shkollor, kjo nuk ka r\u00ebnd\u00ebsi, por mbi t\u00eb gjitha m\u00eb e r\u00ebnd\u00ebsishmja \u00ebsht\u00eb hapja e pik\u00ebs shkollore, aty ku, pik\u00ebrisht, f\u00ebmij\u00ebt shqiptar\u00eb do t\u00eb ken\u00eb mund\u00ebsin\u00eb p\u00ebr ta m\u00ebsuar gjuh\u00ebn shqipe. Ky \u00ebsht\u00eb lajm mbi t\u00eb gjitha lajmet, p\u00ebr hir t\u00eb r\u00ebnd\u00ebsis\u00eb dhe pesh\u00ebs q\u00eb ka m\u00ebsimi i gjuh\u00ebs amtare n\u00eb shkoll\u00eb nga f\u00ebmij\u00ebt shqiptar\u00eb n\u00eb m\u00ebrgim. Dhe, kjo e m\u00ebrkur\u00eb g\u00ebzoi disa prej tyre n\u00eb pik\u00ebn shkollore n\u00eb Romanshorn t\u00eb Kantonit t\u00eb Turgaut, e cila hapi dyert p\u00ebr f\u00ebmij\u00ebt\u00a0 shqiptar\u00eb t\u00eb k\u00ebsaj qyteze.\u00a0<em>Dhe me t\u00eb drejt\u00eb dijetari shqiptar Sami Frash\u00ebri ka th\u00ebn\u00eb: \u201cShenja e kombit \u00ebsht\u00eb gjuha. Kur nj\u00eb komb e humb gjuh\u00ebn, ai humb edhe veten.\u201d<\/em><\/p>\n<p><img loading=\"lazy\" loading=\"lazy\" decoding=\"async\" class=\"alignnone size-full wp-image-5944\" src=\"https:\/\/syri.tv\/wp-content\/uploads\/2024\/05\/vs2.jpg\" alt=\"\" width=\"768\" height=\"523\" srcset=\"https:\/\/syri.tv\/wp-content\/uploads\/2024\/05\/vs2.jpg 768w, https:\/\/syri.tv\/wp-content\/uploads\/2024\/05\/vs2-300x204.jpg 300w\" sizes=\"auto, (max-width: 768px) 100vw, 768px\" \/><\/p>\n<p><strong><em>Nx\u00ebn\u00ebsit jan\u00eb ata, t\u00eb cil\u00ebt i p\u00ebrjetojn\u00eb n\u00eb m\u00ebnyr\u00eb t\u00eb ve\u00e7ant\u00eb or\u00ebt m\u00ebsimore n\u00eb gjuh\u00ebn shqipe.\u00a0 Nx\u00ebn\u00ebsit e Shkoll\u00ebs Shqipe n\u00eb Romanshorn t\u00eb Kantonit t\u00eb Turgaut, duke b\u00ebr\u00eb p\u00ebrgatitjet p\u00ebr fest\u00ebn e 1 Qershorit.<\/em><\/strong><\/p>\n<p>Pas disa p\u00ebrpjekjeve dhe takimeve me prind\u00ebrit shqiptar\u00eb, t\u00eb m\u00ebrkur\u00ebn edhe zyrtarisht filloi m\u00ebsimi n\u00eb pik\u00ebn shkollore n\u00eb Romanshorn t\u00eb Kantonit t\u00eb Turgaut, duke ua mund\u00ebsuar f\u00ebmij\u00ebve shqiptar\u00eb t\u00eb k\u00ebtij vendbanimi t\u00eb vijojn\u00eb m\u00ebsimet n\u00eb m\u00ebnyr\u00eb t\u00eb rregullt n\u00eb gjuh\u00ebn shqipe. \u00a0Nx\u00ebn\u00ebsit: Zejnepi, Emini, Beyani, Anisa, Lina, Liana, Aida, Elsa, Anesa, Amina, Inara, Zana, Amari etj.,\u00a0 t\u00eb cil\u00ebt erdh\u00ebn\u00a0 n\u00eb or\u00ebn e par\u00eb, ishin t\u00eb g\u00ebzuar se m\u00eb n\u00eb fund po fillonin me m\u00ebsimet n\u00eb gjuh\u00ebn shqipe, por edhe nx\u00ebn\u00ebs t\u00eb tjer\u00eb, t\u00eb cil\u00ebt do t`u bashk\u00ebngjiten n\u00eb dit\u00ebt n\u00eb vazhdim, do t\u00eb jen\u00eb pjes\u00eb e g\u00ebzimit, padyshim.<\/p>\n<p>Klasa ku zhvillohej m\u00ebsimi kishte marr\u00eb nj\u00eb pamje t\u00eb mrekullueshme, buz\u00ebqeshjet e f\u00ebmij\u00ebve, fjal\u00ebt e m\u00ebsueses Valbona Alili e begatonin klas\u00ebn. Ata po i g\u00ebzoheshin dit\u00ebs s\u00eb re, q\u00eb kishte hapur nj\u00eb faqe t\u00eb re p\u00ebr t\u00eb mir\u00ebn e tyre, q\u00eb ta m\u00ebsojn\u00eb edhe gjuh\u00ebn e n\u00ebn\u00ebs. Prind\u00ebrit, t\u00eb cil\u00ebt i shoq\u00ebruan deri te dera e shkoll\u00ebs, ndiheshin ndryshe nga dit\u00ebt e tjera. Dhe ky fakt duhet t\u2019i \u00a0motivoj\u00eb, jo vet\u00ebm k\u00ebta prind\u00ebr q\u00eb t`i d\u00ebrgojn\u00eb f\u00ebmij\u00ebt e tyre n\u00eb gjuh\u00ebn shqipe, por edhe mij\u00ebra prind\u00ebr t\u00eb tjer\u00eb, f\u00ebmij\u00ebt e t\u00eb cil\u00ebve lindin dhe rriten larg atdheut. Ruajtja\u00a0 e gjuh\u00ebs amtare \u00ebsht\u00eb obligim moral dhe komb\u00ebtar i t\u00eb gjith\u00ebve, prandaj n\u00eb k\u00ebt\u00eb drejtim, t\u00eb gjith\u00eb duhet t\u00eb b\u00ebhemi bashk\u00eb dhe t\u00eb veprojm\u00eb n\u00eb sh\u00ebrbim t\u00eb p\u00ebrhapjes s\u00eb drit\u00ebs se dituris\u00eb n\u00eb gjuh\u00ebn shqipe.<\/p>\n<p><img loading=\"lazy\" loading=\"lazy\" decoding=\"async\" class=\"alignnone size-large wp-image-5945\" src=\"https:\/\/syri.tv\/wp-content\/uploads\/2024\/05\/vs1-1024x768.jpg\" alt=\"\" width=\"1024\" height=\"768\" srcset=\"https:\/\/syri.tv\/wp-content\/uploads\/2024\/05\/vs1-1024x768.jpg 1024w, https:\/\/syri.tv\/wp-content\/uploads\/2024\/05\/vs1-300x225.jpg 300w, https:\/\/syri.tv\/wp-content\/uploads\/2024\/05\/vs1-768x576.jpg 768w, https:\/\/syri.tv\/wp-content\/uploads\/2024\/05\/vs1-1536x1152.jpg 1536w, https:\/\/syri.tv\/wp-content\/uploads\/2024\/05\/vs1-860x645.jpg 860w, https:\/\/syri.tv\/wp-content\/uploads\/2024\/05\/vs1.jpg 2048w\" sizes=\"auto, (max-width: 1024px) 100vw, 1024px\" \/><\/p>\n<p>M\u00ebsuesja Valbona Alili, p\u00ebr ve\u00e7 shkronjave t\u00eb shqipes, u foli nx\u00ebn\u00ebsve edhe p\u00ebr fest\u00ebn e 1 Qershorit \u2013 Dit\u00ebs s\u00eb f\u00ebmij\u00ebve, dit\u00eb e cila na obligon t\u00eb gjith\u00ebve q\u00eb t`i kushtojm\u00eb edhe m\u00eb shum\u00eb r\u00ebnd\u00ebsi, atyre q\u00eb jan\u00eb e ardhmja e gjuh\u00ebs shqipe dhe identitetit komb\u00ebtar. Prandaj p\u00ebr ta ruajtur gjuh\u00ebn duhet ta m\u00ebsojn\u00eb n\u00eb m\u00ebnyr\u00eb t\u00eb rregullt. M\u00ebsuese Valbona ishte shum\u00eb k\u00ebnaqur me fillimin e m\u00ebsimit, n\u00eb k\u00ebt\u00eb pik\u00eb shkollore, dhe fal\u00ebnderoi nga zemra veprimtar\u00ebt e arsimit shqip, Vaxhd Sejdiun, Mixhit Osmanin, Nexhat Hysenin, Zekirja Aliun dhe shum\u00eb prind\u00ebr t\u00eb tjer\u00eb, t\u00eb cil\u00ebt jan\u00eb angazhuar n\u00eb 2-3 jav\u00ebt e\u00a0 fundit, me d\u00ebshir\u00ebn e madhe \u00a0q\u00eb pika shkollore t\u00eb ngrit\u00ebt mbi k\u00ebmb\u00ebt e veta. Dhe tani dera e shkoll\u00ebs shqipe n\u00eb Romanshorn \u00ebsht\u00eb\u00a0 e hapur p\u00ebr t\u00eb gjith\u00eb ata prind\u00ebr. t\u00eb cil\u00ebt d\u00ebshirojn\u00eb q\u00eb f\u00ebmij\u00ebt e tyre t`i d\u00ebrgojn\u00eb n\u00eb shkoll\u00ebn shqipe p\u00ebr ta m\u00ebsuar gjuh\u00ebn amtare.<\/p>\n<p>Vaxhid Sejdiu<\/p>\n<\/div>\n","protected":false},"excerpt":{"rendered":"<p>Nga prof.dr.Vaxhid Sejdiu Hapet pika shkollore n\u00eb Romanshorn t\u00eb kantonit Turgau Jemi n\u00eb fillim apo n\u00eb fundin e viti shkollor, kjo nuk ka r\u00ebnd\u00ebsi, por mbi t\u00eb gjitha m\u00eb e r\u00ebnd\u00ebsishmja \u00ebsht\u00eb hapja e pik\u00ebs shkollore, aty ku, pik\u00ebrisht, f\u00ebmij\u00ebt shqiptar\u00eb do t\u00eb ken\u00eb mund\u00ebsin\u00eb p\u00ebr ta m\u00ebsuar gjuh\u00ebn shqipe. Ky \u00ebsht\u00eb lajm mbi t\u00eb [&hellip;]<\/p>\n","protected":false},"author":1,"featured_media":5946,"comment_status":"closed","ping_status":"closed","sticky":false,"template":"","format":"standard","meta":{"footnotes":""},"categories":[108],"tags":[],"class_list":{"0":"post-5942","1":"post","2":"type-post","3":"status-publish","4":"format-standard","5":"has-post-thumbnail","7":"category-kulture-2"},"_links":{"self":[{"href":"https:\/\/syri.tv\/index.php?rest_route=\/wp\/v2\/posts\/5942","targetHints":{"allow":["GET"]}}],"collection":[{"href":"https:\/\/syri.tv\/index.php?rest_route=\/wp\/v2\/posts"}],"about":[{"href":"https:\/\/syri.tv\/index.php?rest_route=\/wp\/v2\/types\/post"}],"author":[{"embeddable":true,"href":"https:\/\/syri.tv\/index.php?rest_route=\/wp\/v2\/users\/1"}],"replies":[{"embeddable":true,"href":"https:\/\/syri.tv\/index.php?rest_route=%2Fwp%2Fv2%2Fcomments&post=5942"}],"version-history":[{"count":1,"href":"https:\/\/syri.tv\/index.php?rest_route=\/wp\/v2\/posts\/5942\/revisions"}],"predecessor-version":[{"id":5947,"href":"https:\/\/syri.tv\/index.php?rest_route=\/wp\/v2\/posts\/5942\/revisions\/5947"}],"wp:featuredmedia":[{"embeddable":true,"href":"https:\/\/syri.tv\/index.php?rest_route=\/wp\/v2\/media\/5946"}],"wp:attachment":[{"href":"https:\/\/syri.tv\/index.php?rest_route=%2Fwp%2Fv2%2Fmedia&parent=5942"}],"wp:term":[{"taxonomy":"category","embeddable":true,"href":"https:\/\/syri.tv\/index.php?rest_route=%2Fwp%2Fv2%2Fcategories&post=5942"},{"taxonomy":"post_tag","embeddable":true,"href":"https:\/\/syri.tv\/index.php?rest_route=%2Fwp%2Fv2%2Ftags&post=5942"}],"curies":[{"name":"wp","href":"https:\/\/api.w.org\/{rel}","templated":true}]}}