{"id":5935,"date":"2024-05-24T09:42:57","date_gmt":"2024-05-24T09:42:57","guid":{"rendered":"https:\/\/syri.tv\/?p=5935"},"modified":"2024-05-24T11:23:30","modified_gmt":"2024-05-24T11:23:30","slug":"kenga-eshte-atdhedashuria-qe-percohet-nder-breza","status":"publish","type":"post","link":"https:\/\/syri.tv\/?p=5935","title":{"rendered":"K\u00ebnga \u00ebsht\u00eb atdhedashuria, q\u00eb p\u00ebr\u00e7ohet nd\u00ebr breza"},"content":{"rendered":"<p>Diaspora jon\u00eb po b\u00ebhet \u00e7do dit\u00eb e m\u00eb kulturore n\u00eb shum\u00eb sfera t\u00eb ndryshme edhe nga gjeneratat t\u00eb cil\u00ebt m\u00ebrguan n\u00eb koh\u00ebn e rinis\u00eb e t\u00eb cil\u00ebt kontribuuan p\u00ebr vatanin e tyre ne forma t\u00eb ndryshme duke len\u00eb talentin e tyre p\u00ebr m\u00eb vone e p\u00ebr te mos ju nda kurr\u00eb.<\/p>\n<p>D\u00ebshira p\u00ebr t\u00eb mbajtur gjall\u00eb shpirtin e identitetit ton\u00eb komb\u00ebtar, \u00ebsht\u00eb nj\u00eb nd\u00ebr misionet q\u00eb udh\u00ebhiqet nga dashuria p\u00ebr atdheun dhe kombin.<\/p>\n<p>Jan\u00eb artist\u00ebt, t\u00eb cil\u00ebt sot na b\u00ebjn\u00eb t\u00eb prekim historin\u00eb e lavdishme.<\/p>\n<p>Drita Berisha, me k\u00ebng\u00ebn e saj, me z\u00ebrin e saj t\u00eb kristalt\u00eb, jo vet\u00ebm q\u00eb na b\u00ebn t\u00eb bashk\u00eb k\u00ebndojm\u00eb, e t\u00eb krenohemi q\u00eb kemi gra intelektuale, e atdhetare, por n\u00eb tekstet e saja, gjithmon\u00eb jan\u00eb vlerat e larta autentike.<\/p>\n<p>K\u00ebnga &#171;Lot\u00ebt e M\u00ebsuesit&#187; \u00ebsht\u00eb nj\u00eb balad\u00eb q\u00eb th\u00ebrret p\u00ebr zgjim.<\/p>\n<p>K\u00ebnga &#171;N\u00ebnat tona&#187; \u00ebsht\u00eb portreti m\u00eb i dinjitetsh\u00ebm q\u00eb i b\u00ebhet n\u00ebnave, grave shqiptare.<\/p>\n<p>K\u00ebnga &#171;Gjuha shqipe&#187; nj\u00eb dashuri identiteti q\u00eb shfaqet n\u00eb m\u00ebnyr\u00ebn m\u00eb epike me z\u00ebrin melodik t\u00eb Drit\u00ebs.<\/p>\n<p>P\u00ebrve\u00e7 k\u00ebng\u00ebve t\u00eb saja, Drita k\u00ebndon me respekt t\u00eb madh, k\u00ebng\u00ebt e artistes s\u00eb popullit Hanife Sejfullah Re\u00e7ani.<\/p>\n<p>&#171;Po kush m\u00eb shum\u00eb se Hanifja i k\u00ebndoi gruas, z\u00ebri i saj mbetet p\u00ebrjet\u00eb i gjall\u00eb, nj\u00eb krah i shenjt\u00eb, mb\u00ebshtet\u00ebs, i gruas shqiptare; i p\u00ebrulem lavdis\u00eb s\u00eb saj&#187; k\u00ebshtu shprehet Drita p\u00ebr k\u00ebng\u00ebtaren e pavdekshme Hanife Sejfulla Re\u00e7ani<\/p>\n<p>Drita Berisha \u00ebsht\u00eb punonj\u00ebse n\u00eb mjek\u00ebsin\u00eb zvicerane. Me pozitivitetin dhe atdhedashurin\u00eb e shenjt\u00eb, ajo n\u00eb Zvic\u00ebr ndjehet si n\u00eb atdheun e vet.<\/p>\n<p>E bija e nj\u00eb m\u00ebsuesi, q\u00eb kalonte malet duke ecur n\u00eb k\u00ebmb\u00eb, p\u00ebr t\u00eb edukuar brezat n\u00eb Kosov\u00eb, mban\u00eb mend se i ati u kishte th\u00ebn\u00eb k\u00ebto fjal\u00eb:<\/p>\n<p>&#171;Kur t\u00eb k\u00ebndoni, asnj\u00eb fjal\u00eb k\u00ebng\u00ebs mos ia ndryshoni, m\u00ebso k\u00ebng\u00ebn si\u00e7 e ka k\u00ebnduar k\u00ebng\u00ebtari&#187;<\/p>\n<p>N\u00eb familjen e Drit\u00ebs ka shum\u00eb artist\u00eb. A do t\u00eb trash\u00ebgoj\u00eb ndonj\u00ebra nga vajzat artin e t\u00eb k\u00ebnduarit nga n\u00ebna, k\u00ebt\u00eb p\u00ebrgjigje do na e jep e ardhmja.<\/p>\n<p><img loading=\"lazy\" loading=\"lazy\" decoding=\"async\" class=\"alignnone size-large wp-image-5937\" src=\"https:\/\/syri.tv\/wp-content\/uploads\/2024\/05\/Drita-1024x576.jpg\" alt=\"\" width=\"1024\" height=\"576\" srcset=\"https:\/\/syri.tv\/wp-content\/uploads\/2024\/05\/Drita-1024x576.jpg 1024w, https:\/\/syri.tv\/wp-content\/uploads\/2024\/05\/Drita-300x169.jpg 300w, https:\/\/syri.tv\/wp-content\/uploads\/2024\/05\/Drita-768x432.jpg 768w, https:\/\/syri.tv\/wp-content\/uploads\/2024\/05\/Drita-1536x864.jpg 1536w, https:\/\/syri.tv\/wp-content\/uploads\/2024\/05\/Drita-2048x1152.jpg 2048w, https:\/\/syri.tv\/wp-content\/uploads\/2024\/05\/Drita-860x484.jpg 860w\" sizes=\"auto, (max-width: 1024px) 100vw, 1024px\" \/><\/p>\n<p>Drita Berisha \u00ebsht\u00eb pjes\u00eb e korit t\u00eb grave &#171;Lyra&#187; n\u00eb Zvic\u00ebr<\/p>\n<p>Portreti i saj prej nj\u00eb artisteje\u00a0 shqiptare, \u00ebsht\u00eb i veshur me gjitha ngjyrat e vlerave t\u00eb m\u00ebdha, t\u00eb nj\u00eb artisteje q\u00eb na b\u00ebn krenare.<\/p>\n<p>\u00cbsht\u00eb ngjyra e z\u00ebrit, \u00ebsht\u00eb q\u00ebndrimi i saj etik. &#171;K\u00ebnga \u00ebsht\u00eb atdhedashuria, q\u00eb p\u00ebr\u00e7ohet nd\u00ebr breza, \u00ebsht\u00eb amaneti yn\u00eb shqip&#187; shprehet Drita, p\u00ebr TV Syrin, me z\u00ebrin e saj melodik.<\/p>\n<p>Hava Kurti Krasniqi<\/p>\n","protected":false},"excerpt":{"rendered":"<p>Diaspora jon\u00eb po b\u00ebhet \u00e7do dit\u00eb e m\u00eb kulturore n\u00eb shum\u00eb sfera t\u00eb ndryshme edhe nga gjeneratat t\u00eb cil\u00ebt m\u00ebrguan n\u00eb koh\u00ebn e rinis\u00eb e t\u00eb cil\u00ebt kontribuuan p\u00ebr vatanin e tyre ne forma t\u00eb ndryshme duke len\u00eb talentin e tyre p\u00ebr m\u00eb vone e p\u00ebr te mos ju nda kurr\u00eb. D\u00ebshira p\u00ebr t\u00eb mbajtur [&hellip;]<\/p>\n","protected":false},"author":1,"featured_media":5939,"comment_status":"closed","ping_status":"closed","sticky":false,"template":"","format":"standard","meta":{"footnotes":""},"categories":[108],"tags":[],"class_list":{"0":"post-5935","1":"post","2":"type-post","3":"status-publish","4":"format-standard","5":"has-post-thumbnail","7":"category-kulture-2"},"_links":{"self":[{"href":"https:\/\/syri.tv\/index.php?rest_route=\/wp\/v2\/posts\/5935","targetHints":{"allow":["GET"]}}],"collection":[{"href":"https:\/\/syri.tv\/index.php?rest_route=\/wp\/v2\/posts"}],"about":[{"href":"https:\/\/syri.tv\/index.php?rest_route=\/wp\/v2\/types\/post"}],"author":[{"embeddable":true,"href":"https:\/\/syri.tv\/index.php?rest_route=\/wp\/v2\/users\/1"}],"replies":[{"embeddable":true,"href":"https:\/\/syri.tv\/index.php?rest_route=%2Fwp%2Fv2%2Fcomments&post=5935"}],"version-history":[{"count":1,"href":"https:\/\/syri.tv\/index.php?rest_route=\/wp\/v2\/posts\/5935\/revisions"}],"predecessor-version":[{"id":5938,"href":"https:\/\/syri.tv\/index.php?rest_route=\/wp\/v2\/posts\/5935\/revisions\/5938"}],"wp:featuredmedia":[{"embeddable":true,"href":"https:\/\/syri.tv\/index.php?rest_route=\/wp\/v2\/media\/5939"}],"wp:attachment":[{"href":"https:\/\/syri.tv\/index.php?rest_route=%2Fwp%2Fv2%2Fmedia&parent=5935"}],"wp:term":[{"taxonomy":"category","embeddable":true,"href":"https:\/\/syri.tv\/index.php?rest_route=%2Fwp%2Fv2%2Fcategories&post=5935"},{"taxonomy":"post_tag","embeddable":true,"href":"https:\/\/syri.tv\/index.php?rest_route=%2Fwp%2Fv2%2Ftags&post=5935"}],"curies":[{"name":"wp","href":"https:\/\/api.w.org\/{rel}","templated":true}]}}