{"id":5929,"date":"2024-05-24T08:25:16","date_gmt":"2024-05-24T08:25:16","guid":{"rendered":"https:\/\/syri.tv\/?p=5929"},"modified":"2024-05-24T09:31:03","modified_gmt":"2024-05-24T09:31:03","slug":"imas-ag-ne-lachen-te-kantonit-sg-eshte-sponsor-gjeneral-i-kupa-e-unionit-ukshfz-per-super-kupen-kosove-diaspore-2024","status":"publish","type":"post","link":"https:\/\/syri.tv\/?p=5929","title":{"rendered":"IMAS AG n\u00eb Lachen, \u00ebsht\u00eb Sponsor gjeneral i Kupa e Unionit (UKSHFZ) p\u00ebr Super Kup\u00ebn Kosov\u00eb \u2013 Diaspor\u00eb 2024"},"content":{"rendered":"<p>Ne takimin e radh\u00ebs kryetari i UKSHFZ z. Feti Demoli u takua me vet\u00eb d\u00ebshir\u00ebn e afaristit z. Izet Sahitaj pronar i IMAS AG n\u00eb Lachen t\u00eb Kantonit t\u00eb Schwyz cili ka treguar gatishm\u00ebrin\u00eb edhe p\u00ebr t\u00eb tret\u00ebn her\u00eb radhazi t\u00eb jet\u00eb sponsor gjeneral p\u00ebr Super Kup\u00ebn Kosov\u00eb \u2013 Diaspor\u00eb 2024.<br \/>\nKryetari i UKSHFZ z. Feti Demoli n\u00eb em\u00ebr t\u00eb kryesis\u00eb s\u00eb UKSHFZ fal\u00ebnderoi z. Izet Sahitaj p\u00ebr mb\u00ebshtetjen ndaj Unionit dhe mb\u00ebshtetjen me vite t\u00eb klubit FC Kosova 19 n\u00eb Schmerikon. Duhet theksuar se z. Sahitaj mb\u00ebshtet po ashtu sportist t\u00eb profileve t\u00eb ndrysh\u00ebm n\u00eb gjith\u00eb Evrop\u00ebn p\u00ebrfshir\u00eb edhe ata n\u00eb vendlindje.<\/p>\n<p><img loading=\"lazy\" loading=\"lazy\" decoding=\"async\" class=\"alignnone wp-image-5933\" src=\"https:\/\/syri.tv\/wp-content\/uploads\/2024\/05\/Izet-Sahitaj.-Feti-Demoli-1024x540.png\" alt=\"\" width=\"928\" height=\"490\" srcset=\"https:\/\/syri.tv\/wp-content\/uploads\/2024\/05\/Izet-Sahitaj.-Feti-Demoli-1024x540.png 1024w, https:\/\/syri.tv\/wp-content\/uploads\/2024\/05\/Izet-Sahitaj.-Feti-Demoli-300x158.png 300w, https:\/\/syri.tv\/wp-content\/uploads\/2024\/05\/Izet-Sahitaj.-Feti-Demoli-768x405.png 768w, https:\/\/syri.tv\/wp-content\/uploads\/2024\/05\/Izet-Sahitaj.-Feti-Demoli-860x454.png 860w, https:\/\/syri.tv\/wp-content\/uploads\/2024\/05\/Izet-Sahitaj.-Feti-Demoli.png 1206w\" sizes=\"auto, (max-width: 928px) 100vw, 928px\" \/><br \/>\nSahitaj thot\u00eb se viteve t\u00eb fundit kam v\u00ebrejtur tek Unioni gjall\u00ebri dhe organizim t\u00eb nivelit p\u00ebr Kup\u00ebn e klubeve shqiptare n\u00eb Zvic\u00ebr prandaj \u00ebsht\u00eb nder dhe privilegj t\u00eb jem edhe un\u00eb pjes\u00ebmarr\u00ebs dhe kontribuues i gar\u00ebs m\u00eb te madhe n\u00eb Zvic\u00ebr t\u00eb turnirit n\u00eb futboll q\u00eb tubon klubet dhe rinin\u00eb dhe po ashtu njer\u00ebz me vlera t\u00eb m\u00ebrgat\u00ebs n\u00eb Zvic\u00ebr.<br \/>\nAi ka n\u00eb zem\u00ebr sportin dhe shton se rinia shqiptare \u00ebsht\u00eb udh\u00ebrr\u00ebfyesi m\u00eb i mir\u00eb i m\u00ebrgimtar\u00ebve shqiptar t\u00eb cil\u00ebt dekadat e fundit jan\u00eb duke i treguar gjith\u00eb botes se shqiptar\u00ebt kan\u00eb aft\u00ebsi dhe shpejt rrug\u00ebtojn\u00eb me hapa t\u00eb sigurte drejt sukseseve q\u00eb neve si komb na b\u00ebjn\u00eb t\u00eb ndihemi krenar. Prandaj i ftoj t\u00eb gjith\u00eb sportdash\u00ebsit q\u00eb kan\u00eb mund\u00ebsin\u00eb t\u00eb kontribuojn\u00eb t\u00eb jen\u00eb pran\u00eb UKSHFZ.<\/p>\n","protected":false},"excerpt":{"rendered":"<p>Ne takimin e radh\u00ebs kryetari i UKSHFZ z. Feti Demoli u takua me vet\u00eb d\u00ebshir\u00ebn e afaristit z. Izet Sahitaj pronar i IMAS AG n\u00eb Lachen t\u00eb Kantonit t\u00eb Schwyz cili ka treguar gatishm\u00ebrin\u00eb edhe p\u00ebr t\u00eb tret\u00ebn her\u00eb radhazi t\u00eb jet\u00eb sponsor gjeneral p\u00ebr Super Kup\u00ebn Kosov\u00eb \u2013 Diaspor\u00eb 2024. Kryetari i UKSHFZ z. [&hellip;]<\/p>\n","protected":false},"author":1,"featured_media":5930,"comment_status":"closed","ping_status":"closed","sticky":false,"template":"","format":"standard","meta":{"footnotes":""},"categories":[106],"tags":[],"class_list":{"0":"post-5929","1":"post","2":"type-post","3":"status-publish","4":"format-standard","5":"has-post-thumbnail","7":"category-sport"},"_links":{"self":[{"href":"https:\/\/syri.tv\/index.php?rest_route=\/wp\/v2\/posts\/5929","targetHints":{"allow":["GET"]}}],"collection":[{"href":"https:\/\/syri.tv\/index.php?rest_route=\/wp\/v2\/posts"}],"about":[{"href":"https:\/\/syri.tv\/index.php?rest_route=\/wp\/v2\/types\/post"}],"author":[{"embeddable":true,"href":"https:\/\/syri.tv\/index.php?rest_route=\/wp\/v2\/users\/1"}],"replies":[{"embeddable":true,"href":"https:\/\/syri.tv\/index.php?rest_route=%2Fwp%2Fv2%2Fcomments&post=5929"}],"version-history":[{"count":4,"href":"https:\/\/syri.tv\/index.php?rest_route=\/wp\/v2\/posts\/5929\/revisions"}],"predecessor-version":[{"id":5936,"href":"https:\/\/syri.tv\/index.php?rest_route=\/wp\/v2\/posts\/5929\/revisions\/5936"}],"wp:featuredmedia":[{"embeddable":true,"href":"https:\/\/syri.tv\/index.php?rest_route=\/wp\/v2\/media\/5930"}],"wp:attachment":[{"href":"https:\/\/syri.tv\/index.php?rest_route=%2Fwp%2Fv2%2Fmedia&parent=5929"}],"wp:term":[{"taxonomy":"category","embeddable":true,"href":"https:\/\/syri.tv\/index.php?rest_route=%2Fwp%2Fv2%2Fcategories&post=5929"},{"taxonomy":"post_tag","embeddable":true,"href":"https:\/\/syri.tv\/index.php?rest_route=%2Fwp%2Fv2%2Ftags&post=5929"}],"curies":[{"name":"wp","href":"https:\/\/api.w.org\/{rel}","templated":true}]}}