{"id":5852,"date":"2024-05-16T06:48:49","date_gmt":"2024-05-16T06:48:49","guid":{"rendered":"https:\/\/syri.tv\/?p=5852"},"modified":"2024-05-16T06:48:49","modified_gmt":"2024-05-16T06:48:49","slug":"ne-zvicer-u-mbajt-panairi-i-bizneseve-shqiptare-nga-lugina-e-presheves","status":"publish","type":"post","link":"https:\/\/syri.tv\/?p=5852","title":{"rendered":"N\u00eb Zvic\u00ebr u mbajt panairi i bizneseve shqiptare nga Lugina e Preshev\u00ebs"},"content":{"rendered":"<p>Ne\u00a0 Zvicer nga 11-12 maj i k\u00ebtij viti \u00ebsht\u00eb mbajtur Panairi-Messe \u00ab Lugina 2024 \u00a0\u00bb organizuar nga Fondi Humanitar Preshev\u00eb, Bujanoc, Medvegj\u00eb me kryetar Adnan Imeri, meq\u00ebrast dhjetra kompani prezentuan prodhime dhe produktet e tyre para vizitor\u00ebve te shumt\u00eb.<\/p>\n<p><img loading=\"lazy\" loading=\"lazy\" decoding=\"async\" class=\"alignnone size-large wp-image-5854\" src=\"https:\/\/syri.tv\/wp-content\/uploads\/2024\/05\/1a-1024x683.jpg\" alt=\"\" width=\"1024\" height=\"683\" srcset=\"https:\/\/syri.tv\/wp-content\/uploads\/2024\/05\/1a-1024x683.jpg 1024w, https:\/\/syri.tv\/wp-content\/uploads\/2024\/05\/1a-300x200.jpg 300w, https:\/\/syri.tv\/wp-content\/uploads\/2024\/05\/1a-768x512.jpg 768w, https:\/\/syri.tv\/wp-content\/uploads\/2024\/05\/1a-1536x1024.jpg 1536w, https:\/\/syri.tv\/wp-content\/uploads\/2024\/05\/1a-2048x1365.jpg 2048w, https:\/\/syri.tv\/wp-content\/uploads\/2024\/05\/1a-330x220.jpg 330w, https:\/\/syri.tv\/wp-content\/uploads\/2024\/05\/1a-420x280.jpg 420w, https:\/\/syri.tv\/wp-content\/uploads\/2024\/05\/1a-615x410.jpg 615w, https:\/\/syri.tv\/wp-content\/uploads\/2024\/05\/1a-860x573.jpg 860w\" sizes=\"auto, (max-width: 1024px) 100vw, 1024px\" \/><\/p>\n<div class=\"x11i5rnm xat24cr x1mh8g0r x1vvkbs xtlvy1s x126k92a\">\n<div dir=\"auto\">N\u00eb Panarin nga Lugina mor\u00ebn pjes\u00eb pos biznesmen\u00ebve, afarist\u00ebve nga Lugina, prezentuan edhe p\u00ebrfaq\u00ebsues nga ambasadat tona (Shqiperia, Kosova dhe Maqedonia Veriore). Te pranish\u00ebm n\u00eb panair takuam edhe figura diplomatike nga Ambasada e Shqip\u00ebris\u00eb shkelq\u00ebsin\u00eb e tij ambasadorin Mustafa Nano dhe sekretarin e par\u00eb z.Valon Gashi, Konsulin e\u00a0 Republik\u00ebs s\u00eb Kosov\u00ebs ne Z\u00fcrich z.Vigan Berisha, Korrdinatorin e Shkollave Shqipe ne Zvic\u00ebr z. Vaxhid Sejdiu, kryetari i RrBSHZ Visar Robelli, sekertar i FHPBM Skender Desatni, Kryetari i UKSHFZ z. Feti Demoli dhe shum\u00eb t\u00eb tjer\u00eb\u2026<\/div>\n<div dir=\"auto\"><img loading=\"lazy\" loading=\"lazy\" decoding=\"async\" class=\"alignnone size-large wp-image-5855\" src=\"https:\/\/syri.tv\/wp-content\/uploads\/2024\/05\/4a-1-1024x683.jpg\" alt=\"\" width=\"1024\" height=\"683\" srcset=\"https:\/\/syri.tv\/wp-content\/uploads\/2024\/05\/4a-1-1024x683.jpg 1024w, https:\/\/syri.tv\/wp-content\/uploads\/2024\/05\/4a-1-300x200.jpg 300w, https:\/\/syri.tv\/wp-content\/uploads\/2024\/05\/4a-1-768x512.jpg 768w, https:\/\/syri.tv\/wp-content\/uploads\/2024\/05\/4a-1-1536x1024.jpg 1536w, https:\/\/syri.tv\/wp-content\/uploads\/2024\/05\/4a-1-2048x1365.jpg 2048w, https:\/\/syri.tv\/wp-content\/uploads\/2024\/05\/4a-1-330x220.jpg 330w, https:\/\/syri.tv\/wp-content\/uploads\/2024\/05\/4a-1-420x280.jpg 420w, https:\/\/syri.tv\/wp-content\/uploads\/2024\/05\/4a-1-615x410.jpg 615w, https:\/\/syri.tv\/wp-content\/uploads\/2024\/05\/4a-1-860x573.jpg 860w\" sizes=\"auto, (max-width: 1024px) 100vw, 1024px\" \/><\/div>\n<\/div>\n<div dir=\"auto\"><\/div>\n<div dir=\"auto\">Ne k\u00ebt\u00eb panair ne Zvic\u00ebr, pjes\u00ebmarr\u00ebsve ju drejtuan p\u00ebrfaqesues te biznesve dhe kompanive te tyre nga Lugina e Preshev\u00ebs si: Berat Mustafa (Fluidi, CEO- Floil), Xhemal Shabani (Majanca), Gafur Bici (BiciComerc), Fejzullah Agushi (ALPI Groupe), Lindi, Aviator etj\u2026<\/div>\n<div dir=\"auto\"><img loading=\"lazy\" loading=\"lazy\" decoding=\"async\" class=\"alignnone size-large wp-image-5856\" src=\"https:\/\/syri.tv\/wp-content\/uploads\/2024\/05\/DSC_0787-1024x683.jpg\" alt=\"\" width=\"1024\" height=\"683\" srcset=\"https:\/\/syri.tv\/wp-content\/uploads\/2024\/05\/DSC_0787-1024x683.jpg 1024w, https:\/\/syri.tv\/wp-content\/uploads\/2024\/05\/DSC_0787-300x200.jpg 300w, https:\/\/syri.tv\/wp-content\/uploads\/2024\/05\/DSC_0787-768x512.jpg 768w, https:\/\/syri.tv\/wp-content\/uploads\/2024\/05\/DSC_0787-1536x1024.jpg 1536w, https:\/\/syri.tv\/wp-content\/uploads\/2024\/05\/DSC_0787-2048x1365.jpg 2048w, https:\/\/syri.tv\/wp-content\/uploads\/2024\/05\/DSC_0787-330x220.jpg 330w, https:\/\/syri.tv\/wp-content\/uploads\/2024\/05\/DSC_0787-420x280.jpg 420w, https:\/\/syri.tv\/wp-content\/uploads\/2024\/05\/DSC_0787-615x410.jpg 615w, https:\/\/syri.tv\/wp-content\/uploads\/2024\/05\/DSC_0787-860x573.jpg 860w\" sizes=\"auto, (max-width: 1024px) 100vw, 1024px\" \/><\/div>\n<div class=\"x11i5rnm xat24cr x1mh8g0r x1vvkbs xtlvy1s x126k92a\">\n<div dir=\"auto\"><\/div>\n<div dir=\"auto\">Prodhues dhe Biznismen nga Lugina treguan kualitet dhe shum\u00eb energji pozitive p\u00ebr t\u00eb lidhur dhe zgjeruar rrjet\u00ebzimin n\u00eb mes afarist\u00ebve t\u00eb Evrop\u00ebs n\u00eb ve\u00e7anti n\u00eb Zvic\u00ebr.<\/div>\n<div dir=\"auto\"><img loading=\"lazy\" loading=\"lazy\" decoding=\"async\" class=\"alignnone size-large wp-image-5857\" src=\"https:\/\/syri.tv\/wp-content\/uploads\/2024\/05\/6-1024x683.jpg\" alt=\"\" width=\"1024\" height=\"683\" srcset=\"https:\/\/syri.tv\/wp-content\/uploads\/2024\/05\/6-1024x683.jpg 1024w, https:\/\/syri.tv\/wp-content\/uploads\/2024\/05\/6-300x200.jpg 300w, https:\/\/syri.tv\/wp-content\/uploads\/2024\/05\/6-768x512.jpg 768w, https:\/\/syri.tv\/wp-content\/uploads\/2024\/05\/6-1536x1024.jpg 1536w, https:\/\/syri.tv\/wp-content\/uploads\/2024\/05\/6-2048x1365.jpg 2048w, https:\/\/syri.tv\/wp-content\/uploads\/2024\/05\/6-330x220.jpg 330w, https:\/\/syri.tv\/wp-content\/uploads\/2024\/05\/6-420x280.jpg 420w, https:\/\/syri.tv\/wp-content\/uploads\/2024\/05\/6-615x410.jpg 615w, https:\/\/syri.tv\/wp-content\/uploads\/2024\/05\/6-860x573.jpg 860w\" sizes=\"auto, (max-width: 1024px) 100vw, 1024px\" \/><\/div>\n<div dir=\"auto\"><\/div>\n<\/div>\n<div class=\"x11i5rnm xat24cr x1mh8g0r x1vvkbs xtlvy1s x126k92a\">\n<div dir=\"auto\">Padyshim q\u00eb p\u00ebrkrahja jon\u00eb sipas mund\u00ebsive nuk do t\u00eb mungoj dhe do t\u00eb vazhdojm\u00eb n\u00eb takime p\u00ebr t\u00eb rrjet\u00ebzuar dhe motivuar afarist\u00ebt p\u00ebr t\u00eb bashk\u00ebpunuar. Besojm\u00eb se bashkimi i afarist\u00ebve \u00ebsht\u00eb nj\u00eb fuqi me shum\u00eb potencial p\u00ebr t\u00eb mir\u00ebn e gjith\u00eb shoq\u00ebris shqiptare.<\/div>\n<\/div>\n<div class=\"x11i5rnm xat24cr x1mh8g0r x1vvkbs xtlvy1s x126k92a\">\n<div dir=\"auto\">,,Ekonomia shp\u00ebton Lugin\u00ebn\u00a0\u00bb. Evenmentin ekonomik te bizneseve dhe afarist\u00ebve nga Lugina e Preshev\u00ebs<\/div>\n<div dir=\"auto\"><img loading=\"lazy\" loading=\"lazy\" decoding=\"async\" class=\"alignnone size-large wp-image-5858\" src=\"https:\/\/syri.tv\/wp-content\/uploads\/2024\/05\/7-1024x683.jpg\" alt=\"\" width=\"1024\" height=\"683\" srcset=\"https:\/\/syri.tv\/wp-content\/uploads\/2024\/05\/7-1024x683.jpg 1024w, https:\/\/syri.tv\/wp-content\/uploads\/2024\/05\/7-300x200.jpg 300w, https:\/\/syri.tv\/wp-content\/uploads\/2024\/05\/7-768x512.jpg 768w, https:\/\/syri.tv\/wp-content\/uploads\/2024\/05\/7-1536x1024.jpg 1536w, https:\/\/syri.tv\/wp-content\/uploads\/2024\/05\/7-2048x1365.jpg 2048w, https:\/\/syri.tv\/wp-content\/uploads\/2024\/05\/7-330x220.jpg 330w, https:\/\/syri.tv\/wp-content\/uploads\/2024\/05\/7-420x280.jpg 420w, https:\/\/syri.tv\/wp-content\/uploads\/2024\/05\/7-615x410.jpg 615w, https:\/\/syri.tv\/wp-content\/uploads\/2024\/05\/7-860x573.jpg 860w\" sizes=\"auto, (max-width: 1024px) 100vw, 1024px\" \/><\/div>\n<div dir=\"auto\"><\/div>\n<\/div>\n","protected":false},"excerpt":{"rendered":"<p>Ne\u00a0 Zvicer nga 11-12 maj i k\u00ebtij viti \u00ebsht\u00eb mbajtur Panairi-Messe \u00ab Lugina 2024 \u00a0\u00bb organizuar nga Fondi Humanitar Preshev\u00eb, Bujanoc, Medvegj\u00eb me kryetar Adnan Imeri, meq\u00ebrast dhjetra kompani prezentuan prodhime dhe produktet e tyre para vizitor\u00ebve te shumt\u00eb. N\u00eb Panarin nga Lugina mor\u00ebn pjes\u00eb pos biznesmen\u00ebve, afarist\u00ebve nga Lugina, prezentuan edhe p\u00ebrfaq\u00ebsues nga ambasadat [&hellip;]<\/p>\n","protected":false},"author":1,"featured_media":5853,"comment_status":"closed","ping_status":"closed","sticky":false,"template":"","format":"standard","meta":{"footnotes":""},"categories":[2],"tags":[],"class_list":{"0":"post-5852","1":"post","2":"type-post","3":"status-publish","4":"format-standard","5":"has-post-thumbnail","7":"category-zvicer"},"_links":{"self":[{"href":"https:\/\/syri.tv\/index.php?rest_route=\/wp\/v2\/posts\/5852","targetHints":{"allow":["GET"]}}],"collection":[{"href":"https:\/\/syri.tv\/index.php?rest_route=\/wp\/v2\/posts"}],"about":[{"href":"https:\/\/syri.tv\/index.php?rest_route=\/wp\/v2\/types\/post"}],"author":[{"embeddable":true,"href":"https:\/\/syri.tv\/index.php?rest_route=\/wp\/v2\/users\/1"}],"replies":[{"embeddable":true,"href":"https:\/\/syri.tv\/index.php?rest_route=%2Fwp%2Fv2%2Fcomments&post=5852"}],"version-history":[{"count":1,"href":"https:\/\/syri.tv\/index.php?rest_route=\/wp\/v2\/posts\/5852\/revisions"}],"predecessor-version":[{"id":5859,"href":"https:\/\/syri.tv\/index.php?rest_route=\/wp\/v2\/posts\/5852\/revisions\/5859"}],"wp:featuredmedia":[{"embeddable":true,"href":"https:\/\/syri.tv\/index.php?rest_route=\/wp\/v2\/media\/5853"}],"wp:attachment":[{"href":"https:\/\/syri.tv\/index.php?rest_route=%2Fwp%2Fv2%2Fmedia&parent=5852"}],"wp:term":[{"taxonomy":"category","embeddable":true,"href":"https:\/\/syri.tv\/index.php?rest_route=%2Fwp%2Fv2%2Fcategories&post=5852"},{"taxonomy":"post_tag","embeddable":true,"href":"https:\/\/syri.tv\/index.php?rest_route=%2Fwp%2Fv2%2Ftags&post=5852"}],"curies":[{"name":"wp","href":"https:\/\/api.w.org\/{rel}","templated":true}]}}