{"id":5796,"date":"2024-04-30T10:12:11","date_gmt":"2024-04-30T10:12:11","guid":{"rendered":"https:\/\/syri.tv\/?p=5796"},"modified":"2024-04-30T10:12:11","modified_gmt":"2024-04-30T10:12:11","slug":"nje-grua-raportohet-se-ka-vdekur-ne-aeroplan-derisa-ishte-duke-ardhur-nga-zvicra","status":"publish","type":"post","link":"https:\/\/syri.tv\/?p=5796","title":{"rendered":"Nj\u00eb grua raportohet se ka vdekur n\u00eb aeroplan derisa ishte duke ardhur nga Zvicra"},"content":{"rendered":"<p>Si\u00e7 njofton Policia, viktim\u00ebs i ishte keq\u00ebsuar gjendja sh\u00ebndet\u00ebsore dhe pasi ishte kontrolluar nga ekipi mjek\u00ebsor ishte konstatuar vdekja e saj.<\/p>\n<p>Rasti \u00ebsht\u00eb regjistruar n\u00eb Aeroportin e Prishtin\u00ebs \u201cAdem Jashari\u201d m\u00eb 29.04.2024 n\u00eb 22:25h.<\/p>\n<header class=\"single_article__header\">\n<div class=\"single_article__header__additional\">\n<div class=\"single_article__authors\">\n<div class=\"single_article__author\">\n<div class=\"single_article__author__thumb\">\u201cANP-s\u00eb, Adem Jashari\u00a0 29.04.2024-22:25.\u00a0\u00cbsht\u00eb raportuar se\u00a0viktima fem\u00ebr kosovare derisa ishte duke fluturuar\u00a0n\u00eb arritje nga Zvicra, i \u00ebsht\u00eb keq\u00ebsuar gjendja sh\u00ebndet\u00ebsore\u00a0 dhe pasi \u00ebsht\u00eb kontrolluar nga ekipi mjek\u00ebsor \u00ebsht\u00eb konstatuar vdekja\u00a0e viktim\u00ebs.\u00a0Me vendim t\u00eb prokurorit,\u00a0trupi i pajet\u00eb i viktim\u00ebs \u00ebsht\u00eb d\u00ebrguar n\u00eb IML p\u00ebr obduksion\u201d, thuhet n\u00eb raportin 24 or\u00ebsh t\u00eb Policis\u00eb<\/div>\n<h4 class=\"single_article__author__name\"><\/h4>\n<\/div>\n<\/div>\n<\/div>\n<\/header>\n","protected":false},"excerpt":{"rendered":"<p>Si\u00e7 njofton Policia, viktim\u00ebs i ishte keq\u00ebsuar gjendja sh\u00ebndet\u00ebsore dhe pasi ishte kontrolluar nga ekipi mjek\u00ebsor ishte konstatuar vdekja e saj. Rasti \u00ebsht\u00eb regjistruar n\u00eb Aeroportin e Prishtin\u00ebs \u201cAdem Jashari\u201d m\u00eb 29.04.2024 n\u00eb 22:25h. \u201cANP-s\u00eb, Adem Jashari\u00a0 29.04.2024-22:25.\u00a0\u00cbsht\u00eb raportuar se\u00a0viktima fem\u00ebr kosovare derisa ishte duke fluturuar\u00a0n\u00eb arritje nga Zvicra, i \u00ebsht\u00eb keq\u00ebsuar gjendja sh\u00ebndet\u00ebsore\u00a0 dhe [&hellip;]<\/p>\n","protected":false},"author":1,"featured_media":5797,"comment_status":"closed","ping_status":"closed","sticky":false,"template":"","format":"standard","meta":{"footnotes":""},"categories":[9],"tags":[],"class_list":{"0":"post-5796","1":"post","2":"type-post","3":"status-publish","4":"format-standard","5":"has-post-thumbnail","7":"category-vendi"},"_links":{"self":[{"href":"https:\/\/syri.tv\/index.php?rest_route=\/wp\/v2\/posts\/5796","targetHints":{"allow":["GET"]}}],"collection":[{"href":"https:\/\/syri.tv\/index.php?rest_route=\/wp\/v2\/posts"}],"about":[{"href":"https:\/\/syri.tv\/index.php?rest_route=\/wp\/v2\/types\/post"}],"author":[{"embeddable":true,"href":"https:\/\/syri.tv\/index.php?rest_route=\/wp\/v2\/users\/1"}],"replies":[{"embeddable":true,"href":"https:\/\/syri.tv\/index.php?rest_route=%2Fwp%2Fv2%2Fcomments&post=5796"}],"version-history":[{"count":1,"href":"https:\/\/syri.tv\/index.php?rest_route=\/wp\/v2\/posts\/5796\/revisions"}],"predecessor-version":[{"id":5798,"href":"https:\/\/syri.tv\/index.php?rest_route=\/wp\/v2\/posts\/5796\/revisions\/5798"}],"wp:featuredmedia":[{"embeddable":true,"href":"https:\/\/syri.tv\/index.php?rest_route=\/wp\/v2\/media\/5797"}],"wp:attachment":[{"href":"https:\/\/syri.tv\/index.php?rest_route=%2Fwp%2Fv2%2Fmedia&parent=5796"}],"wp:term":[{"taxonomy":"category","embeddable":true,"href":"https:\/\/syri.tv\/index.php?rest_route=%2Fwp%2Fv2%2Fcategories&post=5796"},{"taxonomy":"post_tag","embeddable":true,"href":"https:\/\/syri.tv\/index.php?rest_route=%2Fwp%2Fv2%2Ftags&post=5796"}],"curies":[{"name":"wp","href":"https:\/\/api.w.org\/{rel}","templated":true}]}}