{"id":5722,"date":"2024-04-23T12:10:17","date_gmt":"2024-04-23T12:10:17","guid":{"rendered":"https:\/\/syri.tv\/?p=5722"},"modified":"2024-04-23T12:10:17","modified_gmt":"2024-04-23T12:10:17","slug":"delegacioni-nga-lugina-takojne-eurodeputeten-viola-von-cramon","status":"publish","type":"post","link":"https:\/\/syri.tv\/?p=5722","title":{"rendered":"Delegacioni nga Lugina takojn\u00eb Eurodeputeten Viola von Cramon"},"content":{"rendered":"<p>Takimi konstruktiv me Eurodeputeten liberale, znj. Viola von Cramon, u fokusua n\u00eb sfidat e diskriminimit t\u00eb shqiptar\u00ebve, ve\u00e7an\u00ebrisht n\u00eb Lugin\u00ebn e Preshev\u00ebs, dhe r\u00ebnd\u00ebsin\u00eb e respektimit t\u00eb lirive individuale dhe kolektive sipas konventave nd\u00ebrkomb\u00ebtare dhe evropiane.<\/p>\n<p>Solidariteti dhe mir\u00ebkuptimi p\u00ebr k\u00ebt\u00eb situat\u00eb jan\u00eb hapi i par\u00eb drejt adresimit t\u00eb diskriminimit n\u00eb bashk\u00ebpunim me miqt\u00eb tan\u00eb.<\/p>\n<p><img loading=\"lazy\" loading=\"lazy\" decoding=\"async\" class=\"alignnone size-full wp-image-5724\" src=\"https:\/\/syri.tv\/wp-content\/uploads\/2024\/04\/brrrrrrrrrrr.jpg\" alt=\"\" width=\"960\" height=\"539\" srcset=\"https:\/\/syri.tv\/wp-content\/uploads\/2024\/04\/brrrrrrrrrrr.jpg 960w, https:\/\/syri.tv\/wp-content\/uploads\/2024\/04\/brrrrrrrrrrr-300x168.jpg 300w, https:\/\/syri.tv\/wp-content\/uploads\/2024\/04\/brrrrrrrrrrr-768x431.jpg 768w, https:\/\/syri.tv\/wp-content\/uploads\/2024\/04\/brrrrrrrrrrr-860x483.jpg 860w\" sizes=\"auto, (max-width: 960px) 100vw, 960px\" \/><\/p>\n","protected":false},"excerpt":{"rendered":"<p>Takimi konstruktiv me Eurodeputeten liberale, znj. Viola von Cramon, u fokusua n\u00eb sfidat e diskriminimit t\u00eb shqiptar\u00ebve, ve\u00e7an\u00ebrisht n\u00eb Lugin\u00ebn e Preshev\u00ebs, dhe r\u00ebnd\u00ebsin\u00eb e respektimit t\u00eb lirive individuale dhe kolektive sipas konventave nd\u00ebrkomb\u00ebtare dhe evropiane. Solidariteti dhe mir\u00ebkuptimi p\u00ebr k\u00ebt\u00eb situat\u00eb jan\u00eb hapi i par\u00eb drejt adresimit t\u00eb diskriminimit n\u00eb bashk\u00ebpunim me miqt\u00eb tan\u00eb.<\/p>\n","protected":false},"author":1,"featured_media":5723,"comment_status":"closed","ping_status":"closed","sticky":false,"template":"","format":"standard","meta":{"footnotes":""},"categories":[9],"tags":[],"class_list":{"0":"post-5722","1":"post","2":"type-post","3":"status-publish","4":"format-standard","5":"has-post-thumbnail","7":"category-vendi"},"_links":{"self":[{"href":"https:\/\/syri.tv\/index.php?rest_route=\/wp\/v2\/posts\/5722","targetHints":{"allow":["GET"]}}],"collection":[{"href":"https:\/\/syri.tv\/index.php?rest_route=\/wp\/v2\/posts"}],"about":[{"href":"https:\/\/syri.tv\/index.php?rest_route=\/wp\/v2\/types\/post"}],"author":[{"embeddable":true,"href":"https:\/\/syri.tv\/index.php?rest_route=\/wp\/v2\/users\/1"}],"replies":[{"embeddable":true,"href":"https:\/\/syri.tv\/index.php?rest_route=%2Fwp%2Fv2%2Fcomments&post=5722"}],"version-history":[{"count":1,"href":"https:\/\/syri.tv\/index.php?rest_route=\/wp\/v2\/posts\/5722\/revisions"}],"predecessor-version":[{"id":5725,"href":"https:\/\/syri.tv\/index.php?rest_route=\/wp\/v2\/posts\/5722\/revisions\/5725"}],"wp:featuredmedia":[{"embeddable":true,"href":"https:\/\/syri.tv\/index.php?rest_route=\/wp\/v2\/media\/5723"}],"wp:attachment":[{"href":"https:\/\/syri.tv\/index.php?rest_route=%2Fwp%2Fv2%2Fmedia&parent=5722"}],"wp:term":[{"taxonomy":"category","embeddable":true,"href":"https:\/\/syri.tv\/index.php?rest_route=%2Fwp%2Fv2%2Fcategories&post=5722"},{"taxonomy":"post_tag","embeddable":true,"href":"https:\/\/syri.tv\/index.php?rest_route=%2Fwp%2Fv2%2Ftags&post=5722"}],"curies":[{"name":"wp","href":"https:\/\/api.w.org\/{rel}","templated":true}]}}