{"id":5702,"date":"2024-04-23T07:19:15","date_gmt":"2024-04-23T07:19:15","guid":{"rendered":"https:\/\/syri.tv\/?p=5702"},"modified":"2024-04-23T07:19:15","modified_gmt":"2024-04-23T07:19:15","slug":"shqiprim-arifi-thote-se-serbia-e-shkarkoi-nga-posti-i-kryetarit-te-presheves","status":"publish","type":"post","link":"https:\/\/syri.tv\/?p=5702","title":{"rendered":"Shqiprim Arifi thot\u00eb se Serbia e shkarkoi nga posti i kryetarit t\u00eb Preshev\u00ebs"},"content":{"rendered":"<p><strong>Shqiprim Arifi, ka njoftuar se \u00ebsht\u00eb shkarkuar nga posti i kryetarit t\u00eb Komun\u00ebs s\u00eb Preshev\u00ebs.<\/strong><\/p>\n<p>Arifi ka th\u00ebn\u00eb se shkarkim i i tij u b\u00eb n\u00eb m\u00ebnyr\u00eb arbitrare dhe pa asnj\u00eb procedur\u00eb ligjore.<\/p>\n<div class=\"rek-holder ad_background\"><\/div>\n<p>Ai ka ka th\u00ebne se kjo u b\u00eb nga regjimi serb dhe antishqiptar duke vazhduar praktik\u00ebn e viteve t\u00eb 90-ta. Ai ka akuzuar edhe politikan\u00eb shqiptar\u00eb nga Lugina duke th\u00ebn\u00eb se bashk\u00ebpunuan p\u00ebr shkarkimin e tij.<\/p>\n<p><strong>Njoftimi i plot\u00eb:<\/strong><\/p>\n<p>Dje n\u00eb mesnat\u00eb, pushteti autoritar i Beogradit, n\u00eb m\u00ebnyr\u00eb arbitrare dhe duke mos ndjekur asnj\u00eb procedur\u00eb ligjore, si dhe pa asnj\u00eb njoftim zyrtar, regjimi serb dhe antishqiptar duke vazhduar tradit\u00ebn e Millosheviqit t\u00eb viteve t\u00eb 90ta, n\u00eb m\u00ebnyr\u00eb t\u00eb dhunshme m\u00eb SHKARKUAN nga posti i Kryetarit t\u00eb Komun\u00ebs s\u00eb Preshev\u00ebs.<\/p>\n<p>Nj\u00ebkoh\u00ebsisht, ky regjim antishqiptar dhunsh\u00ebm instaloi nj\u00eb organ t\u00eb p\u00ebrkohsh\u00ebm deri n\u00eb zgjedhjet e ardhshme.<br \/>\nKa disa koh\u00eb q\u00eb Vu\u00e7iq k\u00ebrc\u00ebnon publikisht shqiptar\u00ebt e Lugin\u00ebs s\u00eb Preshev\u00ebs. SHKARKIMI i dhunsh\u00ebm i imi, mesnat\u00ebn e mbr\u00ebmshme, pa asnj\u00eb procedur ligjore dhe asnj\u00eb njoftim, ndodh menj\u00ebher\u00eb pas k\u00ebrc\u00ebnimit t\u00eb fundit publik t\u00eb Vu\u00e7iqit n\u00eb k\u00ebt\u00eb jav\u00eb dhe 24 or\u00eb pasi u d\u00ebnova nga Gjykata serbe p\u00ebr vendosjen e flamurit komb\u00ebtar shqiptar m\u00eb 28 N\u00ebntor.<\/p>\n<p>Me k\u00ebto veprime raciste antishqiptare q\u00eb jan\u00eb trash\u00ebgimi e politikave t\u00eb regjimit t\u00eb Millosheviqit, Serbia e sotshme e Vu\u00e7iqit d\u00ebshmon tani m\u00eb 3 dekada e m\u00eb shum\u00eb, se shqiptar\u00ebt nuk i konsideron si qenie njer\u00ebzore dhe asesi qyetatar\u00eb t\u00eb barabart\u00eb n\u00eb Serbi. Diskriminimi ndaj shqiptar\u00ebve \u00ebsht\u00eb agjend e pand\u00ebrprer\u00eb e politikave t\u00eb Vu\u00e7iqit dhe Serbis\u00eb s\u00eb tij pro-ruse.<\/p>\n<p>Pra, n\u00eb boshtin shoq\u00ebror t\u00eb Serbis\u00eb dhe n\u00eb edukimin filozofiko-politik t\u00eb Serbis\u00eb, ky shtet mbetet n\u00eb thelb nj\u00eb regjim autokrat i cili nacionalizmin ekstrem serb e p\u00ebrdor kundrejt t\u00eb gjith\u00ebve, n\u00eb ve\u00e7anti t\u00eb shqiptar\u00ebve e sidomos ndaj shqiptar\u00ebve t\u00eb Lugin\u00ebs s\u00eb Preshev\u00ebs.<\/p>\n<p>SHKARKIMIN tim t\u00eb dhunsh\u00ebm, nuk kishte mundur ta realizoj pa ndihm\u00ebn e pakursyer t\u00eb shqipfol\u00ebsve serbofil si\u00e7 jan\u00eb: Ragmi Mustafa, Shaip Kamberi, Ardita Sinani dhe Argjend Sherifi si dhe disa kompani lokale mafioze q\u00eb bashk\u00ebpunojn\u00eb me qarqet e err\u00ebta n\u00eb Serbi. Kjo klas\u00eb politike bashk\u00ebpunuese besnik t\u00eb regjimit serb me dekada, jan\u00eb b\u00ebr\u00eb veg\u00ebl e leht\u00eb p\u00ebr Vu\u00e7iqin dhe serbin\u00eb p\u00ebr t\u00eb realizuar agjend\u00ebn e tij antishqiptare n\u00eb Lugin\u00eb t\u00eb Preshev\u00ebs.<\/p>\n<p>Prandaj edhe kryetari i organit t\u00eb dhunsh\u00ebm q\u00eb u vendos n\u00eb mesnat\u00ebn e djeshme nga Vucic, \u00ebsht\u00eb Ragmi Mustafa i cili para 1 dekade i ka dhuruar pik\u00ebrisht Vucicit \u201cZAHVALLNIC\u00cbN \u2013 Mir\u00ebnjohje \u201d menj\u00ebher\u00eb pasi e hoqi Vucic lapidarin me emrat e d\u00ebshmor\u00ebve t\u00eb U\u00c7PMB-s\u00eb.<br \/>\nP\u00ebr SHKARKIMIN tim t\u00eb dhunsh\u00ebm dhe p\u00ebr gjith\u00eb akter\u00ebt t\u00eb lartcekur, q\u00eb n\u00eb vazhdim\u00ebsi po ndihmojn\u00eb Serbin\u00eb p\u00ebr t\u00eb d\u00ebmtuar shqiptar\u00ebt, kam njoftuar partner\u00ebt tan\u00eb nd\u00ebrkomb\u00ebtar SHBA dhe BE.<\/p>\n<p>Me k\u00ebt\u00eb SHKARKIM t\u00eb dhunsh\u00ebm nga regjimi serb i jap FUND politik\u00ebs aktive n\u00eb Lugin\u00eb t\u00eb Preshev\u00ebs, por n\u00eb an\u00ebn tjet\u00ebr dhe nj\u00ebher\u00eb m\u00eb shum\u00eb m\u00eb ka motivuar q\u00eb luft\u00ebn ndaj padrejt\u00ebsis\u00eb, diskriminimit, pasivizimit dhe luft\u00ebn p\u00ebr t\u00eb drejta elementare dhe avokimin e t\u00eb drejtave t\u00eb popullit tim, p\u00ebr shqiptar\u00ebt autokton t\u00eb k\u00ebtyre trojeve, ta ngriti n\u00eb nj\u00eb nivel m\u00eb t\u00eb lart\u00eb!<\/p>\n","protected":false},"excerpt":{"rendered":"<p>Shqiprim Arifi, ka njoftuar se \u00ebsht\u00eb shkarkuar nga posti i kryetarit t\u00eb Komun\u00ebs s\u00eb Preshev\u00ebs. Arifi ka th\u00ebn\u00eb se shkarkim i i tij u b\u00eb n\u00eb m\u00ebnyr\u00eb arbitrare dhe pa asnj\u00eb procedur\u00eb ligjore. Ai ka ka th\u00ebne se kjo u b\u00eb nga regjimi serb dhe antishqiptar duke vazhduar praktik\u00ebn e viteve t\u00eb 90-ta. Ai ka [&hellip;]<\/p>\n","protected":false},"author":1,"featured_media":5703,"comment_status":"closed","ping_status":"closed","sticky":false,"template":"","format":"standard","meta":{"footnotes":""},"categories":[9],"tags":[],"class_list":{"0":"post-5702","1":"post","2":"type-post","3":"status-publish","4":"format-standard","5":"has-post-thumbnail","7":"category-vendi"},"_links":{"self":[{"href":"https:\/\/syri.tv\/index.php?rest_route=\/wp\/v2\/posts\/5702","targetHints":{"allow":["GET"]}}],"collection":[{"href":"https:\/\/syri.tv\/index.php?rest_route=\/wp\/v2\/posts"}],"about":[{"href":"https:\/\/syri.tv\/index.php?rest_route=\/wp\/v2\/types\/post"}],"author":[{"embeddable":true,"href":"https:\/\/syri.tv\/index.php?rest_route=\/wp\/v2\/users\/1"}],"replies":[{"embeddable":true,"href":"https:\/\/syri.tv\/index.php?rest_route=%2Fwp%2Fv2%2Fcomments&post=5702"}],"version-history":[{"count":1,"href":"https:\/\/syri.tv\/index.php?rest_route=\/wp\/v2\/posts\/5702\/revisions"}],"predecessor-version":[{"id":5704,"href":"https:\/\/syri.tv\/index.php?rest_route=\/wp\/v2\/posts\/5702\/revisions\/5704"}],"wp:featuredmedia":[{"embeddable":true,"href":"https:\/\/syri.tv\/index.php?rest_route=\/wp\/v2\/media\/5703"}],"wp:attachment":[{"href":"https:\/\/syri.tv\/index.php?rest_route=%2Fwp%2Fv2%2Fmedia&parent=5702"}],"wp:term":[{"taxonomy":"category","embeddable":true,"href":"https:\/\/syri.tv\/index.php?rest_route=%2Fwp%2Fv2%2Fcategories&post=5702"},{"taxonomy":"post_tag","embeddable":true,"href":"https:\/\/syri.tv\/index.php?rest_route=%2Fwp%2Fv2%2Ftags&post=5702"}],"curies":[{"name":"wp","href":"https:\/\/api.w.org\/{rel}","templated":true}]}}