{"id":5660,"date":"2024-04-18T06:09:48","date_gmt":"2024-04-18T06:09:48","guid":{"rendered":"https:\/\/syri.tv\/?p=5660"},"modified":"2024-04-18T06:21:03","modified_gmt":"2024-04-18T06:21:03","slug":"serbia-vazhdon-te-qeveriset-nga-mentaliteti-i-periudhes-se-millosheviqit","status":"publish","type":"post","link":"https:\/\/syri.tv\/?p=5660","title":{"rendered":"Serbia vazhdon t\u00eb qeveriset nga mentaliteti i periudh\u00ebs s\u00eb Millosheviqit."},"content":{"rendered":"<div class=\"x11i5rnm xat24cr x1mh8g0r x1vvkbs xtlvy1s x126k92a\">\n<div dir=\"auto\">Serbia sot (ri)d\u00ebshmoi p\u00ebr t\u00eb disat\u00ebn her\u00eb se vazhdon t\u00eb qeveriset nga mentaliteti i periudh\u00ebs s\u00eb Millosheviqit shkruan n\u00eb profilin e saj kryetarja e PVD n\u00eb Presheve z. Ardita Sinani.<\/div>\n<div dir=\"auto\">Poashtu d\u00ebshmoi q\u00eb njer\u00ebzit e atij regjimi fam\u00ebkeq, jan\u00eb po t\u00eb njejtit edhe pse fshihen pas petkut t\u00eb nj\u00eb politikani &#171;demokrat&#187;.<\/div>\n<\/div>\n<div class=\"x11i5rnm xat24cr x1mh8g0r x1vvkbs xtlvy1s x126k92a\">\n<div dir=\"auto\">Masat e ndalimit t\u00eb qarkullimit t\u00eb lir\u00eb si shenj\u00eb frustrimi t\u00eb p\u00ebshtir\u00eb ndaj rekomandimit n\u00eb Parlamentit Evropian p\u00ebr an\u00ebtar\u00ebsimin e Republik\u00ebs s\u00eb Kosov\u00ebs n\u00eb K\u00ebshillin e Evrop\u00ebs.<\/div>\n<\/div>\n<div class=\"x11i5rnm xat24cr x1mh8g0r x1vvkbs xtlvy1s x126k92a\">\n<div dir=\"auto\">Bashk\u00ebsia nd\u00ebrkomb\u00ebtare e pa qart\u00eb n\u00eb pik\u00eb t\u00eb dit\u00ebs se Serbia \u00ebsht\u00eb \u00e7do her\u00eb rrezik permanent q\u00eb t\u00eb shkaktoj masa represive ndaj shtetasve t\u00eb Republik\u00ebs s\u00eb Kosov\u00ebs n\u00eb \u00e7do mund\u00ebsi q\u00eb i jipet.<\/div>\n<\/div>\n<div class=\"x11i5rnm xat24cr x1mh8g0r x1vvkbs xtlvy1s x126k92a\">\n<div dir=\"auto\">F\u00ebmij\u00eb, pleq e gra t\u00eb l\u00ebn\u00eb p\u00ebr disa or\u00eb n\u00eb pritje n\u00eb kufi, q\u00eb u p\u00ebrfunduan edhe rezervat ushqimore. Pamje q\u00eb rikthyen n\u00eb kujtes\u00ebn e t\u00ebr\u00eb bot\u00ebs rradh\u00ebt e pritjeve t\u00eb refugjat\u00ebve t\u00eb cil\u00ebt i kishte d\u00ebbuar nga sht\u00ebpit\u00eb e tyre.<\/div>\n<\/div>\n<div class=\"x11i5rnm xat24cr x1mh8g0r x1vvkbs xtlvy1s x126k92a\">\n<div dir=\"auto\">Tipike e regjimeve autoritare e antidemokratike q\u00eb hakmirren ndaj popull\u00ebsis\u00eb civile.<\/div>\n<\/div>\n<div class=\"x11i5rnm xat24cr x1mh8g0r x1vvkbs xtlvy1s x126k92a\">\n<div dir=\"auto\">Vet\u00ebdij\u00ebsimi sa m\u00eb i shpejt\u00eb i Serbis\u00eb se Kosova \u00ebsht\u00eb REPUBLIK\u00cb, shtet i pavarur dhe sovran q\u00eb s\u00eb shpejti do t\u00eb jet\u00eb pjes\u00eb e organizatave m\u00eb t\u00eb r\u00ebnd\u00ebsishme nd\u00ebrkomb\u00ebtare, do t&#8217;i sh\u00ebrbej\u00eb &#171;demokratizimit&#187; t\u00eb synuar t\u00eb saj.<\/div>\n<\/div>\n<div class=\"x11i5rnm xat24cr x1mh8g0r x1vvkbs xtlvy1s x126k92a\">\n<div dir=\"auto\">N\u00eb t\u00eb njejt\u00ebn koh\u00eb, mbase ky rast i sot\u00ebm, ku nj\u00eb shtet shkel konventat baz\u00eb mbi l\u00ebvizjen e lir\u00eb t\u00eb njer\u00ebzve do t\u00eb duhej t&#8217;i sh\u00ebrbente bashk\u00ebsis\u00eb nd\u00ebrkomb\u00ebtare q\u00eb t\u00eb mos b\u00ebnte sehir, e as t\u00eb p\u00ebrk\u00ebdhel\u00eb m\u00eb tej nj\u00eb shtet autokrat e nj\u00eb president autokrat.<\/div>\n<\/div>\n","protected":false},"excerpt":{"rendered":"<p>Serbia sot (ri)d\u00ebshmoi p\u00ebr t\u00eb disat\u00ebn her\u00eb se vazhdon t\u00eb qeveriset nga mentaliteti i periudh\u00ebs s\u00eb Millosheviqit shkruan n\u00eb profilin e saj kryetarja e PVD n\u00eb Presheve z. Ardita Sinani. Poashtu d\u00ebshmoi q\u00eb njer\u00ebzit e atij regjimi fam\u00ebkeq, jan\u00eb po t\u00eb njejtit edhe pse fshihen pas petkut t\u00eb nj\u00eb politikani &#171;demokrat&#187;. Masat e ndalimit t\u00eb [&hellip;]<\/p>\n","protected":false},"author":1,"featured_media":5661,"comment_status":"closed","ping_status":"closed","sticky":false,"template":"","format":"standard","meta":{"footnotes":""},"categories":[9],"tags":[],"class_list":{"0":"post-5660","1":"post","2":"type-post","3":"status-publish","4":"format-standard","5":"has-post-thumbnail","7":"category-vendi"},"_links":{"self":[{"href":"https:\/\/syri.tv\/index.php?rest_route=\/wp\/v2\/posts\/5660","targetHints":{"allow":["GET"]}}],"collection":[{"href":"https:\/\/syri.tv\/index.php?rest_route=\/wp\/v2\/posts"}],"about":[{"href":"https:\/\/syri.tv\/index.php?rest_route=\/wp\/v2\/types\/post"}],"author":[{"embeddable":true,"href":"https:\/\/syri.tv\/index.php?rest_route=\/wp\/v2\/users\/1"}],"replies":[{"embeddable":true,"href":"https:\/\/syri.tv\/index.php?rest_route=%2Fwp%2Fv2%2Fcomments&post=5660"}],"version-history":[{"count":3,"href":"https:\/\/syri.tv\/index.php?rest_route=\/wp\/v2\/posts\/5660\/revisions"}],"predecessor-version":[{"id":5667,"href":"https:\/\/syri.tv\/index.php?rest_route=\/wp\/v2\/posts\/5660\/revisions\/5667"}],"wp:featuredmedia":[{"embeddable":true,"href":"https:\/\/syri.tv\/index.php?rest_route=\/wp\/v2\/media\/5661"}],"wp:attachment":[{"href":"https:\/\/syri.tv\/index.php?rest_route=%2Fwp%2Fv2%2Fmedia&parent=5660"}],"wp:term":[{"taxonomy":"category","embeddable":true,"href":"https:\/\/syri.tv\/index.php?rest_route=%2Fwp%2Fv2%2Fcategories&post=5660"},{"taxonomy":"post_tag","embeddable":true,"href":"https:\/\/syri.tv\/index.php?rest_route=%2Fwp%2Fv2%2Ftags&post=5660"}],"curies":[{"name":"wp","href":"https:\/\/api.w.org\/{rel}","templated":true}]}}