{"id":5631,"date":"2024-04-03T14:31:45","date_gmt":"2024-04-03T14:31:45","guid":{"rendered":"https:\/\/syri.tv\/?p=5631"},"modified":"2024-04-03T14:31:45","modified_gmt":"2024-04-03T14:31:45","slug":"serbia-po-kryen-spastrim-etnik-ne-lugine-te-presheves-permes-pasivizimit-te-adresave","status":"publish","type":"post","link":"https:\/\/syri.tv\/?p=5631","title":{"rendered":"Serbia po kryen spastrim etnik n\u00eb Lugin\u00eb t\u00eb Preshev\u00ebs, p\u00ebrmes pasivizimit t\u00eb adresave"},"content":{"rendered":"<div dir=\"auto\">Pasivizimi, heqja, fshirja e adresave t\u00eb qytetar\u00ebve shqiptar\u00eb t\u00eb Medvegj\u00ebs, Bujanocit dhe Preshev\u00ebs, do t\u00eb prodhoj\u00eb k\u00ebto efekte tep\u00ebr t\u00eb d\u00ebmshme, si:<\/div>\n<div dir=\"auto\"><\/div>\n<div dir=\"auto\">N\u00ebse, nuk posedoj dokument\u00eb identiteti, at\u00ebher\u00eb jam nj\u00eb shtetas i huaj, por jo i Republik\u00ebs s\u00eb Serbis\u00eb, q\u00eb nuk mund t\u00eb kryej\u00eb asnj\u00eb veprim ligjor.<\/div>\n<div dir=\"auto\"><\/div>\n<div dir=\"auto\">Apo jam ligj\u00ebrisht i pa asnj\u00eb t\u00eb drejte t\u00eb filloj\u00eb, t\u00eb kryej, t\u00eb vazhdoj\u00eb edhe nd\u00ebrmarr veprime ligjore konform standardeve dhe konventave t\u00eb BE-s\u00eb dhe akteve tjera q\u00eb jan\u00eb t\u00eb garantuara edhe me kart\u00ebn\u00a0 OKB-s\u00eb.<\/div>\n<div dir=\"auto\"><\/div>\n<div dir=\"auto\">N\u00ebse, nuk jam shtetas i Serbis\u00eb, nuk mund t\u00eb marr\u00eb asnj\u00eb dokument t\u00eb gjendjes civile t\u00eb identifikimit nga institucionet administrative.<\/div>\n<div dir=\"auto\"><\/div>\n<div dir=\"auto\">Sa m\u00eb pak votues, po paraqiten n\u00eb k\u00ebt\u00eb dekad\u00ebn e fundit, si n\u00eb zgjedhje lokale e ato Parlamentare, n\u00eb ndarjen e buxhetit, etj.<\/div>\n<div dir=\"auto\"><\/div>\n<div dir=\"auto\">N\u00ebse, nuk jam shtetas rezident, at\u00ebher\u00eb si:<\/div>\n<div dir=\"auto\"><\/div>\n<div dir=\"auto\">Humbi vendbanimin (adres\u00ebn),n\u00eb Republik\u00ebs e Serbis\u00eb, humbi t\u00eb drejt\u00ebn t\u00eb kem qasje n\u00eb kujdesin sh\u00ebndet\u00ebsor ose sh\u00ebrbime sociale, humbi t\u00eb drejtat civile,humbi t\u00eb drejt\u00ebn t\u00eb blej\u00eb ose t\u00eb shes pron\u00eb, humbi t\u00eb drejt\u00ebn t\u00eb regjistroj\u00eb, e trashigoj\u00eb pron\u00ebn e luajtshme dhe t\u00eb paluajtshme.<\/div>\n<div dir=\"auto\"><\/div>\n<div dir=\"auto\">Do t\u00eb humbi t\u00eb drejt\u00ebn ta p\u00ebrdit\u00ebsoj\u00eb let\u00ebrnjoftimin, patent shoferin, e pasaport\u00ebn, humbi t\u00eb drejt\u00ebn t\u00eb jem\u00eb i votuar apo t\u00eb votoj\u00eb,nuk mund t\u00eb kryej veprime t\u00eb tjera financiare t\u00eb k\u00ebsaj natyre etj.<\/div>\n<div dir=\"auto\"><\/div>\n<div dir=\"auto\">N\u00ebse, si nj\u00eb qytetar rezultoj pa adres\u00eb fizike, sipas k\u00ebsaj praktike nuk jam rezidenc\u00ebn t\u00eb rregullt n\u00eb Republik\u00ebn e Serbis\u00eb.<\/div>\n<div dir=\"auto\"><\/div>\n<div dir=\"auto\">K\u00ebto jan\u00eb shkelje, cenim, mohim i s\u00eb drejt\u00ebs elementare individuale dhe kolektive t\u00eb neve shqiptar\u00ebve dhe k\u00ebshtu do t\u00eb rrezikojm\u00eb t\u00eb humbasim pronat e tona, sht\u00ebpit\u00eb, tokat.<\/div>\n<div dir=\"auto\"><\/div>\n<div dir=\"auto\">\u00a0Do t\u00eb humbi p\u00ebrdorimin e llogarive bankare, sigurimet sh\u00ebndet\u00ebsore e shoq\u00ebrore q\u00eb kemi paguar deri tani.<\/div>\n<div dir=\"auto\"><\/div>\n<div dir=\"auto\">\u00a0Serbia po zbaton pa zhurm\u00eb dhe krejt n\u00eb heshtje nj\u00eb strategji t\u00eb qart\u00eb dhe me veprime konkrete po arrit t\u00eb shpopulloj\u00eb zytarisht Medvegj\u00ebn, Bujanocin e Preshev\u00ebn.<\/div>\n<div dir=\"auto\"><\/div>\n<div dir=\"auto\">N\u00eb krahin\u00ebn shqiptare t\u00eb mbetur padrejt\u00ebsisht n\u00ebn administrimin e Serbis\u00eb, q\u00eb p\u00ebrfshin Medvegj\u00ebn, Bujanocin dhe Preshev\u00ebn, jemi t\u00eb diskriminuar, pasi po na pasivizohen adresat.<\/div>\n<div dir=\"auto\"><\/div>\n<div dir=\"auto\">\u00a0Ky \u00ebsht\u00eb nj\u00eb pastrim i organizuar shtet\u00ebror etnik.<\/div>\n<div dir=\"auto\"><\/div>\n<div dir=\"auto\">Kjo Krahin\u00eb \u00ebsht\u00eb Rajoni m\u00eb i pazhvilluar dhe m\u00eb i diskriminuar n\u00eb gjith\u00eb Evrop\u00ebn.<\/div>\n<div dir=\"auto\"><\/div>\n<div dir=\"auto\">Mbi t\u00eb gjitha, kjo Krahin\u00eb nuk e ka t\u00eb zgjidhur statusin politik, penges\u00eb e t\u00eb gjitha zhvillimeve.<\/div>\n<div dir=\"auto\"><\/div>\n<div dir=\"auto\">\u00a0\u270d\ufe0f\u00a0 \u00a0Refik HASANI<\/div>\n<div dir=\"auto\"><\/div>\n<div dir=\"auto\">*Autori, p\u00ebrveq\u00eb k\u00ebtij v\u00ebshtrimi ka edhe nj\u00eb punim m\u00eb t\u00eb gj\u00ebr\u00eb, prezentuar n\u00eb konferenc\u00eb shkencore mbi pasivizimin e adresave-si nj\u00eb pastrim Etnik.<\/div>\n","protected":false},"excerpt":{"rendered":"<p>Pasivizimi, heqja, fshirja e adresave t\u00eb qytetar\u00ebve shqiptar\u00eb t\u00eb Medvegj\u00ebs, Bujanocit dhe Preshev\u00ebs, do t\u00eb prodhoj\u00eb k\u00ebto efekte tep\u00ebr t\u00eb d\u00ebmshme, si: N\u00ebse, nuk posedoj dokument\u00eb identiteti, at\u00ebher\u00eb jam nj\u00eb shtetas i huaj, por jo i Republik\u00ebs s\u00eb Serbis\u00eb, q\u00eb nuk mund t\u00eb kryej\u00eb asnj\u00eb veprim ligjor. Apo jam ligj\u00ebrisht i pa asnj\u00eb t\u00eb drejte [&hellip;]<\/p>\n","protected":false},"author":1,"featured_media":5632,"comment_status":"closed","ping_status":"closed","sticky":false,"template":"","format":"standard","meta":{"footnotes":""},"categories":[9],"tags":[],"class_list":{"0":"post-5631","1":"post","2":"type-post","3":"status-publish","4":"format-standard","5":"has-post-thumbnail","7":"category-vendi"},"_links":{"self":[{"href":"https:\/\/syri.tv\/index.php?rest_route=\/wp\/v2\/posts\/5631","targetHints":{"allow":["GET"]}}],"collection":[{"href":"https:\/\/syri.tv\/index.php?rest_route=\/wp\/v2\/posts"}],"about":[{"href":"https:\/\/syri.tv\/index.php?rest_route=\/wp\/v2\/types\/post"}],"author":[{"embeddable":true,"href":"https:\/\/syri.tv\/index.php?rest_route=\/wp\/v2\/users\/1"}],"replies":[{"embeddable":true,"href":"https:\/\/syri.tv\/index.php?rest_route=%2Fwp%2Fv2%2Fcomments&post=5631"}],"version-history":[{"count":1,"href":"https:\/\/syri.tv\/index.php?rest_route=\/wp\/v2\/posts\/5631\/revisions"}],"predecessor-version":[{"id":5633,"href":"https:\/\/syri.tv\/index.php?rest_route=\/wp\/v2\/posts\/5631\/revisions\/5633"}],"wp:featuredmedia":[{"embeddable":true,"href":"https:\/\/syri.tv\/index.php?rest_route=\/wp\/v2\/media\/5632"}],"wp:attachment":[{"href":"https:\/\/syri.tv\/index.php?rest_route=%2Fwp%2Fv2%2Fmedia&parent=5631"}],"wp:term":[{"taxonomy":"category","embeddable":true,"href":"https:\/\/syri.tv\/index.php?rest_route=%2Fwp%2Fv2%2Fcategories&post=5631"},{"taxonomy":"post_tag","embeddable":true,"href":"https:\/\/syri.tv\/index.php?rest_route=%2Fwp%2Fv2%2Ftags&post=5631"}],"curies":[{"name":"wp","href":"https:\/\/api.w.org\/{rel}","templated":true}]}}