{"id":5586,"date":"2024-03-18T11:21:14","date_gmt":"2024-03-18T11:21:14","guid":{"rendered":"https:\/\/syri.tv\/?p=5586"},"modified":"2024-03-18T11:21:14","modified_gmt":"2024-03-18T11:21:14","slug":"perse-escobar-dhe-lajcak-deri-me-tani-nuk-kane-takuar-perfaqesuesit-e-kosoves-lindore","status":"publish","type":"post","link":"https:\/\/syri.tv\/?p=5586","title":{"rendered":"P\u00ebrse Escobar dhe Laj\u00e7ak deri m\u00eb tani nuk kan\u00eb takuar p\u00ebrfaqesuesit e Kosov\u00ebs Lindore"},"content":{"rendered":"<div class=\"xdj266r x11i5rnm xat24cr x1mh8g0r x1vvkbs x126k92a\">\n<div dir=\"auto\">Shpreh keqardhje q\u00eb z.Gabriel Escobar dhe z.Miroslav Laj\u00e7ak, nuk kan\u00eb takuar ende t\u00eb zgjedhurit e shqiptar\u00ebve n\u00eb Republik\u00ebn e Serbis\u00eb.<\/div>\n<\/div>\n<div class=\"x11i5rnm xat24cr x1mh8g0r x1vvkbs xtlvy1s x126k92a\">\n<div dir=\"auto\">I kuptuesh\u00ebm takimi i fundit me p\u00ebrfaq\u00ebsuesit serb\u00eb t\u00eb veriut t\u00eb Kosov\u00ebs, duke i marr\u00eb parasysh zhvillmet. Por e pakuptueshme mungesa e takimeve me t\u00eb zgjedhurit e shqiptar\u00ebve t\u00eb Lugin\u00ebs s\u00eb Preshev\u00ebs.<\/div>\n<\/div>\n<div class=\"x11i5rnm xat24cr x1mh8g0r x1vvkbs xtlvy1s x126k92a\">\n<div dir=\"auto\">Kjo qasje madje edhe mund t\u00eb kontribuoj\u00eb n\u00eb d\u00ebrgimin e mesazheve t\u00eb gabuara p\u00ebr qarqet q\u00eb po nxisin destabilizimin e gjendjes s\u00eb siguris\u00eb dhe stabilitetit n\u00eb Ballkanin Per\u00ebndimor.<\/div>\n<\/div>\n<div class=\"x11i5rnm xat24cr x1mh8g0r x1vvkbs xtlvy1s x126k92a\">\n<div dir=\"auto\">Shqiptar\u00ebt n\u00eb Lugin\u00ebn e Preshev\u00ebs n\u00eb ve\u00e7anti dhe ata n\u00eb Serbi n\u00eb p\u00ebrgjith\u00ebsi, si komunitet joshumic\u00eb, mbeten t\u00eb diskriminuar dhe t\u00eb shtypur. K\u00ebt\u00eb e konfirmojn\u00eb me dekada edhe raportet e ndryshme zyrtare t\u00eb instancave t\u00eb Bashkimit Evropian dhe t\u00eb administratave respektive amerikane.<\/div>\n<\/div>\n<div class=\"x11i5rnm xat24cr x1mh8g0r x1vvkbs xtlvy1s x126k92a\">\n<div dir=\"auto\">Lugina e Preshev\u00ebs si rajon dhe shqiptar\u00ebt n\u00eb Serbi p\u00ebrballen me shum\u00eb probleme p\u00ebr shkak t\u00eb mosnormalizimit t\u00eb marr\u00ebdh\u00ebnieve Kosov\u00eb-Serbi.<\/div>\n<\/div>\n<div class=\"x11i5rnm xat24cr x1mh8g0r x1vvkbs xtlvy1s x126k92a\">\n<div dir=\"auto\">Shum\u00eb t\u00eb diplomuar\u00ebve shqiptar\u00eb n\u00eb universitetet e Kosov\u00ebs, shtetas t\u00eb Republik\u00ebs s\u00eb Serbis\u00eb, nuk u njihen diplomat p\u00ebr rreth 16 vite me radh\u00eb. Ky \u00ebsht\u00eb vet\u00ebm nj\u00ebri prej problemeve q\u00eb nd\u00ebrlidhet me raportet Kosov\u00eb-Serbi. Shum\u00eb \u00e7\u00ebshtje q\u00eb trajtohen n\u00eb dialogun Kosov\u00eb-Serbi kan\u00eb t\u00eb b\u00ebjn\u00eb drejtp\u00ebrdrejt\u00eb me Lugin\u00ebn e Preshev\u00ebs si rajon, e me shqiptar\u00ebt e Serbis\u00eb n\u00eb p\u00ebrgjith\u00ebsi.<\/div>\n<\/div>\n<div class=\"x11i5rnm xat24cr x1mh8g0r x1vvkbs xtlvy1s x126k92a\">\n<div dir=\"auto\">Prandaj \u00ebsht\u00eb kund\u00ebrproduktive q\u00eb n\u00eb nj\u00eb proces normalizimi t\u00eb raporteve midis Kosov\u00ebs dhe Serbis\u00eb t\u00eb p\u00ebrfshihet \u00e7\u00ebshtja e komunitetit joshumic\u00eb serb t\u00eb Kosov\u00ebs dhe jo edhe \u00e7\u00ebshtja e komunitetit joshumic\u00eb shqiptar n\u00eb Serbi.<\/div>\n<\/div>\n<div class=\"x11i5rnm xat24cr x1mh8g0r x1vvkbs xtlvy1s x126k92a\">\n<div dir=\"auto\">Harmonizimi i sot\u00ebm i standardeve t\u00eb t\u00eb drejtave t\u00eb komuniteteve joshumic\u00eb midis dy vendeve dialoguese \u00ebsht\u00eb n\u00eb interes t\u00eb paqes s\u00eb nes\u00ebrme midis tyre. E jo vet\u00ebm.<\/div>\n<\/div>\n<div class=\"x11i5rnm xat24cr x1mh8g0r x1vvkbs xtlvy1s x126k92a\">\n<div dir=\"auto\">Prandaj, z.Escobar dhe z.Laj\u00e7ak, ju ftoj q\u00eb t\u00eb takoni edhe t\u00eb zgjedhurit e shqiptar\u00ebve n\u00eb Serbi t\u00eb pakt\u00ebn p\u00ebr t\u00eb na d\u00ebgjuar.<\/div>\n<\/div>\n","protected":false},"excerpt":{"rendered":"<p>Shpreh keqardhje q\u00eb z.Gabriel Escobar dhe z.Miroslav Laj\u00e7ak, nuk kan\u00eb takuar ende t\u00eb zgjedhurit e shqiptar\u00ebve n\u00eb Republik\u00ebn e Serbis\u00eb. I kuptuesh\u00ebm takimi i fundit me p\u00ebrfaq\u00ebsuesit serb\u00eb t\u00eb veriut t\u00eb Kosov\u00ebs, duke i marr\u00eb parasysh zhvillmet. Por e pakuptueshme mungesa e takimeve me t\u00eb zgjedhurit e shqiptar\u00ebve t\u00eb Lugin\u00ebs s\u00eb Preshev\u00ebs. Kjo qasje madje [&hellip;]<\/p>\n","protected":false},"author":1,"featured_media":5589,"comment_status":"closed","ping_status":"closed","sticky":false,"template":"","format":"standard","meta":{"footnotes":""},"categories":[9],"tags":[],"class_list":{"0":"post-5586","1":"post","2":"type-post","3":"status-publish","4":"format-standard","5":"has-post-thumbnail","7":"category-vendi"},"_links":{"self":[{"href":"https:\/\/syri.tv\/index.php?rest_route=\/wp\/v2\/posts\/5586","targetHints":{"allow":["GET"]}}],"collection":[{"href":"https:\/\/syri.tv\/index.php?rest_route=\/wp\/v2\/posts"}],"about":[{"href":"https:\/\/syri.tv\/index.php?rest_route=\/wp\/v2\/types\/post"}],"author":[{"embeddable":true,"href":"https:\/\/syri.tv\/index.php?rest_route=\/wp\/v2\/users\/1"}],"replies":[{"embeddable":true,"href":"https:\/\/syri.tv\/index.php?rest_route=%2Fwp%2Fv2%2Fcomments&post=5586"}],"version-history":[{"count":1,"href":"https:\/\/syri.tv\/index.php?rest_route=\/wp\/v2\/posts\/5586\/revisions"}],"predecessor-version":[{"id":5590,"href":"https:\/\/syri.tv\/index.php?rest_route=\/wp\/v2\/posts\/5586\/revisions\/5590"}],"wp:featuredmedia":[{"embeddable":true,"href":"https:\/\/syri.tv\/index.php?rest_route=\/wp\/v2\/media\/5589"}],"wp:attachment":[{"href":"https:\/\/syri.tv\/index.php?rest_route=%2Fwp%2Fv2%2Fmedia&parent=5586"}],"wp:term":[{"taxonomy":"category","embeddable":true,"href":"https:\/\/syri.tv\/index.php?rest_route=%2Fwp%2Fv2%2Fcategories&post=5586"},{"taxonomy":"post_tag","embeddable":true,"href":"https:\/\/syri.tv\/index.php?rest_route=%2Fwp%2Fv2%2Ftags&post=5586"}],"curies":[{"name":"wp","href":"https:\/\/api.w.org\/{rel}","templated":true}]}}