{"id":5368,"date":"2024-01-01T10:01:25","date_gmt":"2024-01-01T10:01:25","guid":{"rendered":"https:\/\/syri.tv\/?p=5368"},"modified":"2024-01-01T10:01:25","modified_gmt":"2024-01-01T10:01:25","slug":"ne-oren-800-pa-viza-drejt-evropes-u-nis-aeroplani-i-pare","status":"publish","type":"post","link":"https:\/\/syri.tv\/?p=5368","title":{"rendered":"N\u00eb or\u00ebn 8:00 pa viza drejt Evrop\u00ebs u nis aeroplani i par\u00eb"},"content":{"rendered":"<p>Fluturimi i par\u00eb i kosovar\u00ebve pa viza u b\u00eb sot n\u00eb or\u00ebn 8:00 t\u00eb m\u00ebngjesit. Derisa nj\u00eb fluturim tjet\u00ebr i ve\u00e7ant\u00eb do t\u00eb jet\u00eb me fillim nga ora 10:30.Kjo pasi Qeveria e Kosov\u00ebs n\u00eb kuad\u00ebr t\u00eb fushat\u00ebs informuese e ka organizuar udh\u00ebtimin e par\u00eb pa viza p\u00ebr fituesit me fat nga kuizi i BE.<\/p>\n<p>Kujtojm\u00eb se Komisioni Evropian ka vler\u00ebsuar q\u00eb nga korriku i vitit 2018, se Kosova i ka p\u00ebrmbushur t\u00eb gjitha standardet e Udh\u00ebrr\u00ebfyesit p\u00ebr Liberalizimin e Vizave. Por, p\u00ebr shkaqe politike dhe reflektime t\u00eb brendshme, vendimi ishte shtyr\u00eb.<\/p>\n<p>Vendimi p\u00ebr liberalizimin e vizave p\u00ebr Kosov\u00ebn u botua t\u00eb mart\u00ebn e 25 prillit n\u00eb Gazet\u00ebn Zyrtare t\u00eb Bashkimit Evropian. Me k\u00ebt\u00eb veprim u p\u00ebrmbyll edhe formalisht i gjith\u00eb procesi i liberalizimit t\u00eb vizave p\u00ebr qytetar\u00ebt e Kosov\u00ebs. Vendimi pritej t\u00eb hyj\u00eb n\u00eb fuqi m\u00eb 1 janar t\u00eb vitit 2024, p\u00ebr t\u00eb\u00a0 gjith\u00eb qytetar\u00ebt e Kosov\u00ebs q\u00eb posedojn\u00eb pasaporta biometrike t\u00eb l\u00ebshuara nga shteti i Kosov\u00ebs.<\/p>\n<p>Komisioni Evropian n\u00eb vendimin p\u00ebr liberalizim kishte sqaruar se bart\u00ebsit e pasaportave t\u00eb Kosov\u00ebs nuk do t\u00eb mund t\u00eb udh\u00ebtojn\u00eb n\u00eb Spanj\u00eb, vend q\u00eb nuk e njeh as pavar\u00ebsin\u00eb e Kosov\u00ebs, as pasaportat e saj.<\/p>\n<p>Shtetet q\u00eb p\u00ebrfshihen n\u00eb vendimin p\u00ebr liberalizimin e vizave p\u00ebr kosovar\u00ebt jan\u00eb: Austria, Belgjika, Bullgaria, Kroacia, Qipro, Republika \u00c7eke, Danimarka, Estonia, Finlanda, Franca, Gjermania, Greqia, Hungaria, Italia, Letonia, Lituania, Luksemburgu, Malta, Holanda, Polonia, Portugalia, Rumania, Sllovakia, Sllovenia, Suedia, Zvicra, Norvegjia, Lihtensteini dhe Islanda.<\/p>\n","protected":false},"excerpt":{"rendered":"<p>Fluturimi i par\u00eb i kosovar\u00ebve pa viza u b\u00eb sot n\u00eb or\u00ebn 8:00 t\u00eb m\u00ebngjesit. Derisa nj\u00eb fluturim tjet\u00ebr i ve\u00e7ant\u00eb do t\u00eb jet\u00eb me fillim nga ora 10:30.Kjo pasi Qeveria e Kosov\u00ebs n\u00eb kuad\u00ebr t\u00eb fushat\u00ebs informuese e ka organizuar udh\u00ebtimin e par\u00eb pa viza p\u00ebr fituesit me fat nga kuizi i BE. Kujtojm\u00eb [&hellip;]<\/p>\n","protected":false},"author":1,"featured_media":5369,"comment_status":"closed","ping_status":"closed","sticky":false,"template":"","format":"standard","meta":{"footnotes":""},"categories":[9],"tags":[],"class_list":{"0":"post-5368","1":"post","2":"type-post","3":"status-publish","4":"format-standard","5":"has-post-thumbnail","7":"category-vendi"},"_links":{"self":[{"href":"https:\/\/syri.tv\/index.php?rest_route=\/wp\/v2\/posts\/5368","targetHints":{"allow":["GET"]}}],"collection":[{"href":"https:\/\/syri.tv\/index.php?rest_route=\/wp\/v2\/posts"}],"about":[{"href":"https:\/\/syri.tv\/index.php?rest_route=\/wp\/v2\/types\/post"}],"author":[{"embeddable":true,"href":"https:\/\/syri.tv\/index.php?rest_route=\/wp\/v2\/users\/1"}],"replies":[{"embeddable":true,"href":"https:\/\/syri.tv\/index.php?rest_route=%2Fwp%2Fv2%2Fcomments&post=5368"}],"version-history":[{"count":1,"href":"https:\/\/syri.tv\/index.php?rest_route=\/wp\/v2\/posts\/5368\/revisions"}],"predecessor-version":[{"id":5370,"href":"https:\/\/syri.tv\/index.php?rest_route=\/wp\/v2\/posts\/5368\/revisions\/5370"}],"wp:featuredmedia":[{"embeddable":true,"href":"https:\/\/syri.tv\/index.php?rest_route=\/wp\/v2\/media\/5369"}],"wp:attachment":[{"href":"https:\/\/syri.tv\/index.php?rest_route=%2Fwp%2Fv2%2Fmedia&parent=5368"}],"wp:term":[{"taxonomy":"category","embeddable":true,"href":"https:\/\/syri.tv\/index.php?rest_route=%2Fwp%2Fv2%2Fcategories&post=5368"},{"taxonomy":"post_tag","embeddable":true,"href":"https:\/\/syri.tv\/index.php?rest_route=%2Fwp%2Fv2%2Ftags&post=5368"}],"curies":[{"name":"wp","href":"https:\/\/api.w.org\/{rel}","templated":true}]}}